{"id":2479,"date":"2014-11-18T09:16:18","date_gmt":"2014-11-18T05:16:18","guid":{"rendered":"http:\/\/college-les-tamarins.ac-reunion.fr\/?p=2479"},"modified":"2014-11-18T10:38:36","modified_gmt":"2014-11-18T06:38:36","slug":"classe-orchestre-un-quator-au-tamarins","status":"publish","type":"post","link":"https:\/\/etab.ac-reunion.fr\/clg-tamarins\/classe-orchestre-un-quator-au-tamarins\/","title":{"rendered":"Classe Orchestre: Un Quator au Tamarins"},"content":{"rendered":"<h1>Un Quatuor au Tamarins<\/h1>\n<p>Dimanche 02 novembre (dernier jour des vacances scolaires), les \u00e9l\u00e8ves de l\u2019orchestre de 4\u00e8me du coll\u00e8ge ont eu l\u2019immense privil\u00e8ge de participer \u00e0 un stage sous la tutelle des virtuoses du quatuor de cuivre Epsilon. Au cours de cette journ\u00e9e, les \u00e9l\u00e8ves ont pu b\u00e9n\u00e9ficier des conseils avis\u00e9s de ces intervenants de prestige dont voici les \u00a0r\u00e9f\u00e9rences\u00a0:<\/p>\n<h2>\u00a0Quatuor Epsilon\u00a0:<\/h2>\n<p><strong>\u00a0Franck Pulcini\u00a0:<\/strong> Trompette solo de l&rsquo;Orchestre de Baden-Baden \u00a0(Allemagne). Laur\u00e9at des Concours Internationaux de Toulon, Prague, Tokyo, Narbonne, Tallahassee et Osaka. Professeur au p\u00f4le sup\u00e9rieur de Bordeaux.<\/p>\n<p><strong>\u00a0Bruno Flahou\u00a0:<\/strong> Trombone solo de l&rsquo;Orchestre de l&rsquo;Op\u00e9ra de Paris Bastille. Professeur au conservatoire du 12eme arrondissement. Professeur au p\u00f4le sup\u00e9rieur de Bordeaux.<\/p>\n<p><strong>\u00a0Jean-Pierre C\u00e9n\u00e9d\u00e8se\u00a0<\/strong>: Cor Solo \u00e0 l&rsquo;Op\u00e9ra de Marseille. Laur\u00e9at des Concours internationaux de Narbonne et Osaka. Professeur certifi\u00e9 au CNR de Toulon.<\/p>\n<p><strong>\u00a0Thierry THIBAULT\u00a0:<\/strong> Tuba, directeur du CRD de Valenciennes. Compositeur et arrangeur.<\/p>\n<p>Un grand merci \u00e0 tous pour leur investissement aupr\u00e8s des \u00e9l\u00e8ves de Lork\u00e8s Tamarins, sans oublier Mme Guidat de la FMR ainsi que Arnaud Denjean professeur de trombone au CRR de la R\u00e9union et coordonnateur du projet de stage qui \u00e9taient \u00e9galement pr\u00e9sents.<\/p>\n<p>&nbsp;<\/p>\n<div class=\"su-custom-gallery su-custom-gallery-align-left su-custom-gallery-title-never su-lightbox-gallery\"><div class=\"su-custom-gallery-slide\" style=\"width:150px;height:150px\"><a href=\"https:\/\/etab.ac-reunion.fr\/clg-tamarins\/wp-content\/uploads\/sites\/56\/2014\/11\/ART_ORCH_epsilon_1.jpg\" title=\"ART_ORCH_epsilon_1\"><img loading=\"lazy\" decoding=\"async\" src=\"https:\/\/etab.ac-reunion.fr\/clg-tamarins\/wp-content\/uploads\/sites\/56\/2014\/11\/ART_ORCH_epsilon_1.jpg\" alt=\"ART_ORCH_epsilon_1\" width=\"150\" height=\"150\" \/><span class=\"su-custom-gallery-title\">ART_ORCH_epsilon_1<\/span><\/a><\/div><div class=\"su-custom-gallery-slide\" style=\"width:150px;height:150px\"><a href=\"https:\/\/etab.ac-reunion.fr\/clg-tamarins\/wp-content\/uploads\/sites\/56\/2014\/11\/ART_ORCH_epsilon_2.jpg\" title=\"ART_ORCH_epsilon_2\"><img loading=\"lazy\" decoding=\"async\" src=\"https:\/\/etab.ac-reunion.fr\/clg-tamarins\/wp-content\/uploads\/sites\/56\/2014\/11\/ART_ORCH_epsilon_2.jpg\" alt=\"ART_ORCH_epsilon_2\" width=\"150\" height=\"150\" \/><span class=\"su-custom-gallery-title\">ART_ORCH_epsilon_2<\/span><\/a><\/div><div class=\"su-clear\"><\/div><\/div>\n","protected":false},"excerpt":{"rendered":"<p>Un Quatuor au Tamarins Dimanche 02 novembre (dernier jour des vacances scolaires), les \u00e9l\u00e8ves de l\u2019orchestre de 4\u00e8me du coll\u00e8ge ont eu l\u2019immense privil\u00e8ge de participer \u00e0 un stage sous la tutelle des virtuoses du quatuor de cuivre Epsilon. Au cours de cette journ\u00e9e, les \u00e9l\u00e8ves ont pu b\u00e9n\u00e9ficier des\u2026<\/p>\n<p class=\"continue-reading-button\"> <a class=\"continue-reading-link\" href=\"https:\/\/etab.ac-reunion.fr\/clg-tamarins\/classe-orchestre-un-quator-au-tamarins\/\">Continuer \u00e0 lire<i class=\"crycon-right-dir\"><\/i><\/a><\/p>\n","protected":false},"author":3449,"featured_media":2484,"comment_status":"closed","ping_status":"closed","sticky":false,"template":"","format":"standard","meta":{"footnotes":""},"categories":[11],"tags":[51,121],"class_list":["post-2479","post","type-post","status-publish","format-standard","has-post-thumbnail","hentry","category-optionorchestre","tag-concert","tag-orchestre"],"_links":{"self":[{"href":"https:\/\/etab.ac-reunion.fr\/clg-tamarins\/wp-json\/wp\/v2\/posts\/2479","targetHints":{"allow":["GET"]}}],"collection":[{"href":"https:\/\/etab.ac-reunion.fr\/clg-tamarins\/wp-json\/wp\/v2\/posts"}],"about":[{"href":"https:\/\/etab.ac-reunion.fr\/clg-tamarins\/wp-json\/wp\/v2\/types\/post"}],"author":[{"embeddable":true,"href":"https:\/\/etab.ac-reunion.fr\/clg-tamarins\/wp-json\/wp\/v2\/users\/3449"}],"replies":[{"embeddable":true,"href":"https:\/\/etab.ac-reunion.fr\/clg-tamarins\/wp-json\/wp\/v2\/comments?post=2479"}],"version-history":[{"count":6,"href":"https:\/\/etab.ac-reunion.fr\/clg-tamarins\/wp-json\/wp\/v2\/posts\/2479\/revisions"}],"predecessor-version":[{"id":2492,"href":"https:\/\/etab.ac-reunion.fr\/clg-tamarins\/wp-json\/wp\/v2\/posts\/2479\/revisions\/2492"}],"wp:featuredmedia":[{"embeddable":true,"href":"https:\/\/etab.ac-reunion.fr\/clg-tamarins\/wp-json\/wp\/v2\/media\/2484"}],"wp:attachment":[{"href":"https:\/\/etab.ac-reunion.fr\/clg-tamarins\/wp-json\/wp\/v2\/media?parent=2479"}],"wp:term":[{"taxonomy":"category","embeddable":true,"href":"https:\/\/etab.ac-reunion.fr\/clg-tamarins\/wp-json\/wp\/v2\/categories?post=2479"},{"taxonomy":"post_tag","embeddable":true,"href":"https:\/\/etab.ac-reunion.fr\/clg-tamarins\/wp-json\/wp\/v2\/tags?post=2479"}],"curies":[{"name":"wp","href":"https:\/\/api.w.org\/{rel}","templated":true}]}}