{"id":2649,"date":"2014-12-18T15:07:00","date_gmt":"2014-12-18T11:07:00","guid":{"rendered":"http:\/\/college-les-tamarins.ac-reunion.fr\/?p=2649"},"modified":"2014-12-19T14:28:11","modified_gmt":"2014-12-19T10:28:11","slug":"classe-ulis-casse-tete-pour-les-vacances","status":"publish","type":"post","link":"https:\/\/etab.ac-reunion.fr\/clg-tamarins\/classe-ulis-casse-tete-pour-les-vacances\/","title":{"rendered":"Classe ULIS: CASSE-TETE POUR LES VACANCES"},"content":{"rendered":"<p>Si vous vous ennuyez pendant les vacances, s&rsquo;il y a un cyclone, si vous aimez les devinettes, \u2026.<\/p>\n<p>Vous \u00eates servis par les \u00e9l\u00e8ves d&rsquo;ULIS qui ont r\u00e9dig\u00e9 des petits textes cachant un nombre secret.<\/p>\n<p>Les r\u00e9ponses seront affich\u00e9es dans la salle B5 \u00e0 la rentr\u00e9e. Venez les v\u00e9rifier, vous \u00eates les bienvenus\u00a0!<\/p>\n<p>Vous pouvez aussi cr\u00e9er des devinettes et nous les faire parvenir \u00e0 la rentr\u00e9e.<\/p>\n<p>Bonnes vacances \u00e0 tous\u00a0!<\/p>\n<h3>Mme El-Khaldouni<\/h3>\n<hr \/>\n<p align=\"CENTER\"><span style=\"color: #3333ff\"><span style=\"font-family: Arial, sans-serif\"><span style=\"font-size: x-large\">Les nombres secrets de <i>Wilson<\/i><\/span><\/span><\/span><\/p>\n<ul>\n<li>\n<p style=\"text-align: center\"><span style=\"color: #ff66ff\"><span style=\"font-family: Arial, sans-serif\">Je suis compris entre 60 et 100.<\/span><\/span><\/p>\n<\/li>\n<li style=\"text-align: center\"><span style=\"color: #ff66ff\"><span style=\"font-family: Arial, sans-serif\">Je suis plus petit que 80.<\/span><\/span><\/li>\n<li style=\"text-align: center\"><span style=\"color: #ff66ff\"><span style=\"font-family: Arial, sans-serif\">Je suis plus grand que 65.<\/span><\/span><\/li>\n<li style=\"text-align: center\"><span style=\"color: #ff66ff\"><span style=\"font-family: Arial, sans-serif\">Je suis plus petit que 69.<\/span><\/span><\/li>\n<li style=\"text-align: center\"><span style=\"color: #ff66ff\"><span style=\"font-family: Arial, sans-serif\">Je suis plus grand que 67.<\/span><\/span><\/li>\n<\/ul>\n<p style=\"text-align: center\"><span style=\"color: #ff420e\"><span style=\"font-family: Arial, sans-serif\"><span style=\"font-size: large\"><span style=\"color: #008000\">Qui suis- je<\/span>\u00a0?<\/span><\/span><\/span><\/p>\n<p style=\"text-align: center\"><span style=\"color: #000066\"><span style=\"font-family: Arial, sans-serif\">. Je suis compris entre 40 et 60.<\/span><\/span><\/p>\n<p style=\"text-align: center\"><span style=\"color: #000066\"><span style=\"font-family: Arial, sans-serif\">. Je suis plus petit que 50.<\/span><\/span><\/p>\n<p style=\"text-align: center\"><span style=\"color: #000066\"><span style=\"font-family: Arial, sans-serif\">. Je suis plus grand que 41.<\/span><\/span><\/p>\n<p style=\"text-align: center\"><span style=\"color: #000066\"><span style=\"font-family: Arial, sans-serif\">. Je suis plus petit que 45.<\/span><\/span><\/p>\n<p style=\"text-align: center\"><span style=\"color: #000066\"><span style=\"font-family: Arial, sans-serif\">. Je suis plus grand que 43.<\/span><\/span><\/p>\n<p style=\"text-align: center\"><span style=\"color: #000066\"> <span style=\"font-family: Arial, sans-serif\">Qui suis-je\u00a0?<\/span><\/span><\/p>\n<p align=\"CENTER\"><span style=\"font-family: Arial, sans-serif\"><i><b>Wilson<\/b><\/i><\/span><\/p>\n<hr \/>\n<p style=\"text-align: center\" align=\"CENTER\"><span style=\"font-size: large\"><b>Le nombre secret de <i>Nasser<\/i><\/b><\/span><\/p>\n<p style=\"text-align: center\"><span style=\"font-size: large\">1) <\/span><span style=\"font-size: large\">Je suis plus petit que 30.<\/span><\/p>\n<p style=\"text-align: center\"><span style=\"font-size: large\">2) Je suis plus petit que 20.<\/span><\/p>\n<p style=\"text-align: center\"><span style=\"font-size: large\">3) Je suis plus grand que 1.<\/span><\/p>\n<p style=\"text-align: center\"><span style=\"font-size: large\">4) Je suis plus petit que 11.<\/span><\/p>\n<p style=\"text-align: center\"><span style=\"font-size: large\">5) Je suis compris entre 8 et 10.<\/span><\/p>\n<p style=\"text-align: center\"><span style=\"font-size: large\">Qui suis je\u00a0? <\/span><\/p>\n<p style=\"text-align: center\" align=\"CENTER\"><span style=\"font-size: large\"><i><b>Nasser<\/b><\/i><\/span><\/p>\n<hr \/>\n<p style=\"text-align: center\" align=\"CENTER\"><span style=\"font-size: large\"><b>Les nombres secrets de <i>Vincent<\/i><\/b><\/span><\/p>\n<p style=\"text-align: center\" align=\"LEFT\"><span style=\"font-size: large\">1) Je suis compris entre 40et50.<\/span><\/p>\n<p style=\"text-align: center\" align=\"LEFT\"><span style=\"font-size: large\">2) Je suis plus petit que 46.<\/span><\/p>\n<p style=\"text-align: center\" align=\"LEFT\"><span style=\"font-size: large\">3) Je suis plus grand que 40.<\/span><\/p>\n<p style=\"text-align: center\" align=\"LEFT\"><span style=\"font-size: large\">4) Je suis plus petit que 43.<\/span><\/p>\n<p style=\"text-align: center\" align=\"LEFT\"><span style=\"font-size: large\">5) Je suis plus grand que 41.<\/span><\/p>\n<p style=\"text-align: center\" align=\"LEFT\"><span style=\"font-size: large\">Qui suis je\u00a0?<\/span><\/p>\n<p style=\"text-align: center\"><span style=\"font-size: large\">1) Je suis compris entre 20 et 40 <\/span><\/p>\n<p style=\"text-align: center\"><span style=\"font-size: large\">2) Je suis plus petit que 35<\/span><\/p>\n<p style=\"text-align: center\"><span style=\"font-size: large\">3) Je suis grand que 27 <\/span><\/p>\n<p style=\"text-align: center\"><span style=\"font-size: large\">4) Je suis plus petit que 31<\/span><\/p>\n<p style=\"text-align: center\"><span style=\"font-size: large\">5) Je suis plus grand que 29<\/span><\/p>\n<p style=\"text-align: center\"><span style=\"font-size: large\">6) Je suis compris entre 0 et 10<\/span><\/p>\n<p style=\"text-align: center\"><span style=\"font-size: large\">7) Je suis plus petit que 5<\/span><\/p>\n<p style=\"text-align: center\"><span style=\"font-size: large\">8) Je suis plus petit grand que 0 mais plus petit que 2 <\/span><\/p>\n<p style=\"text-align: center\"><span style=\"font-size: large\">Qui suis-je\u00a0?<\/span><\/p>\n<p style=\"text-align: center\" align=\"CENTER\"><span style=\"font-size: large\"><i><b>Vincent<\/b><\/i><\/span><\/p>\n<p>&nbsp;<\/p>\n","protected":false},"excerpt":{"rendered":"<p>Si vous vous ennuyez pendant les vacances, s&rsquo;il y a un cyclone, si vous aimez les devinettes, \u2026. Vous \u00eates servis par les \u00e9l\u00e8ves d&rsquo;ULIS qui ont r\u00e9dig\u00e9 des petits textes cachant un nombre secret. Les r\u00e9ponses seront affich\u00e9es dans la salle B5 \u00e0 la rentr\u00e9e. Venez les v\u00e9rifier, vous\u2026<\/p>\n<p class=\"continue-reading-button\"> <a class=\"continue-reading-link\" href=\"https:\/\/etab.ac-reunion.fr\/clg-tamarins\/classe-ulis-casse-tete-pour-les-vacances\/\">Continuer \u00e0 lire<i class=\"crycon-right-dir\"><\/i><\/a><\/p>\n","protected":false},"author":912,"featured_media":0,"comment_status":"closed","ping_status":"closed","sticky":false,"template":"","format":"standard","meta":{"footnotes":""},"categories":[169],"tags":[174,170],"class_list":["post-2649","post","type-post","status-publish","format-standard","hentry","category-classe-ulis","tag-nombres-secrets","tag-ulis"],"_links":{"self":[{"href":"https:\/\/etab.ac-reunion.fr\/clg-tamarins\/wp-json\/wp\/v2\/posts\/2649","targetHints":{"allow":["GET"]}}],"collection":[{"href":"https:\/\/etab.ac-reunion.fr\/clg-tamarins\/wp-json\/wp\/v2\/posts"}],"about":[{"href":"https:\/\/etab.ac-reunion.fr\/clg-tamarins\/wp-json\/wp\/v2\/types\/post"}],"author":[{"embeddable":true,"href":"https:\/\/etab.ac-reunion.fr\/clg-tamarins\/wp-json\/wp\/v2\/users\/912"}],"replies":[{"embeddable":true,"href":"https:\/\/etab.ac-reunion.fr\/clg-tamarins\/wp-json\/wp\/v2\/comments?post=2649"}],"version-history":[{"count":1,"href":"https:\/\/etab.ac-reunion.fr\/clg-tamarins\/wp-json\/wp\/v2\/posts\/2649\/revisions"}],"predecessor-version":[{"id":2650,"href":"https:\/\/etab.ac-reunion.fr\/clg-tamarins\/wp-json\/wp\/v2\/posts\/2649\/revisions\/2650"}],"wp:attachment":[{"href":"https:\/\/etab.ac-reunion.fr\/clg-tamarins\/wp-json\/wp\/v2\/media?parent=2649"}],"wp:term":[{"taxonomy":"category","embeddable":true,"href":"https:\/\/etab.ac-reunion.fr\/clg-tamarins\/wp-json\/wp\/v2\/categories?post=2649"},{"taxonomy":"post_tag","embeddable":true,"href":"https:\/\/etab.ac-reunion.fr\/clg-tamarins\/wp-json\/wp\/v2\/tags?post=2649"}],"curies":[{"name":"wp","href":"https:\/\/api.w.org\/{rel}","templated":true}]}}