{"id":2683,"date":"2014-12-19T14:26:55","date_gmt":"2014-12-19T10:26:55","guid":{"rendered":"http:\/\/college-les-tamarins.ac-reunion.fr\/?p=2683"},"modified":"2015-04-01T17:10:42","modified_gmt":"2015-04-01T13:10:42","slug":"la-chorale-a-lilet-de-marla","status":"publish","type":"post","link":"https:\/\/etab.ac-reunion.fr\/clg-tamarins\/la-chorale-a-lilet-de-marla\/","title":{"rendered":"LA CHORALE A L&rsquo;ILET DE MARLA"},"content":{"rendered":"<p>Les 1er et 2 juillet 2014, les \u00e9l\u00e8ves de la chorale accompagn\u00e9s de Madame Cadoret, de Madame Faconnier et de Monsieur Hardy ont pass\u00e9 un s\u00e9jour \u00e0 Marla. La chorale est all\u00e9e \u00e0 la rencontre des \u00e9l\u00e8ves de l&rsquo;\u00e9cole de Marla et leur a interpr\u00e9t\u00e9 un set de chants du monde. A leur tout, les \u00e9l\u00e8ves de Marla ont pr\u00e9sent\u00e9 la vie de leur \u00eelet ainsi que les diff\u00e9rentes activit\u00e9s men\u00e9es durant leur ann\u00e9e scolaire. Ces instants partag\u00e9s avec les \u00e9l\u00e8ves de Marla ont \u00e9t\u00e9 \u00e9mouvants, attendrissants et enrichissants. La chorale s&rsquo;est \u00e9galement produite le soir au snack bar chez Jimmy, ambiance assur\u00e9e et spectateurs conquis !<br \/>\nApr\u00e8s une journ\u00e9e tr\u00e8s appr\u00e9ci\u00e9e de tous et un dernier passage \u00e0 l&rsquo;\u00e9cole dans la matin\u00e9e, les \u00e9l\u00e8ves ont fait l&rsquo;ascension du col du Ta\u00efbit et ont profit\u00e9 de cette vue magnifique sur le cirque de Mafate et le cirque de Cilaos. La descente sur Cilaos s&rsquo;est faite dans la bonne humeur et sans douleur !<br \/>\nCe s\u00e9jour a permis de terminer l&rsquo;ann\u00e9e sur une note musicale et amicale. A la rentr\u00e9e, la projection du film Ot\u00e9 Marla ! a permis aux \u00e9l\u00e8ves de se retrouver et de se rem\u00e9morer les bons souvenirs de ce s\u00e9jour dans Mafate.<\/p>\n<h3>Mme Cadoret<\/h3>\n<h1>Les photos<\/h1>\n<div class=\"su-custom-gallery su-custom-gallery-align-left su-custom-gallery-title-never su-lightbox-gallery\"><div class=\"su-custom-gallery-slide\" style=\"width:150px;height:150px\"><a href=\"https:\/\/etab.ac-reunion.fr\/clg-tamarins\/wp-content\/uploads\/sites\/56\/2014\/12\/ART_2014-07_CHORALE_MAFATE_6.jpg\" title=\"ART_2014-07_CHORALE_MAFATE_6\"><img loading=\"lazy\" decoding=\"async\" src=\"https:\/\/etab.ac-reunion.fr\/clg-tamarins\/wp-content\/uploads\/sites\/56\/2014\/12\/ART_2014-07_CHORALE_MAFATE_6.jpg\" alt=\"ART_2014-07_CHORALE_MAFATE_6\" width=\"150\" height=\"150\" \/><span class=\"su-custom-gallery-title\">ART_2014-07_CHORALE_MAFATE_6<\/span><\/a><\/div><div class=\"su-custom-gallery-slide\" style=\"width:150px;height:150px\"><a href=\"https:\/\/etab.ac-reunion.fr\/clg-tamarins\/wp-content\/uploads\/sites\/56\/2014\/12\/ART_2014-07_CHORALE_MAFATE_5.jpg\" title=\"ART_2014-07_CHORALE_MAFATE_5\"><img loading=\"lazy\" decoding=\"async\" src=\"https:\/\/etab.ac-reunion.fr\/clg-tamarins\/wp-content\/uploads\/sites\/56\/2014\/12\/ART_2014-07_CHORALE_MAFATE_5.jpg\" alt=\"ART_2014-07_CHORALE_MAFATE_5\" width=\"150\" height=\"150\" \/><span class=\"su-custom-gallery-title\">ART_2014-07_CHORALE_MAFATE_5<\/span><\/a><\/div><div class=\"su-custom-gallery-slide\" style=\"width:150px;height:150px\"><a href=\"https:\/\/etab.ac-reunion.fr\/clg-tamarins\/wp-content\/uploads\/sites\/56\/2014\/12\/ART_2014-07_CHORALE_MAFATE_4.jpg\" title=\"ART_2014-07_CHORALE_MAFATE_4\"><img loading=\"lazy\" decoding=\"async\" src=\"https:\/\/etab.ac-reunion.fr\/clg-tamarins\/wp-content\/uploads\/sites\/56\/2014\/12\/ART_2014-07_CHORALE_MAFATE_4.jpg\" alt=\"ART_2014-07_CHORALE_MAFATE_4\" width=\"150\" height=\"150\" \/><span class=\"su-custom-gallery-title\">ART_2014-07_CHORALE_MAFATE_4<\/span><\/a><\/div><div class=\"su-custom-gallery-slide\" style=\"width:150px;height:150px\"><a href=\"https:\/\/etab.ac-reunion.fr\/clg-tamarins\/wp-content\/uploads\/sites\/56\/2014\/12\/ART_2014-07_CHORALE_MAFATE_3.jpg\" title=\"ART_2014-07_CHORALE_MAFATE_3\"><img loading=\"lazy\" decoding=\"async\" src=\"https:\/\/etab.ac-reunion.fr\/clg-tamarins\/wp-content\/uploads\/sites\/56\/2014\/12\/ART_2014-07_CHORALE_MAFATE_3.jpg\" alt=\"ART_2014-07_CHORALE_MAFATE_3\" width=\"150\" height=\"150\" \/><span class=\"su-custom-gallery-title\">ART_2014-07_CHORALE_MAFATE_3<\/span><\/a><\/div><div class=\"su-custom-gallery-slide\" style=\"width:150px;height:150px\"><a href=\"https:\/\/etab.ac-reunion.fr\/clg-tamarins\/wp-content\/uploads\/sites\/56\/2014\/12\/ART_2014-07_CHORALE_MAFATE_2.jpg\" title=\"ART_2014-07_CHORALE_MAFATE_2\"><img loading=\"lazy\" decoding=\"async\" src=\"https:\/\/etab.ac-reunion.fr\/clg-tamarins\/wp-content\/uploads\/sites\/56\/2014\/12\/ART_2014-07_CHORALE_MAFATE_2.jpg\" alt=\"ART_2014-07_CHORALE_MAFATE_2\" width=\"150\" height=\"150\" \/><span class=\"su-custom-gallery-title\">ART_2014-07_CHORALE_MAFATE_2<\/span><\/a><\/div><div class=\"su-custom-gallery-slide\" style=\"width:150px;height:150px\"><a href=\"https:\/\/etab.ac-reunion.fr\/clg-tamarins\/wp-content\/uploads\/sites\/56\/2014\/12\/ART_2014-07_CHORALE_MAFATE_1.jpg\" title=\"ART_2014-07_CHORALE_MAFATE_1\"><img loading=\"lazy\" decoding=\"async\" src=\"https:\/\/etab.ac-reunion.fr\/clg-tamarins\/wp-content\/uploads\/sites\/56\/2014\/12\/ART_2014-07_CHORALE_MAFATE_1.jpg\" alt=\"ART_2014-07_CHORALE_MAFATE_1\" width=\"150\" height=\"150\" \/><span class=\"su-custom-gallery-title\">ART_2014-07_CHORALE_MAFATE_1<\/span><\/a><\/div><div class=\"su-clear\"><\/div><\/div>\n","protected":false},"excerpt":{"rendered":"<p>Les 1er et 2 juillet 2014, les \u00e9l\u00e8ves de la chorale accompagn\u00e9s de Madame Cadoret, de Madame Faconnier et de Monsieur Hardy ont pass\u00e9 un s\u00e9jour \u00e0 Marla. La chorale est all\u00e9e \u00e0 la rencontre des \u00e9l\u00e8ves de l&rsquo;\u00e9cole de Marla et leur a interpr\u00e9t\u00e9 un set de chants du\u2026<\/p>\n<p class=\"continue-reading-button\"> <a class=\"continue-reading-link\" href=\"https:\/\/etab.ac-reunion.fr\/clg-tamarins\/la-chorale-a-lilet-de-marla\/\">Continuer \u00e0 lire<i class=\"crycon-right-dir\"><\/i><\/a><\/p>\n","protected":false},"author":3691,"featured_media":2684,"comment_status":"closed","ping_status":"closed","sticky":false,"template":"","format":"standard","meta":{"footnotes":""},"categories":[85,273],"tags":[85,176,177,274],"class_list":["post-2683","post","type-post","status-publish","format-standard","has-post-thumbnail","hentry","category-chorale","category-sorties","tag-chorale","tag-mafate","tag-marla","tag-sorties"],"_links":{"self":[{"href":"https:\/\/etab.ac-reunion.fr\/clg-tamarins\/wp-json\/wp\/v2\/posts\/2683","targetHints":{"allow":["GET"]}}],"collection":[{"href":"https:\/\/etab.ac-reunion.fr\/clg-tamarins\/wp-json\/wp\/v2\/posts"}],"about":[{"href":"https:\/\/etab.ac-reunion.fr\/clg-tamarins\/wp-json\/wp\/v2\/types\/post"}],"author":[{"embeddable":true,"href":"https:\/\/etab.ac-reunion.fr\/clg-tamarins\/wp-json\/wp\/v2\/users\/3691"}],"replies":[{"embeddable":true,"href":"https:\/\/etab.ac-reunion.fr\/clg-tamarins\/wp-json\/wp\/v2\/comments?post=2683"}],"version-history":[{"count":1,"href":"https:\/\/etab.ac-reunion.fr\/clg-tamarins\/wp-json\/wp\/v2\/posts\/2683\/revisions"}],"predecessor-version":[{"id":2690,"href":"https:\/\/etab.ac-reunion.fr\/clg-tamarins\/wp-json\/wp\/v2\/posts\/2683\/revisions\/2690"}],"wp:featuredmedia":[{"embeddable":true,"href":"https:\/\/etab.ac-reunion.fr\/clg-tamarins\/wp-json\/wp\/v2\/media\/2684"}],"wp:attachment":[{"href":"https:\/\/etab.ac-reunion.fr\/clg-tamarins\/wp-json\/wp\/v2\/media?parent=2683"}],"wp:term":[{"taxonomy":"category","embeddable":true,"href":"https:\/\/etab.ac-reunion.fr\/clg-tamarins\/wp-json\/wp\/v2\/categories?post=2683"},{"taxonomy":"post_tag","embeddable":true,"href":"https:\/\/etab.ac-reunion.fr\/clg-tamarins\/wp-json\/wp\/v2\/tags?post=2683"}],"curies":[{"name":"wp","href":"https:\/\/api.w.org\/{rel}","templated":true}]}}