{"id":2697,"date":"2014-12-19T14:24:21","date_gmt":"2014-12-19T10:24:21","guid":{"rendered":"http:\/\/college-les-tamarins.ac-reunion.fr\/?p=2697"},"modified":"2014-12-19T14:24:21","modified_gmt":"2014-12-19T10:24:21","slug":"les-prepa-pro-en-stage","status":"publish","type":"post","link":"https:\/\/etab.ac-reunion.fr\/clg-tamarins\/les-prepa-pro-en-stage\/","title":{"rendered":"Les Pr\u00e9pa-pro en stage"},"content":{"rendered":"<h1>Qu&rsquo;est-ce qu&rsquo;une 3\u00e8me Pr\u00e9pa Pro au Coll\u00e8ge des Tamarins\u00a0! Qu&rsquo;est-ce que c&rsquo;est\u00a0?<\/h1>\n<p>La 3\u00e8me Jacaranda est une 3\u00e8me dite Pr\u00e9pa Pro car elle est orient\u00e9e plus que les autres 3\u00e8me vers la voie professionnelle, gr\u00e2ce \u00e0 des stages professionnels et des visites de Lyc\u00e9es professionnels tout au long de l&rsquo;ann\u00e9e.<\/p>\n<p>Notre professeur principal est M. Lafaille et nous sommes une vingtaine d&rsquo;\u00e9l\u00e8ves. Nous avons toutes les mati\u00e8res comme les autres 3\u00e8me, sauf la musique.<\/p>\n<p>Tous les mercredis matin, nous faisons des visites dans les diff\u00e9rents lyc\u00e9es professionnels de la r\u00e9gion sud\u00a0: L.P. Fran\u00e7ois de Mahy, et L.P. de Bois d&rsquo;olive \u00e0 St-Pierre, puis L.P. Paul langevin \u00e0 St-Joseph.<br \/>\nNous avons d\u00e9j\u00e0 fait nos premi\u00e8res visites au Lyc\u00e9e Professionnel Fran\u00e7ois de Mahy, la classe \u00e9tait divis\u00e9e en deux groupes. Tandis que le 1er groupe d\u00e9couvre la fili\u00e8re M\u00e9canique Auto, puis en Agent Polyvalent de Restauration, le 2\u00e8me groupe visite les classes en Gestion Administration, puis en Vente. Chaque sp\u00e9cialit\u00e9 est vue trois mercredis de suite.<\/p>\n<p>\u00ab\u00a0On aime bien les mercredis matins, parce qu&rsquo;on y d\u00e9couvre des choses tr\u00e8s int\u00e9ressantes, comme des mati\u00e8res professionnelles. On a l&rsquo;impression de commencer \u00e0 jouer dans la cour des grands et de devenir des personnes responsables.\u00a0\u00bb<\/p>\n<p>Du 17\/11 au 28 novembre 2014, nous sommes en stage pendant deux semaines. Au cours de ces semaines, nous sommes suivis par les professeurs de 3\u00e8me Jacaranda. Et il y aura trois stages de 15 jours comme \u00e7a dans l\u2019ann\u00e9e, ce qui nous permettra vraiment de d\u00e9couvrir plusieurs m\u00e9tiers\u00a0! Notre orientation en fin de 3\u00e8me sera donc vraiment un choix r\u00e9fl\u00e9chi et m\u00fbri\u00a0!<\/p>\n<p>A la fin de l&rsquo;ann\u00e9e, tous les \u00e9l\u00e8ves de notre classe passeront un Brevet National des Coll\u00e8ges (DNB) dans la s\u00e9rie professionnelle, s\u00e9rie plus facile que la s\u00e9rie g\u00e9n\u00e9rale.<\/p>\n<h3>Explication par deux \u00e9l\u00e8ves de la 3\u00e8me Jacaranda\u00a0: Manu et Rhiadi<\/h3>\n","protected":false},"excerpt":{"rendered":"<p>Qu&rsquo;est-ce qu&rsquo;une 3\u00e8me Pr\u00e9pa Pro au Coll\u00e8ge des Tamarins\u00a0! Qu&rsquo;est-ce que c&rsquo;est\u00a0? La 3\u00e8me Jacaranda est une 3\u00e8me dite Pr\u00e9pa Pro car elle est orient\u00e9e plus que les autres 3\u00e8me vers la voie professionnelle, gr\u00e2ce \u00e0 des stages professionnels et des visites de Lyc\u00e9es professionnels tout au long de l&rsquo;ann\u00e9e.\u2026<\/p>\n<p class=\"continue-reading-button\"> <a class=\"continue-reading-link\" href=\"https:\/\/etab.ac-reunion.fr\/clg-tamarins\/les-prepa-pro-en-stage\/\">Continuer \u00e0 lire<i class=\"crycon-right-dir\"><\/i><\/a><\/p>\n","protected":false},"author":912,"featured_media":0,"comment_status":"closed","ping_status":"closed","sticky":false,"template":"","format":"standard","meta":{"footnotes":""},"categories":[130],"tags":[],"class_list":["post-2697","post","type-post","status-publish","format-standard","hentry","category-3eme-jacaranda"],"_links":{"self":[{"href":"https:\/\/etab.ac-reunion.fr\/clg-tamarins\/wp-json\/wp\/v2\/posts\/2697","targetHints":{"allow":["GET"]}}],"collection":[{"href":"https:\/\/etab.ac-reunion.fr\/clg-tamarins\/wp-json\/wp\/v2\/posts"}],"about":[{"href":"https:\/\/etab.ac-reunion.fr\/clg-tamarins\/wp-json\/wp\/v2\/types\/post"}],"author":[{"embeddable":true,"href":"https:\/\/etab.ac-reunion.fr\/clg-tamarins\/wp-json\/wp\/v2\/users\/912"}],"replies":[{"embeddable":true,"href":"https:\/\/etab.ac-reunion.fr\/clg-tamarins\/wp-json\/wp\/v2\/comments?post=2697"}],"version-history":[{"count":1,"href":"https:\/\/etab.ac-reunion.fr\/clg-tamarins\/wp-json\/wp\/v2\/posts\/2697\/revisions"}],"predecessor-version":[{"id":2698,"href":"https:\/\/etab.ac-reunion.fr\/clg-tamarins\/wp-json\/wp\/v2\/posts\/2697\/revisions\/2698"}],"wp:attachment":[{"href":"https:\/\/etab.ac-reunion.fr\/clg-tamarins\/wp-json\/wp\/v2\/media?parent=2697"}],"wp:term":[{"taxonomy":"category","embeddable":true,"href":"https:\/\/etab.ac-reunion.fr\/clg-tamarins\/wp-json\/wp\/v2\/categories?post=2697"},{"taxonomy":"post_tag","embeddable":true,"href":"https:\/\/etab.ac-reunion.fr\/clg-tamarins\/wp-json\/wp\/v2\/tags?post=2697"}],"curies":[{"name":"wp","href":"https:\/\/api.w.org\/{rel}","templated":true}]}}