{"id":2700,"date":"2014-12-19T14:15:11","date_gmt":"2014-12-19T10:15:11","guid":{"rendered":"http:\/\/college-les-tamarins.ac-reunion.fr\/?p=2700"},"modified":"2015-04-01T17:10:57","modified_gmt":"2015-04-01T13:10:57","slug":"spectacle-du-5-novembre-2014-au-centre-culturel-lucet-langenier","status":"publish","type":"post","link":"https:\/\/etab.ac-reunion.fr\/clg-tamarins\/spectacle-du-5-novembre-2014-au-centre-culturel-lucet-langenier\/","title":{"rendered":"SPECTACLE DU 5 NOVEMBRE 2014 AU CENTRE CULTUREL LUCET LANGENIER"},"content":{"rendered":"<p>Rien n&rsquo;arr\u00eate les artistes des Tamarins ! A peine deux mois de travail et d\u00e9j\u00e0 sur sc\u00e8ne !\u00a0 La chorale et l&rsquo;orchestre OAE des 4\u00e8me ont donn\u00e9 leur premier concert ce mercredi 5 novembre 2014 au centre culturel de Saint-Pierre.<\/p>\n<p>Le lever de rideau a \u00e9t\u00e9 r\u00e9alis\u00e9 par la chorale, au programme des chansons d&rsquo;Alain Souchon, dont La vie Th\u00e9odore, chanson rendant hommage \u00e0 l&rsquo;explorateur, chercheur et humaniste <strong>Th\u00e9odore Monod<\/strong>.<\/p>\n<p>La premi\u00e8re partie a \u00e9t\u00e9 r\u00e9alis\u00e9e par l&rsquo;orchestre OAE des 4\u00e8me, ils ont pr\u00e9sent\u00e9 un set de plusieurs morceaux de diff\u00e9rents styles musicaux (blues, musique de film&#8230;).<\/p>\n<p>La soir\u00e9e s&rsquo;est termin\u00e9e par un tour de chant de l&rsquo;auteur-compositeur-interp\u00e8te <strong>Emmanuelle Cadoret.<\/strong> Elle \u00e9tait accompagn\u00e9e sur sc\u00e8ne par les \u00e9l\u00e8ves de la Chorale Tamarins et par un quatuor de percussionnistes du coll\u00e8ge.<\/p>\n<p>Le public a r\u00e9pondu pr\u00e9sent et a chaleureusement applaudi les diverses formations musicales de cette soir\u00e9e.<\/p>\n<h3>Madame Cadoret<\/h3>\n<h1>\u00a0L&rsquo;avis des artistes<\/h1>\n<p><strong>Francylia :<\/strong> C&rsquo;est bien la chorale et tr\u00e8s dr\u00f4le.<\/p>\n<p><strong>Chyna :<\/strong> Moi j&rsquo;ai bien aim\u00e9 le spectacle et j&rsquo;ai ressenti des choses en chantant avec mon coeur.<\/p>\n<p><strong>Liliane :<\/strong> J&rsquo;ai ador\u00e9 le spectacle.<\/p>\n<p><strong>Celia :<\/strong> J&rsquo;ai pass\u00e9 une belle soir\u00e9e. J&rsquo;ai bien aim\u00e9, c&rsquo;\u00e9tait vraiment plaisant.<\/p>\n<p><strong>Nelsie :<\/strong> J&rsquo;ai aim\u00e9 ce spectacle. La soir\u00e9e \u00e9tait fabuleuse.<\/p>\n<p><strong>Odamey :<\/strong> J&rsquo;ai pass\u00e9 un super moment. J&rsquo;ai beaucoup appr\u00e9ci\u00e9 participer au spectacle.<\/p>\n<p><strong>Chlo\u00e9,Cassandra, Marine\u00a0:<\/strong> C&rsquo;est COOL !! On aimerait tous refaire ce super spectacle.<\/p>\n<h1>Les photos<\/h1>\n<div class=\"su-custom-gallery su-custom-gallery-align-left su-custom-gallery-title-never su-lightbox-gallery\"><div class=\"su-custom-gallery-slide\" style=\"width:150px;height:150px\"><a href=\"https:\/\/etab.ac-reunion.fr\/clg-tamarins\/wp-content\/uploads\/sites\/56\/2014\/12\/CHOR_concert_5-11_4.jpg\" title=\"CHOR_concert_5-11_4\"><img loading=\"lazy\" decoding=\"async\" src=\"https:\/\/etab.ac-reunion.fr\/clg-tamarins\/wp-content\/uploads\/sites\/56\/2014\/12\/CHOR_concert_5-11_4.jpg\" alt=\"CHOR_concert_5-11_4\" width=\"150\" height=\"150\" \/><span class=\"su-custom-gallery-title\">CHOR_concert_5-11_4<\/span><\/a><\/div><div class=\"su-custom-gallery-slide\" style=\"width:150px;height:150px\"><a href=\"https:\/\/etab.ac-reunion.fr\/clg-tamarins\/wp-content\/uploads\/sites\/56\/2014\/12\/CHOR_concert_5-11_3.jpg\" title=\"CHOR_concert_5-11_3\"><img loading=\"lazy\" decoding=\"async\" src=\"https:\/\/etab.ac-reunion.fr\/clg-tamarins\/wp-content\/uploads\/sites\/56\/2014\/12\/CHOR_concert_5-11_3.jpg\" alt=\"CHOR_concert_5-11_3\" width=\"150\" height=\"150\" \/><span class=\"su-custom-gallery-title\">CHOR_concert_5-11_3<\/span><\/a><\/div><div class=\"su-custom-gallery-slide\" style=\"width:150px;height:150px\"><a href=\"https:\/\/etab.ac-reunion.fr\/clg-tamarins\/wp-content\/uploads\/sites\/56\/2014\/12\/CHOR_concert_5-11_2.jpg\" title=\"CHOR_concert_5-11_2\"><img loading=\"lazy\" decoding=\"async\" src=\"https:\/\/etab.ac-reunion.fr\/clg-tamarins\/wp-content\/uploads\/sites\/56\/2014\/12\/CHOR_concert_5-11_2.jpg\" alt=\"CHOR_concert_5-11_2\" width=\"150\" height=\"150\" \/><span class=\"su-custom-gallery-title\">CHOR_concert_5-11_2<\/span><\/a><\/div><div class=\"su-custom-gallery-slide\" style=\"width:150px;height:150px\"><a href=\"https:\/\/etab.ac-reunion.fr\/clg-tamarins\/wp-content\/uploads\/sites\/56\/2014\/12\/CHOR_concert_5-11_1.jpg\" title=\"CHOR_concert_5-11_1\"><img loading=\"lazy\" decoding=\"async\" src=\"https:\/\/etab.ac-reunion.fr\/clg-tamarins\/wp-content\/uploads\/sites\/56\/2014\/12\/CHOR_concert_5-11_1.jpg\" alt=\"CHOR_concert_5-11_1\" width=\"150\" height=\"150\" \/><span class=\"su-custom-gallery-title\">CHOR_concert_5-11_1<\/span><\/a><\/div><div class=\"su-clear\"><\/div><\/div>\n","protected":false},"excerpt":{"rendered":"<p>Rien n&rsquo;arr\u00eate les artistes des Tamarins ! A peine deux mois de travail et d\u00e9j\u00e0 sur sc\u00e8ne !\u00a0 La chorale et l&rsquo;orchestre OAE des 4\u00e8me ont donn\u00e9 leur premier concert ce mercredi 5 novembre 2014 au centre culturel de Saint-Pierre. Le lever de rideau a \u00e9t\u00e9 r\u00e9alis\u00e9 par la chorale,\u2026<\/p>\n<p class=\"continue-reading-button\"> <a class=\"continue-reading-link\" href=\"https:\/\/etab.ac-reunion.fr\/clg-tamarins\/spectacle-du-5-novembre-2014-au-centre-culturel-lucet-langenier\/\">Continuer \u00e0 lire<i class=\"crycon-right-dir\"><\/i><\/a><\/p>\n","protected":false},"author":3691,"featured_media":2702,"comment_status":"closed","ping_status":"closed","sticky":false,"template":"","format":"standard","meta":{"footnotes":""},"categories":[85,51],"tags":[85,51],"class_list":["post-2700","post","type-post","status-publish","format-standard","has-post-thumbnail","hentry","category-chorale","category-concert","tag-chorale","tag-concert"],"_links":{"self":[{"href":"https:\/\/etab.ac-reunion.fr\/clg-tamarins\/wp-json\/wp\/v2\/posts\/2700","targetHints":{"allow":["GET"]}}],"collection":[{"href":"https:\/\/etab.ac-reunion.fr\/clg-tamarins\/wp-json\/wp\/v2\/posts"}],"about":[{"href":"https:\/\/etab.ac-reunion.fr\/clg-tamarins\/wp-json\/wp\/v2\/types\/post"}],"author":[{"embeddable":true,"href":"https:\/\/etab.ac-reunion.fr\/clg-tamarins\/wp-json\/wp\/v2\/users\/3691"}],"replies":[{"embeddable":true,"href":"https:\/\/etab.ac-reunion.fr\/clg-tamarins\/wp-json\/wp\/v2\/comments?post=2700"}],"version-history":[{"count":3,"href":"https:\/\/etab.ac-reunion.fr\/clg-tamarins\/wp-json\/wp\/v2\/posts\/2700\/revisions"}],"predecessor-version":[{"id":2716,"href":"https:\/\/etab.ac-reunion.fr\/clg-tamarins\/wp-json\/wp\/v2\/posts\/2700\/revisions\/2716"}],"wp:featuredmedia":[{"embeddable":true,"href":"https:\/\/etab.ac-reunion.fr\/clg-tamarins\/wp-json\/wp\/v2\/media\/2702"}],"wp:attachment":[{"href":"https:\/\/etab.ac-reunion.fr\/clg-tamarins\/wp-json\/wp\/v2\/media?parent=2700"}],"wp:term":[{"taxonomy":"category","embeddable":true,"href":"https:\/\/etab.ac-reunion.fr\/clg-tamarins\/wp-json\/wp\/v2\/categories?post=2700"},{"taxonomy":"post_tag","embeddable":true,"href":"https:\/\/etab.ac-reunion.fr\/clg-tamarins\/wp-json\/wp\/v2\/tags?post=2700"}],"curies":[{"name":"wp","href":"https:\/\/api.w.org\/{rel}","templated":true}]}}