{"id":2769,"date":"2015-03-05T10:16:50","date_gmt":"2015-03-05T06:16:50","guid":{"rendered":"http:\/\/college-les-tamarins.ac-reunion.fr\/?p=2769"},"modified":"2015-04-01T17:10:17","modified_gmt":"2015-04-01T13:10:17","slug":"sortie-des-5ieme-longanis-a-notre-dame-de-la-paix","status":"publish","type":"post","link":"https:\/\/etab.ac-reunion.fr\/clg-tamarins\/sortie-des-5ieme-longanis-a-notre-dame-de-la-paix\/","title":{"rendered":"Sortie des 5\u00e8me longanis \u00e0 Notre-Dame de la paix"},"content":{"rendered":"<p>En sortie \u00e0 Notre-Dame de la paix, avec leur professeur de g\u00e9ographie \u00a0Mr Rabouille, les \u00e9l\u00e8ves de 5<sup>\u00e8me<\/sup> longanis ont d\u00e9couvert la flore et la faune des hauts.<\/p>\n<p>Ils sont eu la chance d\u2019\u00eatre accompagn\u00e9s par deux guides du parc national, Yannick et Jean-Bernard qui leur ont montr\u00e9 les arbres et les oiseaux de cette for\u00eat.<\/p>\n<h1>Le matin<\/h1>\n<p>Les \u00e9l\u00e8ves ont le temps d&rsquo;observer le superbe point de vue sur la rivi\u00e8re des remparts juste avant que le brouillard arrive, et rencontrent les guides du parc.<\/p>\n<div class=\"su-custom-gallery su-custom-gallery-align-left su-custom-gallery-title-never su-lightbox-gallery\"><div class=\"su-custom-gallery-slide\" style=\"width:150px;height:150px\"><a href=\"https:\/\/etab.ac-reunion.fr\/clg-tamarins\/wp-content\/uploads\/sites\/56\/2015\/02\/ART_notredamedelapaix_1.jpg\" title=\"ART_notredamedelapaix_1\"><img loading=\"lazy\" decoding=\"async\" src=\"https:\/\/etab.ac-reunion.fr\/clg-tamarins\/wp-content\/uploads\/sites\/56\/2015\/02\/ART_notredamedelapaix_1.jpg\" alt=\"ART_notredamedelapaix_1\" width=\"150\" height=\"150\" \/><span class=\"su-custom-gallery-title\">ART_notredamedelapaix_1<\/span><\/a><\/div><div class=\"su-custom-gallery-slide\" style=\"width:150px;height:150px\"><a href=\"https:\/\/etab.ac-reunion.fr\/clg-tamarins\/wp-content\/uploads\/sites\/56\/2015\/02\/ART_notredamedelapaix_2.jpg\" title=\"ART_notredamedelapaix_2\"><img loading=\"lazy\" decoding=\"async\" src=\"https:\/\/etab.ac-reunion.fr\/clg-tamarins\/wp-content\/uploads\/sites\/56\/2015\/02\/ART_notredamedelapaix_2.jpg\" alt=\"ART_notredamedelapaix_2\" width=\"150\" height=\"150\" \/><span class=\"su-custom-gallery-title\">ART_notredamedelapaix_2<\/span><\/a><\/div><div class=\"su-custom-gallery-slide\" style=\"width:150px;height:150px\"><a href=\"https:\/\/etab.ac-reunion.fr\/clg-tamarins\/wp-content\/uploads\/sites\/56\/2015\/02\/ART_notredamedelapaix_3.jpg\" title=\"ART_notredamedelapaix_3\"><img loading=\"lazy\" decoding=\"async\" src=\"https:\/\/etab.ac-reunion.fr\/clg-tamarins\/wp-content\/uploads\/sites\/56\/2015\/02\/ART_notredamedelapaix_3.jpg\" alt=\"ART_notredamedelapaix_3\" width=\"150\" height=\"150\" \/><span class=\"su-custom-gallery-title\">ART_notredamedelapaix_3<\/span><\/a><\/div><div class=\"su-custom-gallery-slide\" style=\"width:150px;height:150px\"><a href=\"https:\/\/etab.ac-reunion.fr\/clg-tamarins\/wp-content\/uploads\/sites\/56\/2015\/02\/ART_notredamedelapaix_5.jpg\" title=\"ART_notredamedelapaix_5\"><img loading=\"lazy\" decoding=\"async\" src=\"https:\/\/etab.ac-reunion.fr\/clg-tamarins\/wp-content\/uploads\/sites\/56\/2015\/02\/ART_notredamedelapaix_5.jpg\" alt=\"ART_notredamedelapaix_5\" width=\"150\" height=\"150\" \/><span class=\"su-custom-gallery-title\">ART_notredamedelapaix_5<\/span><\/a><\/div><div class=\"su-custom-gallery-slide\" style=\"width:150px;height:150px\"><a href=\"https:\/\/etab.ac-reunion.fr\/clg-tamarins\/wp-content\/uploads\/sites\/56\/2015\/02\/ART_notredamedelapaix_6.jpg\" title=\"ART_notredamedelapaix_6\"><img loading=\"lazy\" decoding=\"async\" src=\"https:\/\/etab.ac-reunion.fr\/clg-tamarins\/wp-content\/uploads\/sites\/56\/2015\/02\/ART_notredamedelapaix_6.jpg\" alt=\"ART_notredamedelapaix_6\" width=\"150\" height=\"150\" \/><span class=\"su-custom-gallery-title\">ART_notredamedelapaix_6<\/span><\/a><\/div><div class=\"su-clear\"><\/div><\/div>\n<p>&nbsp;<\/p>\n<h1>Le sentier botanique<\/h1>\n<p>Ils d\u00e9couvrent les arbres de la R\u00e9union, apprennent \u00e0 les reconna\u00eetre par leurs feuilles. Yannick et Jean-Bernard leur expliquent de quoi est constitu\u00e9e la for\u00eat, comment les arbres poussent, les oiseaux qu&rsquo;on y trouve et comment reconna\u00eetre leur chant. Les \u00e9l\u00e8ves apprennent \u00e0 observer et \u00e0 \u00e9couter.<\/p>\n<div class=\"su-custom-gallery su-custom-gallery-align-left su-custom-gallery-title-never su-lightbox-gallery\"><div class=\"su-custom-gallery-slide\" style=\"width:150px;height:150px\"><a href=\"https:\/\/etab.ac-reunion.fr\/clg-tamarins\/wp-content\/uploads\/sites\/56\/2015\/02\/ART_notredamedelapaix_4.jpg\" title=\"ART_notredamedelapaix_4\"><img loading=\"lazy\" decoding=\"async\" src=\"https:\/\/etab.ac-reunion.fr\/clg-tamarins\/wp-content\/uploads\/sites\/56\/2015\/02\/ART_notredamedelapaix_4.jpg\" alt=\"ART_notredamedelapaix_4\" width=\"150\" height=\"150\" \/><span class=\"su-custom-gallery-title\">ART_notredamedelapaix_4<\/span><\/a><\/div><div class=\"su-custom-gallery-slide\" style=\"width:150px;height:150px\"><a href=\"https:\/\/etab.ac-reunion.fr\/clg-tamarins\/wp-content\/uploads\/sites\/56\/2015\/02\/ART_notredamedelapaix_9.jpg\" title=\"ART_notredamedelapaix_9\"><img loading=\"lazy\" decoding=\"async\" src=\"https:\/\/etab.ac-reunion.fr\/clg-tamarins\/wp-content\/uploads\/sites\/56\/2015\/02\/ART_notredamedelapaix_9.jpg\" alt=\"ART_notredamedelapaix_9\" width=\"150\" height=\"150\" \/><span class=\"su-custom-gallery-title\">ART_notredamedelapaix_9<\/span><\/a><\/div><div class=\"su-custom-gallery-slide\" style=\"width:150px;height:150px\"><a href=\"https:\/\/etab.ac-reunion.fr\/clg-tamarins\/wp-content\/uploads\/sites\/56\/2015\/02\/ART_notredamedelapaix_8.jpg\" title=\"ART_notredamedelapaix_8\"><img loading=\"lazy\" decoding=\"async\" src=\"https:\/\/etab.ac-reunion.fr\/clg-tamarins\/wp-content\/uploads\/sites\/56\/2015\/02\/ART_notredamedelapaix_8.jpg\" alt=\"ART_notredamedelapaix_8\" width=\"150\" height=\"150\" \/><span class=\"su-custom-gallery-title\">ART_notredamedelapaix_8<\/span><\/a><\/div><div class=\"su-custom-gallery-slide\" style=\"width:150px;height:150px\"><a href=\"https:\/\/etab.ac-reunion.fr\/clg-tamarins\/wp-content\/uploads\/sites\/56\/2015\/02\/ART_notredamedelapaix_7.jpg\" title=\"ART_notredamedelapaix_7\"><img loading=\"lazy\" decoding=\"async\" src=\"https:\/\/etab.ac-reunion.fr\/clg-tamarins\/wp-content\/uploads\/sites\/56\/2015\/02\/ART_notredamedelapaix_7.jpg\" alt=\"ART_notredamedelapaix_7\" width=\"150\" height=\"150\" \/><span class=\"su-custom-gallery-title\">ART_notredamedelapaix_7<\/span><\/a><\/div><div class=\"su-custom-gallery-slide\" style=\"width:150px;height:150px\"><a href=\"https:\/\/etab.ac-reunion.fr\/clg-tamarins\/wp-content\/uploads\/sites\/56\/2015\/02\/ART_notredamedelapaix_13.jpg\" title=\"ART_notredamedelapaix_13\"><img loading=\"lazy\" decoding=\"async\" src=\"https:\/\/etab.ac-reunion.fr\/clg-tamarins\/wp-content\/uploads\/sites\/56\/2015\/02\/ART_notredamedelapaix_13.jpg\" alt=\"ART_notredamedelapaix_13\" width=\"150\" height=\"150\" \/><span class=\"su-custom-gallery-title\">ART_notredamedelapaix_13<\/span><\/a><\/div><div class=\"su-custom-gallery-slide\" style=\"width:150px;height:150px\"><a href=\"https:\/\/etab.ac-reunion.fr\/clg-tamarins\/wp-content\/uploads\/sites\/56\/2015\/02\/ART_notredamedelapaix_12.jpg\" title=\"ART_notredamedelapaix_12\"><img loading=\"lazy\" decoding=\"async\" src=\"https:\/\/etab.ac-reunion.fr\/clg-tamarins\/wp-content\/uploads\/sites\/56\/2015\/02\/ART_notredamedelapaix_12.jpg\" alt=\"ART_notredamedelapaix_12\" width=\"150\" height=\"150\" \/><span class=\"su-custom-gallery-title\">ART_notredamedelapaix_12<\/span><\/a><\/div><div class=\"su-custom-gallery-slide\" style=\"width:150px;height:150px\"><a href=\"https:\/\/etab.ac-reunion.fr\/clg-tamarins\/wp-content\/uploads\/sites\/56\/2015\/02\/ART_notredamedelapaix_10.jpg\" title=\"ART_notredamedelapaix_10\"><img loading=\"lazy\" decoding=\"async\" src=\"https:\/\/etab.ac-reunion.fr\/clg-tamarins\/wp-content\/uploads\/sites\/56\/2015\/02\/ART_notredamedelapaix_10.jpg\" alt=\"ART_notredamedelapaix_10\" width=\"150\" height=\"150\" \/><span class=\"su-custom-gallery-title\">ART_notredamedelapaix_10<\/span><\/a><\/div><div class=\"su-custom-gallery-slide\" style=\"width:150px;height:150px\"><a href=\"https:\/\/etab.ac-reunion.fr\/clg-tamarins\/wp-content\/uploads\/sites\/56\/2015\/02\/ART_notredamedelapaix_14.jpg\" title=\"ART_notredamedelapaix_14\"><img loading=\"lazy\" decoding=\"async\" src=\"https:\/\/etab.ac-reunion.fr\/clg-tamarins\/wp-content\/uploads\/sites\/56\/2015\/02\/ART_notredamedelapaix_14.jpg\" alt=\"ART_notredamedelapaix_14\" width=\"150\" height=\"150\" \/><span class=\"su-custom-gallery-title\">ART_notredamedelapaix_14<\/span><\/a><\/div><div class=\"su-clear\"><\/div><\/div>\n<div class=\"su-box su-box-style-soft\" id=\"\" style=\"border-color:#00013f;border-radius:3px;max-width:none\"><div class=\"su-box-title\" style=\"background-color:#063472;color:#FFFFFF;border-top-left-radius:1px;border-top-right-radius:1px\">Quels sont les arbres que vous avez retenus et pourquoi ? <\/div><div class=\"su-box-content su-u-clearfix su-u-trim\" style=\"border-bottom-left-radius:1px;border-bottom-right-radius:1px\">\n<p><strong>Victor Ibrahim<\/strong>: La foug\u00e8re, le change-\u00e9corce, le Bois-blanc. Ils sont beaux.<\/p>\n<p><strong>Mondroha Hafsa<\/strong>: Il y a plusieurs sortes d&rsquo;arbres: les herbisives, les arbustives, les arbres. J&rsquo;ai r\u00e9ussi \u00e0 retenir les noms car ils ont les m\u00eames noms que herbe, arbuste, arbre<\/p>\n<\/div><\/div>\n<p>&nbsp;<\/p>\n<h1>Le midi, pause casse-cro\u00fbte<\/h1>\n<div class=\"su-custom-gallery su-custom-gallery-align-left su-custom-gallery-title-never su-lightbox-gallery\"><div class=\"su-custom-gallery-slide\" style=\"width:150px;height:150px\"><a href=\"https:\/\/etab.ac-reunion.fr\/clg-tamarins\/wp-content\/uploads\/sites\/56\/2015\/02\/ART_notredamedelapaix_17.jpg\" title=\"ART_notredamedelapaix_17\"><img loading=\"lazy\" decoding=\"async\" src=\"https:\/\/etab.ac-reunion.fr\/clg-tamarins\/wp-content\/uploads\/sites\/56\/2015\/02\/ART_notredamedelapaix_17.jpg\" alt=\"ART_notredamedelapaix_17\" width=\"150\" height=\"150\" \/><span class=\"su-custom-gallery-title\">ART_notredamedelapaix_17<\/span><\/a><\/div><div class=\"su-custom-gallery-slide\" style=\"width:150px;height:150px\"><a href=\"https:\/\/etab.ac-reunion.fr\/clg-tamarins\/wp-content\/uploads\/sites\/56\/2015\/02\/ART_notredamedelapaix_34.jpg\" title=\"ART_notredamedelapaix_34\"><img loading=\"lazy\" decoding=\"async\" src=\"https:\/\/etab.ac-reunion.fr\/clg-tamarins\/wp-content\/uploads\/sites\/56\/2015\/02\/ART_notredamedelapaix_34.jpg\" alt=\"ART_notredamedelapaix_34\" width=\"150\" height=\"150\" \/><span class=\"su-custom-gallery-title\">ART_notredamedelapaix_34<\/span><\/a><\/div><div class=\"su-custom-gallery-slide\" style=\"width:150px;height:150px\"><a href=\"https:\/\/etab.ac-reunion.fr\/clg-tamarins\/wp-content\/uploads\/sites\/56\/2015\/02\/ART_notredamedelapaix_16.jpg\" title=\"ART_notredamedelapaix_16\"><img loading=\"lazy\" decoding=\"async\" src=\"https:\/\/etab.ac-reunion.fr\/clg-tamarins\/wp-content\/uploads\/sites\/56\/2015\/02\/ART_notredamedelapaix_16.jpg\" alt=\"ART_notredamedelapaix_16\" width=\"150\" height=\"150\" \/><span class=\"su-custom-gallery-title\">ART_notredamedelapaix_16<\/span><\/a><\/div><div class=\"su-custom-gallery-slide\" style=\"width:150px;height:150px\"><a href=\"https:\/\/etab.ac-reunion.fr\/clg-tamarins\/wp-content\/uploads\/sites\/56\/2015\/02\/ART_notredamedelapaix_15.jpg\" title=\"ART_notredamedelapaix_15\"><img loading=\"lazy\" decoding=\"async\" src=\"https:\/\/etab.ac-reunion.fr\/clg-tamarins\/wp-content\/uploads\/sites\/56\/2015\/02\/ART_notredamedelapaix_15.jpg\" alt=\"ART_notredamedelapaix_15\" width=\"150\" height=\"150\" \/><span class=\"su-custom-gallery-title\">ART_notredamedelapaix_15<\/span><\/a><\/div><div class=\"su-clear\"><\/div><\/div>\n<p>&nbsp;<\/p>\n<h1>L&rsquo;apr\u00e8s-midi<\/h1>\n<p>Yannick\u00a0du parc explique aux \u00e9l\u00e8ves, quel est le r\u00f4le du parc national, en quoi consiste\u00a0leur travail.\u00a0Jean-Bernard leur fait d\u00e9couvrir les oiseaux r\u00e9unionnais.<\/p>\n<div class=\"su-custom-gallery su-custom-gallery-align-left su-custom-gallery-title-never su-lightbox-gallery\"><div class=\"su-custom-gallery-slide\" style=\"width:150px;height:150px\"><a href=\"https:\/\/etab.ac-reunion.fr\/clg-tamarins\/wp-content\/uploads\/sites\/56\/2015\/02\/ART_notredamedelapaix_23.jpg\" title=\"ART_notredamedelapaix_23\"><img loading=\"lazy\" decoding=\"async\" src=\"https:\/\/etab.ac-reunion.fr\/clg-tamarins\/wp-content\/uploads\/sites\/56\/2015\/02\/ART_notredamedelapaix_23.jpg\" alt=\"ART_notredamedelapaix_23\" width=\"150\" height=\"150\" \/><span class=\"su-custom-gallery-title\">ART_notredamedelapaix_23<\/span><\/a><\/div><div class=\"su-custom-gallery-slide\" style=\"width:150px;height:150px\"><a href=\"https:\/\/etab.ac-reunion.fr\/clg-tamarins\/wp-content\/uploads\/sites\/56\/2015\/02\/ART_notredamedelapaix_22.jpg\" title=\"ART_notredamedelapaix_22\"><img loading=\"lazy\" decoding=\"async\" src=\"https:\/\/etab.ac-reunion.fr\/clg-tamarins\/wp-content\/uploads\/sites\/56\/2015\/02\/ART_notredamedelapaix_22.jpg\" alt=\"ART_notredamedelapaix_22\" width=\"150\" height=\"150\" \/><span class=\"su-custom-gallery-title\">ART_notredamedelapaix_22<\/span><\/a><\/div><div class=\"su-custom-gallery-slide\" style=\"width:150px;height:150px\"><a href=\"https:\/\/etab.ac-reunion.fr\/clg-tamarins\/wp-content\/uploads\/sites\/56\/2015\/02\/ART_notredamedelapaix_18.jpg\" title=\"ART_notredamedelapaix_18\"><img loading=\"lazy\" decoding=\"async\" src=\"https:\/\/etab.ac-reunion.fr\/clg-tamarins\/wp-content\/uploads\/sites\/56\/2015\/02\/ART_notredamedelapaix_18.jpg\" alt=\"ART_notredamedelapaix_18\" width=\"150\" height=\"150\" \/><span class=\"su-custom-gallery-title\">ART_notredamedelapaix_18<\/span><\/a><\/div><div class=\"su-custom-gallery-slide\" style=\"width:150px;height:150px\"><a href=\"https:\/\/etab.ac-reunion.fr\/clg-tamarins\/wp-content\/uploads\/sites\/56\/2015\/02\/ART_notredamedelapaix_20.jpg\" title=\"ART_notredamedelapaix_20\"><img loading=\"lazy\" decoding=\"async\" src=\"https:\/\/etab.ac-reunion.fr\/clg-tamarins\/wp-content\/uploads\/sites\/56\/2015\/02\/ART_notredamedelapaix_20.jpg\" alt=\"ART_notredamedelapaix_20\" width=\"150\" height=\"150\" \/><span class=\"su-custom-gallery-title\">ART_notredamedelapaix_20<\/span><\/a><\/div><div class=\"su-custom-gallery-slide\" style=\"width:150px;height:150px\"><a href=\"https:\/\/etab.ac-reunion.fr\/clg-tamarins\/wp-content\/uploads\/sites\/56\/2015\/02\/ART_notredamedelapaix_21.jpg\" title=\"ART_notredamedelapaix_21\"><img loading=\"lazy\" decoding=\"async\" src=\"https:\/\/etab.ac-reunion.fr\/clg-tamarins\/wp-content\/uploads\/sites\/56\/2015\/02\/ART_notredamedelapaix_21.jpg\" alt=\"ART_notredamedelapaix_21\" width=\"150\" height=\"150\" \/><span class=\"su-custom-gallery-title\">ART_notredamedelapaix_21<\/span><\/a><\/div><div class=\"su-clear\"><\/div><\/div>\n<p>&nbsp;<\/p>\n<div class=\"su-box su-box-style-soft\" id=\"\" style=\"border-color:#00013f;border-radius:3px;max-width:none\"><div class=\"su-box-title\" style=\"background-color:#063472;color:#FFFFFF;border-top-left-radius:1px;border-top-right-radius:1px\">Quel est l'oiseau qui t'a le plus plu ? <\/div><div class=\"su-box-content su-u-clearfix su-u-trim\" style=\"border-bottom-left-radius:1px;border-bottom-right-radius:1px\">\n<p><strong>Victor Ibrahim<\/strong>:\u00a0C&rsquo;est le Tec-Tec, j&rsquo;aime beaucoup son chant.<\/p>\n<p><strong>Mondroha Hafsa<\/strong>:\u00a0C&rsquo;est l&rsquo;oiseau vierge car c&rsquo;est marrant son nom et j&rsquo;aime beaucoup son histoire.<\/p>\n<p><strong>Ramsamy chlo\u00e9<\/strong>: C&rsquo;est le papangue car il est grand.<\/p>\n<p><strong>Thuillat Bryan<\/strong>: Le \u00ab\u00a0zoizo-blanc\u00a0\u00bb parcequ&rsquo;il est mignon<\/p>\n<p><strong>Isambert Elo\u00efse<\/strong>: J&rsquo;ai aim\u00e9 le Tec-Tec parce qu&rsquo;il est beau et a un beau chant et l&rsquo;oiseau la vierge parce qu&rsquo;il chante bien et a une jolie couleur de poil.<\/p>\n<\/div><\/div>\n<p>&nbsp;<\/p>\n<h1>Les fleurs et les oiseaux et les paparazis<\/h1>\n<div class=\"su-custom-gallery su-custom-gallery-align-left su-custom-gallery-title-never su-lightbox-gallery\"><div class=\"su-custom-gallery-slide\" style=\"width:150px;height:150px\"><a href=\"https:\/\/etab.ac-reunion.fr\/clg-tamarins\/wp-content\/uploads\/sites\/56\/2015\/02\/ART_notredamedelapaix_30.jpg\" title=\"ART_notredamedelapaix_30\"><img loading=\"lazy\" decoding=\"async\" src=\"https:\/\/etab.ac-reunion.fr\/clg-tamarins\/wp-content\/uploads\/sites\/56\/2015\/02\/ART_notredamedelapaix_30.jpg\" alt=\"ART_notredamedelapaix_30\" width=\"150\" height=\"150\" \/><span class=\"su-custom-gallery-title\">ART_notredamedelapaix_30<\/span><\/a><\/div><div class=\"su-custom-gallery-slide\" style=\"width:150px;height:150px\"><a href=\"https:\/\/etab.ac-reunion.fr\/clg-tamarins\/wp-content\/uploads\/sites\/56\/2015\/02\/ART_notredamedelapaix_28.jpg\" title=\"ART_notredamedelapaix_28\"><img loading=\"lazy\" decoding=\"async\" src=\"https:\/\/etab.ac-reunion.fr\/clg-tamarins\/wp-content\/uploads\/sites\/56\/2015\/02\/ART_notredamedelapaix_28.jpg\" alt=\"ART_notredamedelapaix_28\" width=\"150\" height=\"150\" \/><span class=\"su-custom-gallery-title\">ART_notredamedelapaix_28<\/span><\/a><\/div><div class=\"su-custom-gallery-slide\" style=\"width:150px;height:150px\"><a href=\"https:\/\/etab.ac-reunion.fr\/clg-tamarins\/wp-content\/uploads\/sites\/56\/2015\/02\/ART_notredamedelapaix_19.jpg\" title=\"ART_notredamedelapaix_19\"><img loading=\"lazy\" decoding=\"async\" src=\"https:\/\/etab.ac-reunion.fr\/clg-tamarins\/wp-content\/uploads\/sites\/56\/2015\/02\/ART_notredamedelapaix_19.jpg\" alt=\"ART_notredamedelapaix_19\" width=\"150\" height=\"150\" \/><span class=\"su-custom-gallery-title\">ART_notredamedelapaix_19<\/span><\/a><\/div><div class=\"su-custom-gallery-slide\" style=\"width:150px;height:150px\"><a href=\"https:\/\/etab.ac-reunion.fr\/clg-tamarins\/wp-content\/uploads\/sites\/56\/2015\/02\/ART_notredamedelapaix_25.jpg\" title=\"ART_notredamedelapaix_25\"><img loading=\"lazy\" decoding=\"async\" src=\"https:\/\/etab.ac-reunion.fr\/clg-tamarins\/wp-content\/uploads\/sites\/56\/2015\/02\/ART_notredamedelapaix_25.jpg\" alt=\"ART_notredamedelapaix_25\" width=\"150\" height=\"150\" \/><span class=\"su-custom-gallery-title\">ART_notredamedelapaix_25<\/span><\/a><\/div><div class=\"su-custom-gallery-slide\" style=\"width:150px;height:150px\"><a href=\"https:\/\/etab.ac-reunion.fr\/clg-tamarins\/wp-content\/uploads\/sites\/56\/2015\/02\/ART_notredamedelapaix_26.jpg\" title=\"ART_notredamedelapaix_26\"><img loading=\"lazy\" decoding=\"async\" src=\"https:\/\/etab.ac-reunion.fr\/clg-tamarins\/wp-content\/uploads\/sites\/56\/2015\/02\/ART_notredamedelapaix_26.jpg\" alt=\"ART_notredamedelapaix_26\" width=\"150\" height=\"150\" \/><span class=\"su-custom-gallery-title\">ART_notredamedelapaix_26<\/span><\/a><\/div><div class=\"su-custom-gallery-slide\" style=\"width:150px;height:150px\"><a href=\"https:\/\/etab.ac-reunion.fr\/clg-tamarins\/wp-content\/uploads\/sites\/56\/2015\/02\/ART_notredamedelapaix_24.jpg\" title=\"ART_notredamedelapaix_24\"><img loading=\"lazy\" decoding=\"async\" src=\"https:\/\/etab.ac-reunion.fr\/clg-tamarins\/wp-content\/uploads\/sites\/56\/2015\/02\/ART_notredamedelapaix_24.jpg\" alt=\"ART_notredamedelapaix_24\" width=\"150\" height=\"150\" \/><span class=\"su-custom-gallery-title\">ART_notredamedelapaix_24<\/span><\/a><\/div><div class=\"su-custom-gallery-slide\" style=\"width:150px;height:150px\"><a href=\"https:\/\/etab.ac-reunion.fr\/clg-tamarins\/wp-content\/uploads\/sites\/56\/2015\/02\/ART_notredamedelapaix_33.jpg\" title=\"ART_notredamedelapaix_33\"><img loading=\"lazy\" decoding=\"async\" src=\"https:\/\/etab.ac-reunion.fr\/clg-tamarins\/wp-content\/uploads\/sites\/56\/2015\/02\/ART_notredamedelapaix_33.jpg\" alt=\"ART_notredamedelapaix_33\" width=\"150\" height=\"150\" \/><span class=\"su-custom-gallery-title\">ART_notredamedelapaix_33<\/span><\/a><\/div><div class=\"su-custom-gallery-slide\" style=\"width:150px;height:150px\"><a href=\"https:\/\/etab.ac-reunion.fr\/clg-tamarins\/wp-content\/uploads\/sites\/56\/2015\/02\/ART_notredamedelapaix_32.jpg\" title=\"ART_notredamedelapaix_32\"><img loading=\"lazy\" decoding=\"async\" src=\"https:\/\/etab.ac-reunion.fr\/clg-tamarins\/wp-content\/uploads\/sites\/56\/2015\/02\/ART_notredamedelapaix_32.jpg\" alt=\"ART_notredamedelapaix_32\" width=\"150\" height=\"150\" \/><span class=\"su-custom-gallery-title\">ART_notredamedelapaix_32<\/span><\/a><\/div><div class=\"su-custom-gallery-slide\" style=\"width:150px;height:150px\"><a href=\"https:\/\/etab.ac-reunion.fr\/clg-tamarins\/wp-content\/uploads\/sites\/56\/2015\/02\/ART_notredamedelapaix_31.jpg\" title=\"ART_notredamedelapaix_31\"><img loading=\"lazy\" decoding=\"async\" src=\"https:\/\/etab.ac-reunion.fr\/clg-tamarins\/wp-content\/uploads\/sites\/56\/2015\/02\/ART_notredamedelapaix_31.jpg\" alt=\"ART_notredamedelapaix_31\" width=\"150\" height=\"150\" \/><span class=\"su-custom-gallery-title\">ART_notredamedelapaix_31<\/span><\/a><\/div><div class=\"su-custom-gallery-slide\" style=\"width:150px;height:150px\"><a href=\"https:\/\/etab.ac-reunion.fr\/clg-tamarins\/wp-content\/uploads\/sites\/56\/2015\/02\/ART_notredamedelapaix_29.jpg\" title=\"ART_notredamedelapaix_29\"><img loading=\"lazy\" decoding=\"async\" src=\"https:\/\/etab.ac-reunion.fr\/clg-tamarins\/wp-content\/uploads\/sites\/56\/2015\/02\/ART_notredamedelapaix_29.jpg\" alt=\"ART_notredamedelapaix_29\" width=\"150\" height=\"150\" \/><span class=\"su-custom-gallery-title\">ART_notredamedelapaix_29<\/span><\/a><\/div><div class=\"su-clear\"><\/div><\/div>\n<p>&nbsp;<\/p>\n<div class=\"su-box su-box-style-soft\" id=\"\" style=\"border-color:#00013f;border-radius:3px;max-width:none\"><div class=\"su-box-title\" style=\"background-color:#063472;color:#FFFFFF;border-top-left-radius:1px;border-top-right-radius:1px\">Quelle critique pourriez vous faire ? <\/div><div class=\"su-box-content su-u-clearfix su-u-trim\" style=\"border-bottom-left-radius:1px;border-bottom-right-radius:1px\">\n<p><strong>Victor Ibrahim<\/strong>:\u00a0C&rsquo;\u00e9tait bien agr\u00e9able, super cool et \u00e9ducatif.<\/p>\n<p><strong>Abdallah Saihaan<\/strong>: J&rsquo;ai tellement ador\u00e9 la sortie que je n&rsquo;ai rien \u00e0 dire, et j&rsquo;ai ador\u00e9, je me suis bien amus\u00e9 et j&rsquo;esp\u00e8re refaire une sortie comme \u00e7a et je remercie infiniment \u00e0 M. Rabouille d&rsquo;avoir organis\u00e9 cette sortie.<\/p>\n<p><strong>Verin Noa<\/strong>:\u00a0J&rsquo;ai aim\u00e9 cette sortie dans les bois, il fait frais, il y a de la v\u00e9g\u00e9tation et les plantes sont bien tenues.<\/p>\n<p><strong>Payet Lucas<\/strong>:\u00a0Pendant cette visite, ce que j&rsquo;ai le plus aim\u00e9 c&rsquo;est la for\u00eat, les oiseaux, les remparts, il n&rsquo;y a pas de trucs que j&rsquo;ai d\u00e9test\u00e9.<\/p>\n<\/div><\/div>\n<p>&nbsp;<\/p>\n<h1>Le parc national<\/h1>\n<div class=\"su-box su-box-style-glass\" id=\"\" style=\"border-color:#003f00;border-radius:3px;max-width:none\"><div class=\"su-box-title\" style=\"background-color:#067229;color:#FFFFFF;border-top-left-radius:1px;border-top-right-radius:1px\">Pr\u00e9sentation<\/div><div class=\"su-box-content su-u-clearfix su-u-trim\" style=\"border-bottom-left-radius:1px;border-bottom-right-radius:1px\"><span style=\"font-size: 12pt\">Le Parc national de La R\u00e9union a \u00e9t\u00e9 cr\u00e9\u00e9 en mars 2007. C\u2019est le 9\u00e8me Parc national fran\u00e7ais. Il est, depuis le 1er ao\u00fbt 2010, gestionnaire du Bien naturel \u00ab\u00a0Pitons, cirques et remparts de l\u2019\u00eele de La R\u00e9union\u00a0\u00bb inscrit sur la liste du patrimoine mondial de l\u2019UNESCO. <a href=\"http:\/\/www.reunion-parcnational.fr\/\" target=\"_blank\">http:\/\/www.reunion-parcnational.fr\/<\/a><\/span><\/div><\/div>\n<p>&nbsp;<\/p>\n<p>&nbsp;<\/p>\n<p>&nbsp;<\/p>\n","protected":false},"excerpt":{"rendered":"<p>En sortie \u00e0 Notre-Dame de la paix, avec leur professeur de g\u00e9ographie \u00a0Mr Rabouille, les \u00e9l\u00e8ves de 5\u00e8me longanis ont d\u00e9couvert la flore et la faune des hauts. Ils sont eu la chance d\u2019\u00eatre accompagn\u00e9s par deux guides du parc national, Yannick et Jean-Bernard qui leur ont montr\u00e9 les arbres\u2026<\/p>\n<p class=\"continue-reading-button\"> <a class=\"continue-reading-link\" href=\"https:\/\/etab.ac-reunion.fr\/clg-tamarins\/sortie-des-5ieme-longanis-a-notre-dame-de-la-paix\/\">Continuer \u00e0 lire<i class=\"crycon-right-dir\"><\/i><\/a><\/p>\n","protected":false},"author":912,"featured_media":2757,"comment_status":"closed","ping_status":"closed","sticky":false,"template":"","format":"standard","meta":{"footnotes":""},"categories":[186,107,273],"tags":[184,185,187,183,274],"class_list":["post-2769","post","type-post","status-publish","format-standard","has-post-thumbnail","hentry","category-5eme-longanis","category-histoire-geographie","category-sorties","tag-faune-reunionnaise","tag-flore-reunionnaise","tag-notre-dame-de-la-paix","tag-patrimoine-reunionnais","tag-sorties"],"_links":{"self":[{"href":"https:\/\/etab.ac-reunion.fr\/clg-tamarins\/wp-json\/wp\/v2\/posts\/2769","targetHints":{"allow":["GET"]}}],"collection":[{"href":"https:\/\/etab.ac-reunion.fr\/clg-tamarins\/wp-json\/wp\/v2\/posts"}],"about":[{"href":"https:\/\/etab.ac-reunion.fr\/clg-tamarins\/wp-json\/wp\/v2\/types\/post"}],"author":[{"embeddable":true,"href":"https:\/\/etab.ac-reunion.fr\/clg-tamarins\/wp-json\/wp\/v2\/users\/912"}],"replies":[{"embeddable":true,"href":"https:\/\/etab.ac-reunion.fr\/clg-tamarins\/wp-json\/wp\/v2\/comments?post=2769"}],"version-history":[{"count":13,"href":"https:\/\/etab.ac-reunion.fr\/clg-tamarins\/wp-json\/wp\/v2\/posts\/2769\/revisions"}],"predecessor-version":[{"id":2865,"href":"https:\/\/etab.ac-reunion.fr\/clg-tamarins\/wp-json\/wp\/v2\/posts\/2769\/revisions\/2865"}],"wp:featuredmedia":[{"embeddable":true,"href":"https:\/\/etab.ac-reunion.fr\/clg-tamarins\/wp-json\/wp\/v2\/media\/2757"}],"wp:attachment":[{"href":"https:\/\/etab.ac-reunion.fr\/clg-tamarins\/wp-json\/wp\/v2\/media?parent=2769"}],"wp:term":[{"taxonomy":"category","embeddable":true,"href":"https:\/\/etab.ac-reunion.fr\/clg-tamarins\/wp-json\/wp\/v2\/categories?post=2769"},{"taxonomy":"post_tag","embeddable":true,"href":"https:\/\/etab.ac-reunion.fr\/clg-tamarins\/wp-json\/wp\/v2\/tags?post=2769"}],"curies":[{"name":"wp","href":"https:\/\/api.w.org\/{rel}","templated":true}]}}