{"id":2921,"date":"2015-03-16T13:22:18","date_gmt":"2015-03-16T09:22:18","guid":{"rendered":"http:\/\/college-les-tamarins.ac-reunion.fr\/?page_id=2921"},"modified":"2015-03-26T16:09:08","modified_gmt":"2015-03-26T12:09:08","slug":"voyage-en-espagne-en-direct","status":"publish","type":"post","link":"https:\/\/etab.ac-reunion.fr\/clg-tamarins\/voyage-en-espagne-en-direct\/","title":{"rendered":"Le Voyage en Espagne &#8211; 1"},"content":{"rendered":"<ul id=\"menu-voyage-en-espagne\" class=\"menu menu_horizontal\"><li id=\"menu-item-2986\" class=\"menu-item menu-item-type-post_type menu-item-object-page menu-item-2986\"><a href=\"https:\/\/etab.ac-reunion.fr\/clg-tamarins\/voyage-en-espagne-en-direct\/\">Vendredi 13 &#8211; Samedi 14<\/a><\/li>\n<li id=\"menu-item-2985\" class=\"menu-item menu-item-type-post_type menu-item-object-page menu-item-2985\"><a href=\"https:\/\/etab.ac-reunion.fr\/clg-tamarins\/le-voyage-en-espagne-en-direct\/\">Dimanche 15 &#8211; Lundi 16<\/a><\/li>\n<li id=\"menu-item-3045\" class=\"menu-item menu-item-type-post_type menu-item-object-page menu-item-3045\"><a href=\"https:\/\/etab.ac-reunion.fr\/clg-tamarins\/le-voyage-en-espagne-en-direct-3\/\">Du Mardi 17 au Jeudi 19<\/a><\/li>\n<li id=\"menu-item-3076\" class=\"menu-item menu-item-type-post_type menu-item-object-page menu-item-3076\"><a href=\"https:\/\/etab.ac-reunion.fr\/clg-tamarins\/le-voyage-en-espagne-en-direct-4\/\">Vendredi 20<\/a><\/li>\n<li id=\"menu-item-3217\" class=\"menu-item menu-item-type-post_type menu-item-object-post menu-item-3217\"><a href=\"https:\/\/etab.ac-reunion.fr\/clg-tamarins\/le-voyage-en-espagne-5\/\">Samedi 21<\/a><\/li>\n<li id=\"menu-item-3190\" class=\"menu-item menu-item-type-post_type menu-item-object-page menu-item-3190\"><a href=\"https:\/\/etab.ac-reunion.fr\/clg-tamarins\/le-voyage-en-espagne-en-direct-6\/\">Dimanche 22 &#8211; Lundi 23<\/a><\/li>\n<li id=\"menu-item-3226\" class=\"menu-item menu-item-type-post_type menu-item-object-post menu-item-3226\"><a href=\"https:\/\/etab.ac-reunion.fr\/clg-tamarins\/voyage-en-espagne-diaporama\/\">Diaporama<\/a><\/li>\n<\/ul>\n<h1>Vendredi 13 \u00a0&#8211; Samedi 14 : Le voyage d&rsquo;aller<\/h1>\n<div>Apr\u00e8s 18 mois d&rsquo;une longue r\u00e9paration, nous voici, enfin, en route pour l&rsquo;Espagne.<\/div>\n<div>D&rsquo;abord, le vendredi 13 mars, rendez-vous au coll\u00e8ge avec les valises pour prendre le bus qui nous am\u00e8nera \u00e0 l&rsquo;a\u00e9roport Roland Garros o\u00f9 nous d\u00e9collons pour Paris \u00e0 21h45.<\/div>\n<div>Apr\u00e8s un \u00a0peu plus de 10 heures de vol relativement calmes, nous atterrissons \u00e0 l&rsquo;a\u00e9roport Orly Ouest \u00e0 6h10 (heure locale) o\u00f9 nous accueille une temp\u00e9rature de 4\u00b0 !!! \u00a1 Dios m\u00edo, este fr\u00edo que hace !<\/div>\n<div>Nous r\u00e9cup\u00e9rons d&rsquo;abord nos bagages, puis prenons une navette qui nous conduit \u00e0 l&rsquo;autre a\u00e9roport parisien, Roissy Charles de Gaulle, o\u00f9 nous devons prendre une correspondance pour Madrid.<\/div>\n<div>Mais avant de reprendre l&rsquo;avion, nous faisons une petite halte dans une caf\u00e9t\u00e9ria pour prendre un solide petit d\u00e9jeuner.<\/div>\n<div>Ensuite \u00e0 12h55, cap sur Madrid, o\u00f9 nous arrivons \u00e0 15h05 apr\u00e8s un vol un peu mouvement\u00e9. Sur place, nous attend notre guide \u00c1frica, charg\u00e9e de nous accueillir et de nous pr\u00e9senter \u00e0 \u00a0nos familles \u00e0 Alcal\u00e1 de Henares. Il fait beau et les temp\u00e9ratures sont plus douces qu&rsquo;\u00e0 Paris.<\/div>\n<div>A 16h, tout le monde fait la connaissance de sa famille d&rsquo;accueil qui nous ram\u00e8ne chez elle. Apr\u00e8s nous avoir servi \u00a0quelque chose \u00e0 manger, certaines familles proposent aux \u00e9l\u00e8ves d&rsquo;aller se balader avec elles dans les rues de Alcal\u00e1. Et c&rsquo;est avec plaisir que nous nous retrouvons pour certains avec nos h\u00f4tes dans les rues anim\u00e9es de cette charmante ville.<\/div>\n<div>De retour dans les foyers, nos nous empressons de d\u00eener, de nous doucher et de nous coucher pour enfin glisser dans les bras de Morph\u00e9e !<\/div>\n<p>&nbsp;<\/p>\n<h2 style=\"text-align: center\">Rendez-vous au coll\u00e8ge avant le d\u00e9part<\/h2>\n<p>&nbsp;<\/p>\n<p><img decoding=\"async\" class=\"aligncenter\" src=\"https:\/\/etab.ac-reunion.fr\/clg-tamarins\/wp-content\/uploads\/sites\/56\/2015\/03\/ART-esp-RDV-AU-COLLEGE.jpg\" alt=\"Rendez-vous au coll\u00e8ge avant le d\u00e9part\" width=\"100%\" height=\"100%\" \/><\/p>\n<p>&nbsp;<\/p>\n<h2 style=\"text-align: center\">Arriv\u00e9e \u00e0 Orly Ouest: il fait tr\u00e8s froid !<\/h2>\n<p><img decoding=\"async\" class=\" aligncenter\" src=\"https:\/\/etab.ac-reunion.fr\/clg-tamarins\/wp-content\/uploads\/sites\/56\/2015\/03\/ART-esp-ARRIVEE-A-ORLY.jpg\" alt=\"Arriv\u00e9e \u00e0 Orly Ouest: il fait tr\u00e8s froid !\" width=\"100%\" height=\"100%\" \/><\/p>\n<p>&nbsp;<\/p>\n<h2 style=\"text-align: center\">Nous r\u00e9cup\u00e9rons nos valises<\/h2>\n<p><img decoding=\"async\" class=\" aligncenter\" src=\"https:\/\/etab.ac-reunion.fr\/clg-tamarins\/wp-content\/uploads\/sites\/56\/2015\/03\/ART-esp-RECUPERATION-DES-VALISES.jpg\" alt=\"Nous r\u00e9cup\u00e9rons nos valises\" width=\"100%\" height=\"100%\" \/><\/p>\n<p><img decoding=\"async\" class=\" aligncenter\" src=\"https:\/\/etab.ac-reunion.fr\/clg-tamarins\/wp-content\/uploads\/sites\/56\/2015\/03\/ART-esp-RECUPERATION-DES-VALISES2.jpg\" alt=\"Nous r\u00e9cup\u00e9rons nos valises\" width=\"100%\" height=\"100%\" \/><\/p>\n<p>&nbsp;<\/p>\n<h2 style=\"text-align: center\">Nous attendons \u00e0 l&rsquo;ext\u00e9rieur, la navette qui relie les 2 a\u00e9roports<\/h2>\n<p><img decoding=\"async\" class=\" aligncenter\" src=\"https:\/\/etab.ac-reunion.fr\/clg-tamarins\/wp-content\/uploads\/sites\/56\/2015\/03\/ART-esp-ATTENTE-A-LECTERIEUR-DE-LA-NAVETTE.jpg\" alt=\"Nous attendons \u00e0 l'ext\u00e9rieur, la navette qui relie les 2 a\u00e9roports\" width=\"100%\" height=\"100%\" \/><\/p>\n<p>&nbsp;<\/p>\n<h2 style=\"text-align: center\">Repos \u00e0 m\u00eame le sol avant de reprendre l&rsquo;avion pour Madrid<\/h2>\n<p><img decoding=\"async\" class=\" aligncenter\" src=\"https:\/\/etab.ac-reunion.fr\/clg-tamarins\/wp-content\/uploads\/sites\/56\/2015\/03\/ART-esp-REPOS-AVNT-LAVION-POUR-MADRID.jpg\" alt=\"Nous r\u00e9cup\u00e9rons nos valises\" width=\"100%\" height=\"100%\" \/><\/p>\n<p>&nbsp;<\/p>\n<h2 style=\"text-align: center\">Dans l&rsquo;avion<\/h2>\n<p><img decoding=\"async\" class=\" aligncenter\" src=\"https:\/\/etab.ac-reunion.fr\/clg-tamarins\/wp-content\/uploads\/sites\/56\/2015\/03\/ART-esp-DANS-LAVION.jpg\" alt=\"Dans l'avion\" width=\"100%\" height=\"100%\" \/><\/p>\n<p>&nbsp;<\/p>\n<h2 style=\"text-align: center\">Vues d&rsquo;Espagne depuis l&rsquo;avion avant l&rsquo;atterrissage<\/h2>\n<p><img decoding=\"async\" class=\" aligncenter\" src=\"https:\/\/etab.ac-reunion.fr\/clg-tamarins\/wp-content\/uploads\/sites\/56\/2015\/03\/ART-esp-APERCU-AERIEN-DE-LESPAGNE.jpg\" alt=\"Vue d'Espagne depuis l'avion avant l'atterrissage \" width=\"100%\" height=\"100%\" \/><\/p>\n<p><img decoding=\"async\" class=\" aligncenter\" src=\"https:\/\/etab.ac-reunion.fr\/clg-tamarins\/wp-content\/uploads\/sites\/56\/2015\/03\/ART-esp-APERCU-AERIEN-DE-LESPAGNE2.jpg\" alt=\"Vue d'Espagne depuis l'avion avant l'atterrissage \" width=\"100%\" height=\"100%\" \/><\/p>\n<p>&nbsp;<\/p>\n<h2 style=\"text-align: center\">On se retrouve dans les rues de Alcal\u00e1 avec quelques \u00e9l\u00e8ves et leurs familles<\/h2>\n<p><img decoding=\"async\" class=\" aligncenter\" src=\"https:\/\/etab.ac-reunion.fr\/clg-tamarins\/wp-content\/uploads\/sites\/56\/2015\/03\/ART-esp-RUES-DE-ALCALA-AVEC-LES-FAMILLES.jpg\" alt=\"On se retrouve dans les rues de Alcal\u00e1 avec quelques \u00e9l\u00e8ves et leurs familles\" width=\"100%\" height=\"100%\" \/><br \/>\n<img decoding=\"async\" class=\" aligncenter\" src=\"https:\/\/etab.ac-reunion.fr\/clg-tamarins\/wp-content\/uploads\/sites\/56\/2015\/03\/ART-esp-RUES-DE-ALCALA-AVEC-LES-FAMILLES-.jpg\" alt=\"On se retrouve dans les rues de Alcal\u00e1 avec quelques \u00e9l\u00e8ves et leurs familles\" width=\"100%\" height=\"100%\" \/><\/p>\n[easyembed field=\u00a0\u00bbchanger_fond\u00a0\u00bb]\n","protected":false},"excerpt":{"rendered":"<p>Vendredi 13 \u2013 Samedi 14 : Le voyage d\u2019aller, Apr\u00e8s 18 mois d\u2019une longue r\u00e9paration, nous voici, enfin, en route pour l\u2019Espagne.<\/p>\n<p class=\"continue-reading-button\"> <a class=\"continue-reading-link\" href=\"https:\/\/etab.ac-reunion.fr\/clg-tamarins\/voyage-en-espagne-en-direct\/\">Continuer \u00e0 lire<i class=\"crycon-right-dir\"><\/i><\/a><\/p>\n","protected":false},"author":3687,"featured_media":2920,"comment_status":"closed","ping_status":"closed","sticky":false,"template":"page-full.php","format":"standard","meta":{"footnotes":""},"categories":[188,83,31],"tags":[83,285],"class_list":["post-2921","post","type-post","status-publish","format-standard","has-post-thumbnail","hentry","category-nouveaute1","category-voyage-en-espagne","category-voyages","tag-voyage-en-espagne","tag-voyages"],"_links":{"self":[{"href":"https:\/\/etab.ac-reunion.fr\/clg-tamarins\/wp-json\/wp\/v2\/posts\/2921","targetHints":{"allow":["GET"]}}],"collection":[{"href":"https:\/\/etab.ac-reunion.fr\/clg-tamarins\/wp-json\/wp\/v2\/posts"}],"about":[{"href":"https:\/\/etab.ac-reunion.fr\/clg-tamarins\/wp-json\/wp\/v2\/types\/post"}],"author":[{"embeddable":true,"href":"https:\/\/etab.ac-reunion.fr\/clg-tamarins\/wp-json\/wp\/v2\/users\/3687"}],"replies":[{"embeddable":true,"href":"https:\/\/etab.ac-reunion.fr\/clg-tamarins\/wp-json\/wp\/v2\/comments?post=2921"}],"version-history":[{"count":17,"href":"https:\/\/etab.ac-reunion.fr\/clg-tamarins\/wp-json\/wp\/v2\/posts\/2921\/revisions"}],"predecessor-version":[{"id":3231,"href":"https:\/\/etab.ac-reunion.fr\/clg-tamarins\/wp-json\/wp\/v2\/posts\/2921\/revisions\/3231"}],"wp:featuredmedia":[{"embeddable":true,"href":"https:\/\/etab.ac-reunion.fr\/clg-tamarins\/wp-json\/wp\/v2\/media\/2920"}],"wp:attachment":[{"href":"https:\/\/etab.ac-reunion.fr\/clg-tamarins\/wp-json\/wp\/v2\/media?parent=2921"}],"wp:term":[{"taxonomy":"category","embeddable":true,"href":"https:\/\/etab.ac-reunion.fr\/clg-tamarins\/wp-json\/wp\/v2\/categories?post=2921"},{"taxonomy":"post_tag","embeddable":true,"href":"https:\/\/etab.ac-reunion.fr\/clg-tamarins\/wp-json\/wp\/v2\/tags?post=2921"}],"curies":[{"name":"wp","href":"https:\/\/api.w.org\/{rel}","templated":true}]}}