{"id":2944,"date":"2015-03-17T17:19:30","date_gmt":"2015-03-17T13:19:30","guid":{"rendered":"http:\/\/college-les-tamarins.ac-reunion.fr\/?page_id=2944"},"modified":"2015-03-26T16:08:15","modified_gmt":"2015-03-26T12:08:15","slug":"le-voyage-en-espagne-en-direct","status":"publish","type":"post","link":"https:\/\/etab.ac-reunion.fr\/clg-tamarins\/le-voyage-en-espagne-en-direct\/","title":{"rendered":"Le Voyage en Espagne &#8211; 2"},"content":{"rendered":"<ul id=\"menu-voyage-en-espagne\" class=\"menu menu_horizontal\"><li id=\"menu-item-2986\" class=\"menu-item menu-item-type-post_type menu-item-object-page menu-item-2986\"><a href=\"https:\/\/etab.ac-reunion.fr\/clg-tamarins\/voyage-en-espagne-en-direct\/\">Vendredi 13 &#8211; Samedi 14<\/a><\/li>\n<li id=\"menu-item-2985\" class=\"menu-item menu-item-type-post_type menu-item-object-page menu-item-2985\"><a href=\"https:\/\/etab.ac-reunion.fr\/clg-tamarins\/le-voyage-en-espagne-en-direct\/\">Dimanche 15 &#8211; Lundi 16<\/a><\/li>\n<li id=\"menu-item-3045\" class=\"menu-item menu-item-type-post_type menu-item-object-page menu-item-3045\"><a href=\"https:\/\/etab.ac-reunion.fr\/clg-tamarins\/le-voyage-en-espagne-en-direct-3\/\">Du Mardi 17 au Jeudi 19<\/a><\/li>\n<li id=\"menu-item-3076\" class=\"menu-item menu-item-type-post_type menu-item-object-page menu-item-3076\"><a href=\"https:\/\/etab.ac-reunion.fr\/clg-tamarins\/le-voyage-en-espagne-en-direct-4\/\">Vendredi 20<\/a><\/li>\n<li id=\"menu-item-3217\" class=\"menu-item menu-item-type-post_type menu-item-object-post menu-item-3217\"><a href=\"https:\/\/etab.ac-reunion.fr\/clg-tamarins\/le-voyage-en-espagne-5\/\">Samedi 21<\/a><\/li>\n<li id=\"menu-item-3190\" class=\"menu-item menu-item-type-post_type menu-item-object-page menu-item-3190\"><a href=\"https:\/\/etab.ac-reunion.fr\/clg-tamarins\/le-voyage-en-espagne-en-direct-6\/\">Dimanche 22 &#8211; Lundi 23<\/a><\/li>\n<li id=\"menu-item-3226\" class=\"menu-item menu-item-type-post_type menu-item-object-post menu-item-3226\"><a href=\"https:\/\/etab.ac-reunion.fr\/clg-tamarins\/voyage-en-espagne-diaporama\/\">Diaporama<\/a><\/li>\n<\/ul>\n<h1>Dimanche 15<\/h1>\n<div>\n<p>C&rsquo;est une journ\u00e9e sans bus au cours de laquelle nous sommes livr\u00e9s \u00e0 nous-m\u00eames et nous visitons une partie de Alcal\u00e1 de Henares.<\/p>\n<p>Il fait tr\u00e8s tr\u00e8s froid aujourd&rsquo;hui et un vent sec nous pique le visage. Certains \u00e9l\u00e8ves sont d\u00e9j\u00e0 enrhum\u00e9s, mais \u00e7a ne les emp\u00eache pas de parcourir la ville avec nous.<\/p>\n<p>D&rsquo;abord, nous nous rendons \u00e0 \u00ab\u00a0<strong>la Casa Natal de Cervantes<\/strong>\u00ab\u00a0, la maison o\u00f9 a v\u00e9cu le tr\u00e8s c\u00e9l\u00e8bre Miquel de Cervantes, auteur de l&rsquo;un des chefs d\u2019\u0153uvres de la litt\u00e9rature espagnole \u00ab\u00a0Don Quijote de la Mancha\u00a0\u00bb.<\/p>\n<p>Apr\u00e8s cela, nous nous dirigeons vers\u00a0<strong>le mus\u00e9e arch\u00e9ologique<\/strong>\u00a0o\u00f9 nous parcourons les salles au rythme de l&rsquo;\u00e9volution de l&rsquo;homme et de son environnement.<\/p>\n<p>A l&rsquo;issue de ces \u00a0premi\u00e8res visites plus ou moins int\u00e9ressantes, nous allons d\u00e9jeuner dans le parc O&rsquo;Donnel, situ\u00e9 \u00e0 proximit\u00e9. Certains \u00e9l\u00e8ves grimacent en d\u00e9couvrant le pique-nique que leur ont pr\u00e9par\u00e9 les familles, d&rsquo;autres, au contraire se r\u00e9jouissent de ce qu&rsquo;ils mangent.<\/p>\n<p>Mais il fait tellement froid et \u00a0nous avons tellement mal aux pieds que nous d\u00e9cidons d&rsquo;aller nous r\u00e9chauffer dans un Mc Donald tout proche o\u00f9 caf\u00e9, th\u00e9 et chocolat chaud sont les bienvenus.<\/p>\n<p>A \u00a016h, retour au parc o\u00f9 nous attend \u00c1frica, notre correspondant local, pour nous conduire \u00e0 pied au centre commercial Alcal\u00e1 Magna.<\/p>\n<p>Cette journ\u00e9e fut particuli\u00e8rement \u00e9puisante car nous avons beaucoup march\u00e9 et avons souffert du froid.<\/p>\n<\/div>\n<p>&nbsp;<\/p>\n<div><span style=\"font-size: 14pt\">Sophie FACONNIER<\/span><\/div>\n<p>&nbsp;<\/p>\n<h2 style=\"text-align: center\">Mathias et Mme Gonthier dans la Casa Natal de Cervantes<\/h2>\n<div><\/div>\n<div><img decoding=\"async\" class=\" aligncenter\" src=\"https:\/\/etab.ac-reunion.fr\/clg-tamarins\/wp-content\/uploads\/sites\/56\/2015\/03\/ART-esp-0-mathias-casanataldecervantes.jpg\" alt=\"\" width=\"100%\" height=\"100%\" \/><\/div>\n<p>&nbsp;<\/p>\n<h2 style=\"text-align: center\">Devant la Casa Natal de Cervantes avec les statues des c\u00e9l\u00e8bres Don Quijote de la Mancha et \u00a0Sancho Panza<\/h2>\n<div><\/div>\n<div><img decoding=\"async\" class=\" aligncenter\" src=\"https:\/\/etab.ac-reunion.fr\/clg-tamarins\/wp-content\/uploads\/sites\/56\/2015\/03\/ART-esp-0a-cassanataldonquijote.jpg\" alt=\"\" width=\"100%\" height=\"100%\" \/><\/div>\n<p>&nbsp;<\/p>\n<h2 style=\"text-align: center\">Des douceurs tr\u00e8s originales ont attir\u00e9 notre regard dans les vitrines de Alcal\u00e1<\/h2>\n<div><\/div>\n<div><img decoding=\"async\" class=\" aligncenter\" src=\"https:\/\/etab.ac-reunion.fr\/clg-tamarins\/wp-content\/uploads\/sites\/56\/2015\/03\/ART-esp-0b-douceurs.jpg\" alt=\"\" width=\"100%\" height=\"100%\" \/><\/div>\n<p>&nbsp;<\/p>\n<h2 style=\"text-align: center\">Petite pause pour se r\u00e9chauffer au Mac Donald&rsquo;s<\/h2>\n<div><\/div>\n<div><img decoding=\"async\" class=\" aligncenter\" src=\"https:\/\/etab.ac-reunion.fr\/clg-tamarins\/wp-content\/uploads\/sites\/56\/2015\/03\/ART-esp-0c-mcdo.jpg\" alt=\"\" width=\"100%\" height=\"100%\" \/><\/div>\n<p>&nbsp;<\/p>\n<h1>Lundi 16<\/h1>\n<div>\n<p>Aujourd&rsquo;hui, direction la capitale Madrid ! Il fait moins froid qu&rsquo;hier et un magnifique soleil illumine le ciel.<\/p>\n<p>Un guide nous accompagne et nous commen\u00e7ons par une visite panoramique de la ville avec des arr\u00eats aux sites les plus touristiques et les plus connus de Madrid:\u00a0<strong>le temple \u00e9gyptien de D\u00e9bod<\/strong>, l&rsquo;ext\u00e9rieur du\u00a0<strong>Palais Royal<\/strong>,<strong>\u00a0la calle Mayor, la Puerta del Sol\u00a0<\/strong>(o\u00f9 nous tombons nez \u00e0 nez avec une cr\u00e9ature assez \u00e9trange !).<\/p>\n<p>Nous allons ensuite au tr\u00e8s connu\u00a0<strong>Mus\u00e9e du Prado<\/strong>\u00a0que nous visitons assez rapidement mais dans lequel nous pouvons admirer (enfin !) pour de vrai les \u0153uvres des c\u00e9l\u00e8bres peintres espagnols Diego de Vel\u00e1zquez \u00ab\u00a0Las Meninas\u00a0\u00bb et Francisco de Goya \u00ab\u00a0El tres de Mayo\u00a0\u00bb.<\/p>\n<p>Apr\u00e8s cette visite, il est temps pour nous, d&rsquo;aller d\u00e9jeuner dans le magnifique\u00a0<strong>parc du Retiro.<\/strong>\u00a0C&rsquo;est l&rsquo;occasion pour nous de nous d\u00e9tendre dans l&rsquo;herbe mais surtout d&rsquo;admirer et de profiter des magnifiques jardins que nous offre ce parc.<\/p>\n<p>Apr\u00e8s le repas, nous parcourons admiratifs, les all\u00e9es de ce parc grandiose et nos pas nous conduisent jusqu&rsquo;\u00e0 \u00ab\u00a0el estanque del Retiro\u00a0\u00bb (le lac du Retiro) o\u00f9 nous louons des barques pour faire une petite balade sur l&rsquo;eau. Pas si facile que cela de ramer et de mener une barque ! Nous nous amusons comme des fous. Mais nous devons ensuite revenir au bus pour aller d\u00e9guster l&rsquo;une des plus c\u00e9l\u00e8bres sp\u00e9cialit\u00e9s espagnoles \u00ab\u00a0Churros con chocolate\u00a0\u00bb dans la chocolaterie San Gin\u00e9s. Tout simplement d\u00e9licieux ! \u00a1Delicioso !<\/p>\n<p>Apr\u00e8s cette journ\u00e9e fort agr\u00e9able, il est temps pour nous de rentrer et de retrouver nos familles qui sont toutes fort sympathiques et au petit soin avec nous.<\/p>\n<\/div>\n<p>&nbsp;<\/p>\n<div><span style=\"font-size: 14pt\">Sophie FACONNIER<\/span><\/div>\n<h2 style=\"text-align: center\">Devant le Temple \u00e9gyptien de Debob<\/h2>\n<div><\/div>\n<div><img decoding=\"async\" class=\" aligncenter\" src=\"https:\/\/etab.ac-reunion.fr\/clg-tamarins\/wp-content\/uploads\/sites\/56\/2015\/03\/ART-esp-1-Templo-de-Debod.jpg\" alt=\"\" width=\"100%\" height=\"100%\" \/><\/div>\n<p>&nbsp;<\/p>\n<h2 style=\"text-align: center\">Devant l&rsquo;une des entr\u00e9es du Palais Royal<\/h2>\n<div><\/div>\n<div><img decoding=\"async\" class=\" aligncenter\" src=\"https:\/\/etab.ac-reunion.fr\/clg-tamarins\/wp-content\/uploads\/sites\/56\/2015\/03\/ART-esp-2-Devant-le-Palais-Royal.jpg\" alt=\"\" width=\"100%\" height=\"100%\" \/><\/div>\n<p>&nbsp;<\/p>\n<h2 style=\"text-align: center\">Certains sont attentifs aux explications du guide&#8230; d&rsquo;autres le sont un peu moins<\/h2>\n<div><\/div>\n<div><img decoding=\"async\" class=\" aligncenter\" src=\"https:\/\/etab.ac-reunion.fr\/clg-tamarins\/wp-content\/uploads\/sites\/56\/2015\/03\/ART-esp-3-explicationsduguide.jpg\" alt=\"\" width=\"100%\" height=\"100%\" \/><\/div>\n<p>&nbsp;<\/p>\n<h2 style=\"text-align: center\">Adrien, Mathias et M&rsquo;Rick devant le Palais Royal<\/h2>\n<div><\/div>\n<div><img decoding=\"async\" class=\" aligncenter\" src=\"https:\/\/etab.ac-reunion.fr\/clg-tamarins\/wp-content\/uploads\/sites\/56\/2015\/03\/ART-esp-4-adrien-mathias-mrick.jpg\" alt=\"\" width=\"100%\" height=\"100%\" \/><\/div>\n<p>&nbsp;<\/p>\n<h2 style=\"text-align: center\">Devant l&rsquo;autre entr\u00e9e du Palais Royal<\/h2>\n<div><\/div>\n<div><img decoding=\"async\" class=\" aligncenter\" src=\"https:\/\/etab.ac-reunion.fr\/clg-tamarins\/wp-content\/uploads\/sites\/56\/2015\/03\/ART-esp-5-Devant-le-Palais-Royal.jpg\" alt=\"\" width=\"100%\" height=\"100%\" \/><\/div>\n<p>&nbsp;<\/p>\n<h2 style=\"text-align: center\">L&rsquo;\u00e9trange cr\u00e9ature de la Plaza Mayor<\/h2>\n<div><\/div>\n<div><img decoding=\"async\" class=\" aligncenter\" src=\"https:\/\/etab.ac-reunion.fr\/clg-tamarins\/wp-content\/uploads\/sites\/56\/2015\/03\/ART-esp-6-Puerta-del-Sol.jpg\" alt=\"\" width=\"100%\" height=\"100%\" \/><\/div>\n<p>&nbsp;<\/p>\n<h2 style=\"text-align: center\">A la Plaza Mayor<\/h2>\n<div><\/div>\n<div><img decoding=\"async\" class=\" aligncenter\" src=\"https:\/\/etab.ac-reunion.fr\/clg-tamarins\/wp-content\/uploads\/sites\/56\/2015\/03\/ART-esp-7-Puerta-del-Sol.jpg\" alt=\"\" width=\"100%\" height=\"100%\" \/><\/div>\n<p>&nbsp;<\/p>\n<h2 style=\"text-align: center\">Au mus\u00e9e du Prado, \u00e0 l&rsquo;int\u00e9rieur duquel il \u00e9tait interdit de prendre des photos<\/h2>\n<div><\/div>\n<div><img decoding=\"async\" class=\" aligncenter\" src=\"https:\/\/etab.ac-reunion.fr\/clg-tamarins\/wp-content\/uploads\/sites\/56\/2015\/03\/ART-esp-8-Mus\u00e9e-du-Prado.jpg\" alt=\"\" width=\"100%\" height=\"100%\" \/><\/div>\n<p>&nbsp;<\/p>\n<h2 style=\"text-align: center\">Pique nique au parc du Retiro<\/h2>\n<div><\/div>\n<div><img decoding=\"async\" class=\" aligncenter\" src=\"https:\/\/etab.ac-reunion.fr\/clg-tamarins\/wp-content\/uploads\/sites\/56\/2015\/03\/ART-esp-9-Retiro.jpg\" alt=\"\" width=\"100%\" height=\"100%\" \/><\/div>\n<p>&nbsp;<\/p>\n<div><img decoding=\"async\" class=\" aligncenter\" src=\"https:\/\/etab.ac-reunion.fr\/clg-tamarins\/wp-content\/uploads\/sites\/56\/2015\/03\/ART-esp-10-retiro.jpg\" alt=\"\" width=\"100%\" height=\"100%\" \/><\/div>\n<p>&nbsp;<\/p>\n<div><img decoding=\"async\" class=\" aligncenter\" src=\"https:\/\/etab.ac-reunion.fr\/clg-tamarins\/wp-content\/uploads\/sites\/56\/2015\/03\/ART-esp-12-Retiro.jpg\" alt=\"\" width=\"100%\" height=\"100%\" \/><\/div>\n<p>&nbsp;<\/p>\n<h2 style=\"text-align: center\">Ajanee, Drucilla et Merry en charmante compagnie avec es gardiens du parc<\/h2>\n<div><\/div>\n<div><img decoding=\"async\" class=\" aligncenter\" src=\"https:\/\/etab.ac-reunion.fr\/clg-tamarins\/wp-content\/uploads\/sites\/56\/2015\/03\/ART-esp-11-ajanee-drucilla-merry.jpg\" alt=\"\" width=\"100%\" height=\"100%\" \/><\/div>\n<p>&nbsp;<\/p>\n<h2 style=\"text-align: center\">Magnifiques arbres du parc du Retiro<\/h2>\n<div><\/div>\n<div><img decoding=\"async\" class=\" aligncenter\" src=\"https:\/\/etab.ac-reunion.fr\/clg-tamarins\/wp-content\/uploads\/sites\/56\/2015\/03\/ART-esp-13-Retiro.jpg\" alt=\"\" width=\"100%\" height=\"100%\" \/><\/div>\n<p>&nbsp;<\/p>\n<h2 style=\"text-align: center\">Petite ballade en barque sur le lac du Retiro<\/h2>\n<div><\/div>\n<div><img decoding=\"async\" class=\" aligncenter\" src=\"https:\/\/etab.ac-reunion.fr\/clg-tamarins\/wp-content\/uploads\/sites\/56\/2015\/03\/ART-esp-14-Barque.jpg\" alt=\"\" width=\"100%\" height=\"100%\" \/><\/div>\n<p>&nbsp;<\/p>\n<div><img decoding=\"async\" class=\" aligncenter\" src=\"https:\/\/etab.ac-reunion.fr\/clg-tamarins\/wp-content\/uploads\/sites\/56\/2015\/03\/ART-esp-15-Barque.jpg\" alt=\"\" width=\"100%\" height=\"100%\" \/><\/div>\n<p>&nbsp;<\/p>\n<div><img decoding=\"async\" class=\" aligncenter\" src=\"https:\/\/etab.ac-reunion.fr\/clg-tamarins\/wp-content\/uploads\/sites\/56\/2015\/03\/ART-esp-16-Barque.jpg\" alt=\"\" width=\"100%\" height=\"100%\" \/><\/div>\n<p>&nbsp;<\/p>\n<div><img decoding=\"async\" class=\" aligncenter\" src=\"https:\/\/etab.ac-reunion.fr\/clg-tamarins\/wp-content\/uploads\/sites\/56\/2015\/03\/ART-esp-17-Barque.jpg\" alt=\"\" width=\"100%\" height=\"100%\" \/><\/div>\n<p>&nbsp;<\/p>\n<h2 style=\"text-align: center\">D\u00e9gustation de \u00ab\u00a0Churros con chocolate\u00a0\u00bb \u00e0 San Gin\u00e9s<\/h2>\n<div><\/div>\n<div><img decoding=\"async\" class=\" aligncenter\" src=\"https:\/\/etab.ac-reunion.fr\/clg-tamarins\/wp-content\/uploads\/sites\/56\/2015\/03\/ART-esp-18-Churros-con-chocolate.jpg\" alt=\"\" width=\"100%\" height=\"100%\" \/><\/div>\n<p>&nbsp;<\/p>\n<div><img decoding=\"async\" class=\" aligncenter\" src=\"https:\/\/etab.ac-reunion.fr\/clg-tamarins\/wp-content\/uploads\/sites\/56\/2015\/03\/ART-esp-19-degust.jpg\" alt=\"\" width=\"100%\" height=\"100%\" \/><\/div>\n<p>&nbsp;<\/p>\n<div><img decoding=\"async\" class=\" aligncenter\" src=\"https:\/\/etab.ac-reunion.fr\/clg-tamarins\/wp-content\/uploads\/sites\/56\/2015\/03\/ART-esp-20-degust.jpg\" alt=\"\" width=\"100%\" height=\"100%\" \/><\/div>\n","protected":false},"excerpt":{"rendered":"<p>Dimanche 15 \u2013 Lundi 16: la Casa Natal de Cervantes, le mus\u00e9e arch\u00e9ologique, le temple \u00e9gyptien de D\u00e9bod, Palais Royal, la calle Mayor, la Puerta del Sol, Mus\u00e9e du Prado, parc du Retiro<\/p>\n<p class=\"continue-reading-button\"> <a class=\"continue-reading-link\" href=\"https:\/\/etab.ac-reunion.fr\/clg-tamarins\/le-voyage-en-espagne-en-direct\/\">Continuer \u00e0 lire<i class=\"crycon-right-dir\"><\/i><\/a><\/p>\n","protected":false},"author":3687,"featured_media":2952,"comment_status":"closed","ping_status":"closed","sticky":false,"template":"page-full.php","format":"standard","meta":{"footnotes":""},"categories":[83,31],"tags":[83,285],"class_list":["post-2944","post","type-post","status-publish","format-standard","has-post-thumbnail","hentry","category-voyage-en-espagne","category-voyages","tag-voyage-en-espagne","tag-voyages"],"_links":{"self":[{"href":"https:\/\/etab.ac-reunion.fr\/clg-tamarins\/wp-json\/wp\/v2\/posts\/2944","targetHints":{"allow":["GET"]}}],"collection":[{"href":"https:\/\/etab.ac-reunion.fr\/clg-tamarins\/wp-json\/wp\/v2\/posts"}],"about":[{"href":"https:\/\/etab.ac-reunion.fr\/clg-tamarins\/wp-json\/wp\/v2\/types\/post"}],"author":[{"embeddable":true,"href":"https:\/\/etab.ac-reunion.fr\/clg-tamarins\/wp-json\/wp\/v2\/users\/3687"}],"replies":[{"embeddable":true,"href":"https:\/\/etab.ac-reunion.fr\/clg-tamarins\/wp-json\/wp\/v2\/comments?post=2944"}],"version-history":[{"count":20,"href":"https:\/\/etab.ac-reunion.fr\/clg-tamarins\/wp-json\/wp\/v2\/posts\/2944\/revisions"}],"predecessor-version":[{"id":3230,"href":"https:\/\/etab.ac-reunion.fr\/clg-tamarins\/wp-json\/wp\/v2\/posts\/2944\/revisions\/3230"}],"wp:featuredmedia":[{"embeddable":true,"href":"https:\/\/etab.ac-reunion.fr\/clg-tamarins\/wp-json\/wp\/v2\/media\/2952"}],"wp:attachment":[{"href":"https:\/\/etab.ac-reunion.fr\/clg-tamarins\/wp-json\/wp\/v2\/media?parent=2944"}],"wp:term":[{"taxonomy":"category","embeddable":true,"href":"https:\/\/etab.ac-reunion.fr\/clg-tamarins\/wp-json\/wp\/v2\/categories?post=2944"},{"taxonomy":"post_tag","embeddable":true,"href":"https:\/\/etab.ac-reunion.fr\/clg-tamarins\/wp-json\/wp\/v2\/tags?post=2944"}],"curies":[{"name":"wp","href":"https:\/\/api.w.org\/{rel}","templated":true}]}}