{"id":3038,"date":"2015-03-20T18:47:36","date_gmt":"2015-03-20T14:47:36","guid":{"rendered":"http:\/\/college-les-tamarins.ac-reunion.fr\/?page_id=3038"},"modified":"2015-03-26T16:07:37","modified_gmt":"2015-03-26T12:07:37","slug":"le-voyage-en-espagne-en-direct-3","status":"publish","type":"post","link":"https:\/\/etab.ac-reunion.fr\/clg-tamarins\/le-voyage-en-espagne-en-direct-3\/","title":{"rendered":"Le voyage en Espagne &#8211; 3"},"content":{"rendered":"<ul id=\"menu-voyage-en-espagne\" class=\"menu menu_horizontal\"><li id=\"menu-item-2986\" class=\"menu-item menu-item-type-post_type menu-item-object-page menu-item-2986\"><a href=\"https:\/\/etab.ac-reunion.fr\/clg-tamarins\/voyage-en-espagne-en-direct\/\">Vendredi 13 &#8211; Samedi 14<\/a><\/li>\n<li id=\"menu-item-2985\" class=\"menu-item menu-item-type-post_type menu-item-object-page menu-item-2985\"><a href=\"https:\/\/etab.ac-reunion.fr\/clg-tamarins\/le-voyage-en-espagne-en-direct\/\">Dimanche 15 &#8211; Lundi 16<\/a><\/li>\n<li id=\"menu-item-3045\" class=\"menu-item menu-item-type-post_type menu-item-object-page menu-item-3045\"><a href=\"https:\/\/etab.ac-reunion.fr\/clg-tamarins\/le-voyage-en-espagne-en-direct-3\/\">Du Mardi 17 au Jeudi 19<\/a><\/li>\n<li id=\"menu-item-3076\" class=\"menu-item menu-item-type-post_type menu-item-object-page menu-item-3076\"><a href=\"https:\/\/etab.ac-reunion.fr\/clg-tamarins\/le-voyage-en-espagne-en-direct-4\/\">Vendredi 20<\/a><\/li>\n<li id=\"menu-item-3217\" class=\"menu-item menu-item-type-post_type menu-item-object-post menu-item-3217\"><a href=\"https:\/\/etab.ac-reunion.fr\/clg-tamarins\/le-voyage-en-espagne-5\/\">Samedi 21<\/a><\/li>\n<li id=\"menu-item-3190\" class=\"menu-item menu-item-type-post_type menu-item-object-page menu-item-3190\"><a href=\"https:\/\/etab.ac-reunion.fr\/clg-tamarins\/le-voyage-en-espagne-en-direct-6\/\">Dimanche 22 &#8211; Lundi 23<\/a><\/li>\n<li id=\"menu-item-3226\" class=\"menu-item menu-item-type-post_type menu-item-object-post menu-item-3226\"><a href=\"https:\/\/etab.ac-reunion.fr\/clg-tamarins\/voyage-en-espagne-diaporama\/\">Diaporama<\/a><\/li>\n<\/ul>\n<h1><span style=\"font-family: arial, helvetica, sans-serif\">Mardi 17 mars.<\/span><\/h1>\n<div>\n<p>Journ\u00e9e assez calme.<\/p>\n<p>Nous sommes all\u00e9es visiter\u00a0El Escorial\u00a0qui se trouve \u00e0 peu pr\u00e8s \u00e0 1h30 de route de Alcal\u00e1 \u00a0de Henares.<\/p>\n<p>Le site royal de San Lorenzo de El Escorial est un grand complexe (monast\u00e8re, mus\u00e9e, biblioth\u00e8que de l&rsquo;universit\u00e9 et palais) situ\u00e9 sur le territoire de la commune de San Lorenzo de El Escorial, \u00e0 45 kilom\u00e8tres au nord-ouest de Madrid.\u00a0Il s\u2019agit d\u2019une ancienne r\u00e9sidence du roi d\u2019Espagne.<\/p>\n<p>Notre heure de visite \u00e9tant fix\u00e9e \u00e0 13h15, nous avons pass\u00e9 la matin\u00e9e dans le centre commercial Xanad\u00fa.<\/p>\n<p>Pour arriver \u00e0 El Escorial, nous avons d\u00fb arpenter les rues pav\u00e9es de la ville pendant 10 minutes sous une fine pluie de gr\u00eale. Les \u00e9l\u00e8ves \u00e9taient \u00e9merveill\u00e9s car pour la plupart d&rsquo;entre eux, c&rsquo;\u00e9tait la premi\u00e8re fois qu&rsquo;ils voyaient de la gr\u00eale.<\/p>\n<p>Les photos \u00e9taient interdites \u00e0 l&rsquo;int\u00e9rieur de El Escorial et c&rsquo;est dans une atmosph\u00e8re glaciale que nous avons d\u00e9ambul\u00e9 pendant 2 bonnes heures dans les diff\u00e9rentes salles de ce gigantesque complexe, une visite tr\u00e8s int\u00e9ressante et enrichissante.<\/p>\n<p>Sophie FACONNIER<\/p>\n<\/div>\n<div>\n<h1>Mercredi 18 mars<\/h1>\n<p>C&rsquo;est sous une pluie battante et glac\u00e9e que nous sommes arriv\u00e9s ce matin \u00e0<strong>\u00a0Madrid\u00a0<\/strong>pour d\u00e9buter cette journ\u00e9e \u00a0assez charg\u00e9e.<\/p>\n<p>Tout d&rsquo;abord, visite de la plus c\u00e9l\u00e8bre gare madril\u00e8ne,<strong>\u00a0Atocha,<\/strong>\u00a0au milieu de laquelle se trouve un magnifique jardin verdoyant flanqu\u00e9 d&rsquo;un bassin avec de tortues d&rsquo;eau et des poissons. Nous aurions aim\u00e9 acc\u00e9der au quai pour voir les trains partir mais pour ce faire, nous aurions d\u00fb acheter un billet.<\/p>\n<p>Avec notre guide Jes\u00fas, nous avons encha\u00een\u00e9s ensuite avec le non moins c\u00e9l\u00e8bre\u00a0<strong>mus\u00e9e Reina Sof\u00eda\u00a0<\/strong>o\u00f9 nous avons pu enfin voir dans toute sa splendeur la magnifique oeuvre de Pablo Picasso, Guernica. Nous sommes rest\u00e9s debout un long moment \u00e0 admirer ce tableau impressionnant de pratiquement 8m x 4m, que les \u00e9l\u00e8ves ont \u00e9tudi\u00e9 en cours d&rsquo;ann\u00e9e pour l&rsquo;histoire des arts. C&rsquo;\u00e9tait tout simplement grandiose et \u00e9poustouflant de le voir ainsi en vrai ! Notre seul regret c&rsquo;est qu&rsquo;il \u00e9tait interdit de prendre des photos de ce tableau. Mais nous en gardons un souvenir extraordinaire !<\/p>\n<p>La suite de notre visite au Reina Sof\u00eda nous a permis d&rsquo;admirer des\u00a0\u0153uvres\u00a0de Salvador Dal\u00ed, de Joan Mir\u00f3 et autres artistes espagnols ainsi qu&rsquo;une \u00e9trange pendule qui selon l&rsquo;endroit d&rsquo;o\u00f9 on l&rsquo;observait repr\u00e9sentait un\u00a0\u0153il\u00a0ferm\u00e9 ou ouvert.<\/p>\n<p>Nous avons termin\u00e9 notre journ\u00e9e par la visite d&rsquo;un autre mus\u00e9e, le\u00a0<strong>Mus\u00e9e \u00a0Soroll\u00e1.<\/strong>\u00a0Cela nous a permis de conna\u00eetre l&rsquo;artiste espagnol Joaqu\u00edn Soroll\u00e1 que nous ne connaissions pas jusqu&rsquo;alors. La visite de sa maison transform\u00e9e en mus\u00e9e fut diff\u00e9rente mais aussi int\u00e9ressante que celle du Reina Sof\u00eda. Nous n&rsquo;avons pas pu prendre de photos \u00e0 l&rsquo;int\u00e9rieur du mus\u00e9e, mais nous en avons prises des magnifiques jardins qui l&rsquo;entourent.<\/p>\n<p>Ce jour-l\u00e0, nous avons d\u00e9cid\u00e9 de rentrer plus t\u00f4t \u00e0 Alcal\u00e1 de Henares car c&rsquo;\u00e9tait le dernier jour que nous passions dans cette ville et nous devions pr\u00e9parer nos valises pour remonter sur Barcelone le lendemain.<\/p>\n<p><em>Sophie FACONNIER<br \/>\n<\/em><\/p>\n<\/div>\n<h2 style=\"text-align: center\">Visite de la gare de Atocha<\/h2>\n<p>&nbsp;<\/p>\n<div><img decoding=\"async\" class=\" aligncenter\" src=\"https:\/\/etab.ac-reunion.fr\/clg-tamarins\/wp-content\/uploads\/sites\/56\/2015\/03\/ART-ESP-2.jpg\" alt=\"\" width=\"100%\" height=\"100%\" \/><\/div>\n<p>&nbsp;<\/p>\n<div><img decoding=\"async\" class=\" aligncenter\" src=\"https:\/\/etab.ac-reunion.fr\/clg-tamarins\/wp-content\/uploads\/sites\/56\/2015\/03\/ART-ESP-3.jpg\" alt=\"\" width=\"100%\" height=\"100%\" \/><\/div>\n<p>&nbsp;<\/p>\n<div><img decoding=\"async\" class=\" aligncenter\" src=\"https:\/\/etab.ac-reunion.fr\/clg-tamarins\/wp-content\/uploads\/sites\/56\/2015\/03\/ART-ESP-4.jpg\" alt=\"\" width=\"100%\" height=\"100%\" \/><\/div>\n<p>&nbsp;<\/p>\n<div><img decoding=\"async\" class=\" aligncenter\" src=\"https:\/\/etab.ac-reunion.fr\/clg-tamarins\/wp-content\/uploads\/sites\/56\/2015\/03\/ART-ESP-5.jpg\" alt=\"\" width=\"100%\" height=\"100%\" \/><\/div>\n<p>&nbsp;<\/p>\n<h2 style=\"text-align: center\">Viste du Mus\u00e9e Reina Sofia<\/h2>\n<p>&nbsp;<\/p>\n<div><img decoding=\"async\" class=\" aligncenter\" src=\"https:\/\/etab.ac-reunion.fr\/clg-tamarins\/wp-content\/uploads\/sites\/56\/2015\/03\/ART-ESP-6.jpg\" alt=\"\" width=\"100%\" height=\"100%\" \/><\/div>\n<p>&nbsp;<\/p>\n<div><img decoding=\"async\" class=\" aligncenter\" src=\"https:\/\/etab.ac-reunion.fr\/clg-tamarins\/wp-content\/uploads\/sites\/56\/2015\/03\/ART-ESP-7.jpg\" alt=\"\" width=\"100%\" height=\"100%\" \/><\/div>\n<p>&nbsp;<\/p>\n<div><img decoding=\"async\" class=\" aligncenter\" src=\"https:\/\/etab.ac-reunion.fr\/clg-tamarins\/wp-content\/uploads\/sites\/56\/2015\/03\/ART-ESP-8.jpg\" alt=\"\" width=\"100%\" height=\"100%\" \/><\/div>\n<h2>&#8230; o\u00f9 nous pouvons voir enfin la c\u00e9l\u00e8bre et \u00e9poustouflante oeuvre de Picasso, el Guernica<\/h2>\n<p>&nbsp;<\/p>\n<div><img decoding=\"async\" class=\" aligncenter\" src=\"https:\/\/etab.ac-reunion.fr\/clg-tamarins\/wp-content\/uploads\/sites\/56\/2015\/03\/ART-ESP-9.jpg\" alt=\"\" width=\"100%\" height=\"100%\" \/><\/div>\n<h2>Les \u0153uvres de Salvador Dal\u00ed sont elles aussi magnifiques et int\u00e9ressantes<\/h2>\n<p>&nbsp;<\/p>\n<div><img decoding=\"async\" class=\" aligncenter\" src=\"https:\/\/etab.ac-reunion.fr\/clg-tamarins\/wp-content\/uploads\/sites\/56\/2015\/03\/ART-ESP-10.jpg\" alt=\"\" width=\"100%\" height=\"100%\" \/><\/div>\n<p>&nbsp;<\/p>\n<div><img decoding=\"async\" class=\" aligncenter\" src=\"https:\/\/etab.ac-reunion.fr\/clg-tamarins\/wp-content\/uploads\/sites\/56\/2015\/03\/ART-ESP-11.jpg\" alt=\"\" width=\"100%\" height=\"100%\" \/><\/div>\n<h2>Les \u00e9l\u00e8ves sont attentifs aux explications de notre Guide Jes\u00fas et prennent plaisir \u00e0 d\u00e9couvrir les diff\u00e9rentes \u0153uvres du mus\u00e9e.<\/h2>\n<p>&nbsp;<\/p>\n<div><img decoding=\"async\" class=\" aligncenter\" src=\"https:\/\/etab.ac-reunion.fr\/clg-tamarins\/wp-content\/uploads\/sites\/56\/2015\/03\/ART-ESP-12.jpg\" alt=\"\" width=\"100%\" height=\"100%\" \/><\/div>\n<p>&nbsp;<\/p>\n<div><img decoding=\"async\" class=\" aligncenter\" src=\"https:\/\/etab.ac-reunion.fr\/clg-tamarins\/wp-content\/uploads\/sites\/56\/2015\/03\/ART-ESP-13.jpg\" alt=\"\" width=\"100%\" height=\"100%\" \/><\/div>\n<p>&nbsp;<\/p>\n<div><img decoding=\"async\" class=\" aligncenter\" src=\"https:\/\/etab.ac-reunion.fr\/clg-tamarins\/wp-content\/uploads\/sites\/56\/2015\/03\/ART-ESP-14.jpg\" alt=\"\" width=\"100%\" height=\"100%\" \/><\/div>\n<p>&nbsp;<\/p>\n<div><img decoding=\"async\" class=\" aligncenter\" src=\"https:\/\/etab.ac-reunion.fr\/clg-tamarins\/wp-content\/uploads\/sites\/56\/2015\/03\/ART-ESP-15.jpg\" alt=\"\" width=\"100%\" height=\"100%\" \/><\/div>\n<p>&nbsp;<\/p>\n<div><img decoding=\"async\" class=\" aligncenter\" src=\"https:\/\/etab.ac-reunion.fr\/clg-tamarins\/wp-content\/uploads\/sites\/56\/2015\/03\/ART-ESP-16.jpg\" alt=\"\" width=\"100%\" height=\"100%\" \/><\/div>\n<p>&nbsp;<\/p>\n<div><img decoding=\"async\" class=\" aligncenter\" src=\"https:\/\/etab.ac-reunion.fr\/clg-tamarins\/wp-content\/uploads\/sites\/56\/2015\/03\/ART-ESP-17.jpg\" alt=\"\" width=\"100%\" height=\"100%\" \/><\/div>\n<p>&nbsp;<\/p>\n<h2>Une \u00e9trange pendule qui, selon l&rsquo;endroit o\u00f9 l&rsquo;on se trouve, repr\u00e9sente un \u0153il ouvert ou ferm\u00e9<\/h2>\n<p>&nbsp;<\/p>\n<div><img decoding=\"async\" class=\" aligncenter\" src=\"https:\/\/etab.ac-reunion.fr\/clg-tamarins\/wp-content\/uploads\/sites\/56\/2015\/03\/ART-ESP-18.jpg\" alt=\"\" width=\"100%\" height=\"100%\" \/><\/div>\n<p>&nbsp;<\/p>\n<div><img decoding=\"async\" class=\" aligncenter\" src=\"https:\/\/etab.ac-reunion.fr\/clg-tamarins\/wp-content\/uploads\/sites\/56\/2015\/03\/ART-ESP-19.jpg\" alt=\"\" width=\"100%\" height=\"100%\" \/><\/div>\n<p>&nbsp;<\/p>\n<div><img decoding=\"async\" class=\" aligncenter\" src=\"https:\/\/etab.ac-reunion.fr\/clg-tamarins\/wp-content\/uploads\/sites\/56\/2015\/03\/ART-ESP-20.jpg\" alt=\"\" width=\"100%\" height=\"100%\" \/><\/div>\n<p>&nbsp;<\/p>\n<h2>Le Mus\u00e9e Soroll\u00e1 et ses magnifiques jardins<\/h2>\n<p>&nbsp;<\/p>\n<div><img decoding=\"async\" class=\" aligncenter\" src=\"https:\/\/etab.ac-reunion.fr\/clg-tamarins\/wp-content\/uploads\/sites\/56\/2015\/03\/ART-ESP-21.jpg\" alt=\"\" width=\"100%\" height=\"100%\" \/><\/div>\n<p>&nbsp;<\/p>\n<div><img decoding=\"async\" class=\" aligncenter\" src=\"https:\/\/etab.ac-reunion.fr\/clg-tamarins\/wp-content\/uploads\/sites\/56\/2015\/03\/ART-ESP-22.jpg\" alt=\"\" width=\"100%\" height=\"100%\" \/><\/div>\n<p>&nbsp;<\/p>\n<div><img decoding=\"async\" class=\" aligncenter\" src=\"https:\/\/etab.ac-reunion.fr\/clg-tamarins\/wp-content\/uploads\/sites\/56\/2015\/03\/ART-ESP-23.jpg\" alt=\"\" width=\"100%\" height=\"100%\" \/><\/div>\n<p>&nbsp;<\/p>\n<h2>Apr\u00e8s la visite des mus\u00e9es, nous revenons \u00e0 Alcal\u00e1 un peu plus t\u00f4t o\u00f9 nous attendons nos familles dans le froid mais avec le sourire et la bonne humeur avec notre correspondant local \u00c1frica.<\/h2>\n<p>&nbsp;<\/p>\n<div><img decoding=\"async\" class=\" aligncenter\" src=\"https:\/\/etab.ac-reunion.fr\/clg-tamarins\/wp-content\/uploads\/sites\/56\/2015\/03\/ART-ESP-24.jpg\" alt=\"\" width=\"100%\" height=\"100%\" \/><\/div>\n<p>&nbsp;<\/p>\n<div><img decoding=\"async\" class=\" aligncenter\" src=\"https:\/\/etab.ac-reunion.fr\/clg-tamarins\/wp-content\/uploads\/sites\/56\/2015\/03\/ART-ESP-25.jpg\" alt=\"\" width=\"100%\" height=\"100%\" \/><\/div>\n<p>&nbsp;<\/p>\n<h1>Mercredi 19 mars<\/h1>\n<p>Aujourd&rsquo;hui c&rsquo;est la f\u00eate des p\u00e8res en Espagne et c&rsquo;est un jour f\u00e9ri\u00e9: les \u00e9l\u00e8ves n&rsquo;ont pas cours et dans beaucoup de villes, les magasins sont ferm\u00e9s.<br \/>\nCe matin, nous disons au revoir aux familles qui nous ont accueillis \u00e0 Alcal\u00e1 de Henares avec un petit pincement au c\u0153ur pour certains. Apr\u00e8s une derni\u00e8re photo et les derni\u00e8res embrassades, nous voil\u00e0 dans le bus \u00e0 8h15, direction Barcelone o\u00f9 nous avons rendez-vous avec de nouvelles familles \u00e0 19h30.<br \/>\nLa fatigue des derniers jours se fait sentir et beaucoup d&rsquo;entre nous profitent de cette longue journ\u00e9e en bus pour se reposer et dormir un peu.<br \/>\nA 12h30, nous arrivons \u00e0 Saragosse o\u00f9 nous faisons un arr\u00eat de 2h30 pour d\u00e9jeuner et nous d\u00e9gourdir les jambes en fl\u00e2nant un peu dans la rue pi\u00e9tonne \u00ab\u00a0Calle Alonso\u00a0\u00bb. Ici, contrairement \u00e0 Alcal\u00e1 de Henares, les magasins ne sont pas ferm\u00e9s en ce jour de f\u00eate des p\u00e8res.<br \/>\nRetour dans le bus \u00e0 15h pour continuer notre route vers Barcelone o\u00f9 nous arrivons, enfin, \u00e0 19h15. Nous retrouvons sur place nos correspondants locaux Miguel et Isabel et nos nouvelles familles, catalanes cette fois-ci.<\/p>\n<p><i>Sophie FACONNIER<\/i><\/p>\n<p>&nbsp;<\/p>\n<h2>Derni\u00e8re photo et derni\u00e8res embrassades avec nos familles de Alcal\u00e1 de Henares avant notre d\u00e9part pour Barcelone.<\/h2>\n<p>&nbsp;<\/p>\n<div><img decoding=\"async\" class=\" aligncenter\" src=\"https:\/\/etab.ac-reunion.fr\/clg-tamarins\/wp-content\/uploads\/sites\/56\/2015\/03\/ART-ESP-26.jpg\" alt=\"\" width=\"100%\" height=\"100%\" \/><\/div>\n<p>&nbsp;<\/p>\n<h2>Beaucoup s&rsquo;endorment dans le bus: la fatigue de ces derniers jours a eu raison de nous et ce long trajet en bus jusqu&rsquo;\u00e0 Barcelone nous a permis de nous reposer un peu.<\/h2>\n<p>&nbsp;<\/p>\n<div><img decoding=\"async\" class=\" aligncenter\" src=\"https:\/\/etab.ac-reunion.fr\/clg-tamarins\/wp-content\/uploads\/sites\/56\/2015\/03\/ART-ESP-27.jpg\" alt=\"\" width=\"100%\" height=\"100%\" \/><\/div>\n<p>&nbsp;<\/p>\n<div><img decoding=\"async\" class=\" aligncenter\" src=\"https:\/\/etab.ac-reunion.fr\/clg-tamarins\/wp-content\/uploads\/sites\/56\/2015\/03\/ART-ESP-28.jpg\" alt=\"\" width=\"100%\" height=\"100%\" \/><\/div>\n<p>&nbsp;<\/p>\n<div><img decoding=\"async\" class=\" aligncenter\" src=\"https:\/\/etab.ac-reunion.fr\/clg-tamarins\/wp-content\/uploads\/sites\/56\/2015\/03\/ART-ESP-29.jpg\" alt=\"\" width=\"100%\" height=\"100%\" \/><\/div>\n","protected":false},"excerpt":{"rendered":"<p>Du Mardi 17 au Jeudi 19: le centre commercial Xanad\u00fa., Le site royal de San Lorenzo de El Escorial, Madrid, la plus c\u00e9l\u00e8bre gare madril\u00e8ne, Atocha, mus\u00e9e Reina Sof\u00eda, le Mus\u00e9e \u00a0Soroll\u00e1, Saragosse &#8230;<\/p>\n<p class=\"continue-reading-button\"> <a class=\"continue-reading-link\" href=\"https:\/\/etab.ac-reunion.fr\/clg-tamarins\/le-voyage-en-espagne-en-direct-3\/\">Continuer \u00e0 lire<i class=\"crycon-right-dir\"><\/i><\/a><\/p>\n","protected":false},"author":3687,"featured_media":3031,"comment_status":"closed","ping_status":"closed","sticky":false,"template":"page-full.php","format":"standard","meta":{"footnotes":""},"categories":[83,31],"tags":[83,285],"class_list":["post-3038","post","type-post","status-publish","format-standard","has-post-thumbnail","hentry","category-voyage-en-espagne","category-voyages","tag-voyage-en-espagne","tag-voyages"],"_links":{"self":[{"href":"https:\/\/etab.ac-reunion.fr\/clg-tamarins\/wp-json\/wp\/v2\/posts\/3038","targetHints":{"allow":["GET"]}}],"collection":[{"href":"https:\/\/etab.ac-reunion.fr\/clg-tamarins\/wp-json\/wp\/v2\/posts"}],"about":[{"href":"https:\/\/etab.ac-reunion.fr\/clg-tamarins\/wp-json\/wp\/v2\/types\/post"}],"author":[{"embeddable":true,"href":"https:\/\/etab.ac-reunion.fr\/clg-tamarins\/wp-json\/wp\/v2\/users\/3687"}],"replies":[{"embeddable":true,"href":"https:\/\/etab.ac-reunion.fr\/clg-tamarins\/wp-json\/wp\/v2\/comments?post=3038"}],"version-history":[{"count":10,"href":"https:\/\/etab.ac-reunion.fr\/clg-tamarins\/wp-json\/wp\/v2\/posts\/3038\/revisions"}],"predecessor-version":[{"id":3229,"href":"https:\/\/etab.ac-reunion.fr\/clg-tamarins\/wp-json\/wp\/v2\/posts\/3038\/revisions\/3229"}],"wp:featuredmedia":[{"embeddable":true,"href":"https:\/\/etab.ac-reunion.fr\/clg-tamarins\/wp-json\/wp\/v2\/media\/3031"}],"wp:attachment":[{"href":"https:\/\/etab.ac-reunion.fr\/clg-tamarins\/wp-json\/wp\/v2\/media?parent=3038"}],"wp:term":[{"taxonomy":"category","embeddable":true,"href":"https:\/\/etab.ac-reunion.fr\/clg-tamarins\/wp-json\/wp\/v2\/categories?post=3038"},{"taxonomy":"post_tag","embeddable":true,"href":"https:\/\/etab.ac-reunion.fr\/clg-tamarins\/wp-json\/wp\/v2\/tags?post=3038"}],"curies":[{"name":"wp","href":"https:\/\/api.w.org\/{rel}","templated":true}]}}