{"id":3073,"date":"2015-03-21T18:17:30","date_gmt":"2015-03-21T14:17:30","guid":{"rendered":"http:\/\/college-les-tamarins.ac-reunion.fr\/?page_id=3073"},"modified":"2015-03-26T16:07:08","modified_gmt":"2015-03-26T12:07:08","slug":"le-voyage-en-espagne-en-direct-4","status":"publish","type":"post","link":"https:\/\/etab.ac-reunion.fr\/clg-tamarins\/le-voyage-en-espagne-en-direct-4\/","title":{"rendered":"Le voyage en Espagne &#8211; 4"},"content":{"rendered":"<ul id=\"menu-voyage-en-espagne\" class=\"menu menu_horizontal\"><li id=\"menu-item-2986\" class=\"menu-item menu-item-type-post_type menu-item-object-page menu-item-2986\"><a href=\"https:\/\/etab.ac-reunion.fr\/clg-tamarins\/voyage-en-espagne-en-direct\/\">Vendredi 13 &#8211; Samedi 14<\/a><\/li>\n<li id=\"menu-item-2985\" class=\"menu-item menu-item-type-post_type menu-item-object-page menu-item-2985\"><a href=\"https:\/\/etab.ac-reunion.fr\/clg-tamarins\/le-voyage-en-espagne-en-direct\/\">Dimanche 15 &#8211; Lundi 16<\/a><\/li>\n<li id=\"menu-item-3045\" class=\"menu-item menu-item-type-post_type menu-item-object-page menu-item-3045\"><a href=\"https:\/\/etab.ac-reunion.fr\/clg-tamarins\/le-voyage-en-espagne-en-direct-3\/\">Du Mardi 17 au Jeudi 19<\/a><\/li>\n<li id=\"menu-item-3076\" class=\"menu-item menu-item-type-post_type menu-item-object-page menu-item-3076\"><a href=\"https:\/\/etab.ac-reunion.fr\/clg-tamarins\/le-voyage-en-espagne-en-direct-4\/\">Vendredi 20<\/a><\/li>\n<li id=\"menu-item-3217\" class=\"menu-item menu-item-type-post_type menu-item-object-post menu-item-3217\"><a href=\"https:\/\/etab.ac-reunion.fr\/clg-tamarins\/le-voyage-en-espagne-5\/\">Samedi 21<\/a><\/li>\n<li id=\"menu-item-3190\" class=\"menu-item menu-item-type-post_type menu-item-object-page menu-item-3190\"><a href=\"https:\/\/etab.ac-reunion.fr\/clg-tamarins\/le-voyage-en-espagne-en-direct-6\/\">Dimanche 22 &#8211; Lundi 23<\/a><\/li>\n<li id=\"menu-item-3226\" class=\"menu-item menu-item-type-post_type menu-item-object-post menu-item-3226\"><a href=\"https:\/\/etab.ac-reunion.fr\/clg-tamarins\/voyage-en-espagne-diaporama\/\">Diaporama<\/a><\/li>\n<\/ul>\n<h1>Vendredi 20 mars<\/h1>\n<p>Premier jour \u00e0 Barcelone.<\/p>\n<p>En retrouvant les \u00e9l\u00e8ves \u00e0 9h, nous constatons avec plaisir que tous sont satisfaits des familles dans lesquelles ils sont h\u00e9berg\u00e9s depuis hier soir.<\/p>\n<p>Un vent tr\u00e8s froid souffle ce matin.\u00a0 Notre journ\u00e9e est assez charg\u00e9e aujourd&rsquo;hui.<\/p>\n<p>Nous retrouvons notre nouveau guide Jos\u00e9 Luis \u00e0 10h30 et nous faisons avec lui, pour commencer, une visite panoramique de la ville en bus qui nous permet de voir la\u00a0<strong>maison Batl\u00f3<\/strong>\u00a0et la\u00a0<strong>Pedrera<\/strong>, deux chefs d\u2019\u0153uvres du tr\u00e8s fameux Antonio Gaud\u00ed. Ce qui surprend et en m\u00eame temps fait le charme de Barcelone, c&rsquo;est ce m\u00e9lange de b\u00e2timents anciens et nouveaux.<\/p>\n<p>Une heure plus tard, nous arrivons devant l&rsquo;oeuvre la plus connue et la plus c\u00e9l\u00e8bre de Gaud\u00ed,\u00a0<strong>La Sagrada Familia<\/strong>(La Sainte Famille). C&rsquo;est avec attention que nous \u00e9coutons les explications passionn\u00e9es et passionnantes de Jos\u00e9 Lu\u00eds et c&rsquo;est avec \u00e9merveillement que \u00a0nous d\u00e9couvrons cette magnifique cath\u00e9drale encore inachev\u00e9e et dont la fin des travaux est fix\u00e9e pour 2026. Notre guide nous explique que le financement des travaux se fait uniquement gr\u00e2ce aux recettes des visites et aux dons de certaines personnes. Aucun argent n&rsquo;est accept\u00e9 du gouvernement ou de quelque autre organisme de l&rsquo;Etat car Gaud\u00ed l&rsquo;avait formellement interdit et souhaitait que cette cath\u00e9drale soit celle des pauvres.<\/p>\n<p>Ce monument est une pure merveille et nous ne pouvons que rester \u00e9bahis et nous incliner devant tant de beaut\u00e9 et d&rsquo;ing\u00e9niosit\u00e9.<\/p>\n<p>A la suite de la visite de la Sagrada Familia, nous nous rendons au\u00a0<strong>Barrio G\u00f3tico\u00a0<\/strong>(le Quartier gothique) de la ville o\u00f9 nous d\u00e9ambulons tranquillement dans les ruelles de ce quartier d&rsquo;une autre \u00e9poque.<\/p>\n<p>Apr\u00e8s avoir d\u00e9jeun\u00e9, nous nous dirigeons vers le\u00a0<strong>Parc G\u00fcell<\/strong>\u00a0que nous visitons pendant une heure et demie. Malheureusement ce laps de temps n&rsquo;est pas suffisant pour parcourir \u00a0cet immense parc, car les imp\u00e9ratifs des horaires de bus ne nous permettent pas de rester plus longtemps.<\/p>\n<p>Nous terminons notre journ\u00e9e en nous rendant sur\u00a0<strong>las Ramblas<\/strong>, la tr\u00e8s connue et tr\u00e8s fr\u00e9quent\u00e9e rue pi\u00e9tonne de 1,300 km de Barcelone avec ses magasins, ses fleuristes, ses caricaturistes, ses restaurants, ses mimes, ses kiosques&#8230; et le march\u00e9 de la Boquer\u00eda. Ce qui attire le plus l&rsquo;attention des \u00e9l\u00e8ves, ce sont les portraitistes et les caricaturistes qui devant eux r\u00e9alisent \u00a0des portraits et des caricatures \u00e0 une vitesse surprenante. Nous terminons notre promenade en faisant un petit d\u00e9tour par le port o\u00f9 nous d\u00e9gustons avec plaisir une cr\u00eape au chocolat bien chaude car il fait tr\u00e8s froid, il vente beaucoup et il commence \u00e0 pleuvoir.<\/p>\n<p>Et \u00e0 20h, nous retrouvons les familles sous un ciel pluvieux mais tr\u00e8s satisfaits de notre journ\u00e9e&#8230;<\/p>\n<p><em>Sophie FACONNIER<\/em><\/p>\n<h2 style=\"text-align: center\">Visite panoramique de Barcelone<\/h2>\n<p><img decoding=\"async\" class=\" aligncenter\" src=\"https:\/\/etab.ac-reunion.fr\/clg-tamarins\/wp-content\/uploads\/sites\/56\/2015\/03\/ART-ESP-0.jpg\" alt=\"\" width=\"100%\" height=\"100%\" \/><\/p>\n<h2 style=\"text-align: center\">la Casa Batl\u00f3&#8230;<\/h2>\n<p><img decoding=\"async\" class=\" aligncenter\" src=\"https:\/\/etab.ac-reunion.fr\/clg-tamarins\/wp-content\/uploads\/sites\/56\/2015\/03\/ART-ESP-110.jpg\" alt=\"\" width=\"100%\" height=\"100%\" \/><\/p>\n<h2 style=\"text-align: center\">&#8230; et la Pedrera<\/h2>\n<p><img decoding=\"async\" class=\" aligncenter\" src=\"https:\/\/etab.ac-reunion.fr\/clg-tamarins\/wp-content\/uploads\/sites\/56\/2015\/03\/ART-ESP-210.jpg\" alt=\"\" width=\"100%\" height=\"100%\" \/><\/p>\n<h2 style=\"text-align: center\">L&rsquo;ext\u00e9rieur de la Sagrada Familia<\/h2>\n<p><img decoding=\"async\" class=\" aligncenter\" src=\"https:\/\/etab.ac-reunion.fr\/clg-tamarins\/wp-content\/uploads\/sites\/56\/2015\/03\/ART-ESP-31.jpg\" alt=\"\" width=\"100%\" height=\"100%\" \/><\/p>\n<p><img decoding=\"async\" class=\" aligncenter\" src=\"https:\/\/etab.ac-reunion.fr\/clg-tamarins\/wp-content\/uploads\/sites\/56\/2015\/03\/ART-ESP-41.jpg\" alt=\"\" width=\"100%\" height=\"100%\" \/><\/p>\n<p><img decoding=\"async\" class=\" aligncenter\" src=\"https:\/\/etab.ac-reunion.fr\/clg-tamarins\/wp-content\/uploads\/sites\/56\/2015\/03\/ART-ESP-51.jpg\" alt=\"\" width=\"100%\" height=\"100%\" \/><\/p>\n<p><img decoding=\"async\" class=\" aligncenter\" src=\"https:\/\/etab.ac-reunion.fr\/clg-tamarins\/wp-content\/uploads\/sites\/56\/2015\/03\/ART-ESP-61.jpg\" alt=\"\" width=\"100%\" height=\"100%\" \/><\/p>\n<p><img decoding=\"async\" class=\" aligncenter\" src=\"https:\/\/etab.ac-reunion.fr\/clg-tamarins\/wp-content\/uploads\/sites\/56\/2015\/03\/ART-ESP-6a.jpg\" alt=\"\" width=\"100%\" height=\"100%\" \/><\/p>\n<h2>L&rsquo;int\u00e9rieur grandiose de la Sagrada Familia<\/h2>\n<p><img decoding=\"async\" class=\" aligncenter\" src=\"https:\/\/etab.ac-reunion.fr\/clg-tamarins\/wp-content\/uploads\/sites\/56\/2015\/03\/ART-ESP-71.jpg\" alt=\"\" width=\"100%\" height=\"100%\" \/><\/p>\n<p><img decoding=\"async\" class=\" aligncenter\" src=\"https:\/\/etab.ac-reunion.fr\/clg-tamarins\/wp-content\/uploads\/sites\/56\/2015\/03\/ART-ESP-81.jpg\" alt=\"\" width=\"100%\" height=\"100%\" \/><\/p>\n<p><img decoding=\"async\" class=\" aligncenter\" src=\"https:\/\/etab.ac-reunion.fr\/clg-tamarins\/wp-content\/uploads\/sites\/56\/2015\/03\/ART-ESP-91.jpg\" alt=\"\" width=\"100%\" height=\"100%\" \/><\/p>\n<p><img decoding=\"async\" class=\" aligncenter\" src=\"https:\/\/etab.ac-reunion.fr\/clg-tamarins\/wp-content\/uploads\/sites\/56\/2015\/03\/ART-ESP-101.jpg\" alt=\"\" width=\"100%\" height=\"100%\" \/><\/p>\n<p><img decoding=\"async\" class=\" aligncenter\" src=\"https:\/\/etab.ac-reunion.fr\/clg-tamarins\/wp-content\/uploads\/sites\/56\/2015\/03\/ART-ESP-111.jpg\" alt=\"\" width=\"100%\" height=\"100%\" \/><\/p>\n<p><img decoding=\"async\" class=\" aligncenter\" src=\"https:\/\/etab.ac-reunion.fr\/clg-tamarins\/wp-content\/uploads\/sites\/56\/2015\/03\/ART-ESP-121.jpg\" alt=\"\" width=\"100%\" height=\"100%\" \/><\/p>\n<h2 style=\"text-align: center\">Maquette de la Sagrada Familia et des \u00e9l\u00e8ves tr\u00e8s attentifs aux explications de Jos\u00e9 Lu\u00eds<\/h2>\n<p><img decoding=\"async\" class=\" aligncenter\" src=\"https:\/\/etab.ac-reunion.fr\/clg-tamarins\/wp-content\/uploads\/sites\/56\/2015\/03\/ART-ESP-131.jpg\" alt=\"\" width=\"100%\" height=\"100%\" \/><\/p>\n<h2 style=\"text-align: center\">Promenade dans le quartier gothique de Barcelone<\/h2>\n<p><img decoding=\"async\" class=\" aligncenter\" src=\"https:\/\/etab.ac-reunion.fr\/clg-tamarins\/wp-content\/uploads\/sites\/56\/2015\/03\/ART-ESP-141.jpg\" alt=\"\" width=\"100%\" height=\"100%\" \/><\/p>\n<p><img decoding=\"async\" class=\" aligncenter\" src=\"https:\/\/etab.ac-reunion.fr\/clg-tamarins\/wp-content\/uploads\/sites\/56\/2015\/03\/ART-ESP-151.jpg\" alt=\"\" width=\"100%\" height=\"100%\" \/><\/p>\n<p><img decoding=\"async\" class=\" aligncenter\" src=\"https:\/\/etab.ac-reunion.fr\/clg-tamarins\/wp-content\/uploads\/sites\/56\/2015\/03\/ART-ESP-161.jpg\" alt=\"\" width=\"100%\" height=\"100%\" \/><\/p>\n<h2 style=\"text-align: center\">Visite du Parc G\u00fcell<\/h2>\n<p><img decoding=\"async\" class=\" aligncenter\" src=\"https:\/\/etab.ac-reunion.fr\/clg-tamarins\/wp-content\/uploads\/sites\/56\/2015\/03\/ART-ESP-171.jpg\" alt=\"\" width=\"100%\" height=\"100%\" \/><\/p>\n<p><img decoding=\"async\" class=\" aligncenter\" src=\"https:\/\/etab.ac-reunion.fr\/clg-tamarins\/wp-content\/uploads\/sites\/56\/2015\/03\/ART-ESP-181.jpg\" alt=\"\" width=\"100%\" height=\"100%\" \/><\/p>\n<p><img decoding=\"async\" class=\" aligncenter\" src=\"https:\/\/etab.ac-reunion.fr\/clg-tamarins\/wp-content\/uploads\/sites\/56\/2015\/03\/ART-ESP-191.jpg\" alt=\"\" width=\"100%\" height=\"100%\" \/><\/p>\n<p><img decoding=\"async\" class=\" aligncenter\" src=\"https:\/\/etab.ac-reunion.fr\/clg-tamarins\/wp-content\/uploads\/sites\/56\/2015\/03\/ART-ESP-201.jpg\" alt=\"\" width=\"100%\" height=\"100%\" \/><\/p>\n<p><img decoding=\"async\" class=\" aligncenter\" src=\"https:\/\/etab.ac-reunion.fr\/clg-tamarins\/wp-content\/uploads\/sites\/56\/2015\/03\/ART-ESP-211.jpg\" alt=\"\" width=\"100%\" height=\"100%\" \/><\/p>\n<p><img decoding=\"async\" class=\" aligncenter\" src=\"https:\/\/etab.ac-reunion.fr\/clg-tamarins\/wp-content\/uploads\/sites\/56\/2015\/03\/ART-ESP-221.jpg\" alt=\"\" width=\"100%\" height=\"100%\" \/><\/p>\n","protected":false},"excerpt":{"rendered":"<p>Vendredi 20 mars: Premier jour \u00e0 Barcelone., maison Batl\u00f3 et la Pedrera, \u00a0La Sagrada Familia, Barrio G\u00f3tico, Parc G\u00fcell, las Ramblas &#8230;<\/p>\n<p class=\"continue-reading-button\"> <a class=\"continue-reading-link\" href=\"https:\/\/etab.ac-reunion.fr\/clg-tamarins\/le-voyage-en-espagne-en-direct-4\/\">Continuer \u00e0 lire<i class=\"crycon-right-dir\"><\/i><\/a><\/p>\n","protected":false},"author":3687,"featured_media":3051,"comment_status":"closed","ping_status":"closed","sticky":false,"template":"page-full.php","format":"standard","meta":{"footnotes":""},"categories":[83,31],"tags":[83,285],"class_list":["post-3073","post","type-post","status-publish","format-standard","has-post-thumbnail","hentry","category-voyage-en-espagne","category-voyages","tag-voyage-en-espagne","tag-voyages"],"_links":{"self":[{"href":"https:\/\/etab.ac-reunion.fr\/clg-tamarins\/wp-json\/wp\/v2\/posts\/3073","targetHints":{"allow":["GET"]}}],"collection":[{"href":"https:\/\/etab.ac-reunion.fr\/clg-tamarins\/wp-json\/wp\/v2\/posts"}],"about":[{"href":"https:\/\/etab.ac-reunion.fr\/clg-tamarins\/wp-json\/wp\/v2\/types\/post"}],"author":[{"embeddable":true,"href":"https:\/\/etab.ac-reunion.fr\/clg-tamarins\/wp-json\/wp\/v2\/users\/3687"}],"replies":[{"embeddable":true,"href":"https:\/\/etab.ac-reunion.fr\/clg-tamarins\/wp-json\/wp\/v2\/comments?post=3073"}],"version-history":[{"count":6,"href":"https:\/\/etab.ac-reunion.fr\/clg-tamarins\/wp-json\/wp\/v2\/posts\/3073\/revisions"}],"predecessor-version":[{"id":3228,"href":"https:\/\/etab.ac-reunion.fr\/clg-tamarins\/wp-json\/wp\/v2\/posts\/3073\/revisions\/3228"}],"wp:featuredmedia":[{"embeddable":true,"href":"https:\/\/etab.ac-reunion.fr\/clg-tamarins\/wp-json\/wp\/v2\/media\/3051"}],"wp:attachment":[{"href":"https:\/\/etab.ac-reunion.fr\/clg-tamarins\/wp-json\/wp\/v2\/media?parent=3073"}],"wp:term":[{"taxonomy":"category","embeddable":true,"href":"https:\/\/etab.ac-reunion.fr\/clg-tamarins\/wp-json\/wp\/v2\/categories?post=3073"},{"taxonomy":"post_tag","embeddable":true,"href":"https:\/\/etab.ac-reunion.fr\/clg-tamarins\/wp-json\/wp\/v2\/tags?post=3073"}],"curies":[{"name":"wp","href":"https:\/\/api.w.org\/{rel}","templated":true}]}}