{"id":3205,"date":"2015-04-01T11:44:30","date_gmt":"2015-04-01T07:44:30","guid":{"rendered":"http:\/\/college-les-tamarins.ac-reunion.fr\/?p=3205"},"modified":"2015-04-01T17:16:51","modified_gmt":"2015-04-01T13:16:51","slug":"en-salle-informatique-avec-les-cp-de-mme-lakermance","status":"publish","type":"post","link":"https:\/\/etab.ac-reunion.fr\/clg-tamarins\/en-salle-informatique-avec-les-cp-de-mme-lakermance\/","title":{"rendered":"En salle informatique avec les CP de Mme Lakermance"},"content":{"rendered":"<p>Je suis partie en salle informatique. J&rsquo;ai accompagn\u00e9 en salle informatique des \u00e9l\u00e8ves de CP, d&rsquo;autres \u00e9l\u00e8ves de ma classe (la 3\u00e8me Acacia) \u00e9taient pr\u00e9sents avec moi. Les enfants se sont install\u00e9s aux ordinateurs. Ils arrivent tous \u00e0 allumer un ordinateur, \u00e0 taper le code&#8230;Le professeur de la salle informatique a donn\u00e9 aux \u00e9l\u00e8ves des exercices \u00e0 faire. J&rsquo;ai aid\u00e9 quelques \u00e9l\u00e8ves de CP \u00e0 faire leurs exercices. J&rsquo;ai plus aid\u00e9 ma filleule Hassana et je trouve qu&rsquo;elle est tr\u00e8s intelligente. Hassana, elle est tr\u00e8s gentille avec moi, elle m&rsquo;\u00e9coute quand je lui parle et je l&rsquo;aime bien. Quand je vois les enfants dessiner et jouer, \u00e7a me rappelle mon enfance, quand j\u2019\u00e9tais petite.<\/p>\n<h3>C\u00e9lia<\/h3>\n<div class=\"su-custom-gallery su-custom-gallery-align-left su-custom-gallery-title-never su-lightbox-gallery\"><div class=\"su-custom-gallery-slide\" style=\"width:150px;height:150px\"><a href=\"https:\/\/etab.ac-reunion.fr\/clg-tamarins\/wp-content\/uploads\/sites\/56\/2015\/03\/ART-CREA-ART-mars-2015-Ecran-ordi.jpg\" title=\"ART-CREA-ART-mars-2015-Ecran ordi\"><img loading=\"lazy\" decoding=\"async\" src=\"https:\/\/etab.ac-reunion.fr\/clg-tamarins\/wp-content\/uploads\/sites\/56\/2015\/03\/ART-CREA-ART-mars-2015-Ecran-ordi.jpg\" alt=\"ART-CREA-ART-mars-2015-Ecran ordi\" width=\"150\" height=\"150\" \/><span class=\"su-custom-gallery-title\">ART-CREA-ART-mars-2015-Ecran ordi<\/span><\/a><\/div><div class=\"su-custom-gallery-slide\" style=\"width:150px;height:150px\"><a href=\"https:\/\/etab.ac-reunion.fr\/clg-tamarins\/wp-content\/uploads\/sites\/56\/2015\/03\/ART-CREA-ART-mars-2015-C\u00e9lia-C\u00e9drine.jpg\" title=\"ART-CREA-ART-mars-2015-C\u00e9lia C\u00e9drine\"><img loading=\"lazy\" decoding=\"async\" src=\"https:\/\/etab.ac-reunion.fr\/clg-tamarins\/wp-content\/uploads\/sites\/56\/2015\/03\/ART-CREA-ART-mars-2015-C\u00e9lia-C\u00e9drine.jpg\" alt=\"ART-CREA-ART-mars-2015-C\u00e9lia C\u00e9drine\" width=\"150\" height=\"150\" \/><span class=\"su-custom-gallery-title\">ART-CREA-ART-mars-2015-C\u00e9lia C\u00e9drine<\/span><\/a><\/div><div class=\"su-clear\"><\/div><\/div>\n","protected":false},"excerpt":{"rendered":"<p>Je suis partie en salle informatique. J&rsquo;ai accompagn\u00e9 en salle informatique des \u00e9l\u00e8ves de CP, d&rsquo;autres \u00e9l\u00e8ves de ma classe (la 3\u00e8me Acacia) \u00e9taient pr\u00e9sents avec moi. Les enfants se sont install\u00e9s aux ordinateurs. Ils arrivent tous \u00e0 allumer un ordinateur, \u00e0 taper le code&#8230;Le professeur de la salle informatique\u2026<\/p>\n<p class=\"continue-reading-button\"> <a class=\"continue-reading-link\" href=\"https:\/\/etab.ac-reunion.fr\/clg-tamarins\/en-salle-informatique-avec-les-cp-de-mme-lakermance\/\">Continuer \u00e0 lire<i class=\"crycon-right-dir\"><\/i><\/a><\/p>\n","protected":false},"author":912,"featured_media":3196,"comment_status":"closed","ping_status":"closed","sticky":false,"template":"","format":"standard","meta":{"footnotes":""},"categories":[79,105,81],"tags":[],"class_list":["post-3205","post","type-post","status-publish","format-standard","has-post-thumbnail","hentry","category-creation-artistique","category-nouveautes3","category-parrainage-3emecp"],"_links":{"self":[{"href":"https:\/\/etab.ac-reunion.fr\/clg-tamarins\/wp-json\/wp\/v2\/posts\/3205","targetHints":{"allow":["GET"]}}],"collection":[{"href":"https:\/\/etab.ac-reunion.fr\/clg-tamarins\/wp-json\/wp\/v2\/posts"}],"about":[{"href":"https:\/\/etab.ac-reunion.fr\/clg-tamarins\/wp-json\/wp\/v2\/types\/post"}],"author":[{"embeddable":true,"href":"https:\/\/etab.ac-reunion.fr\/clg-tamarins\/wp-json\/wp\/v2\/users\/912"}],"replies":[{"embeddable":true,"href":"https:\/\/etab.ac-reunion.fr\/clg-tamarins\/wp-json\/wp\/v2\/comments?post=3205"}],"version-history":[{"count":2,"href":"https:\/\/etab.ac-reunion.fr\/clg-tamarins\/wp-json\/wp\/v2\/posts\/3205\/revisions"}],"predecessor-version":[{"id":4344,"href":"https:\/\/etab.ac-reunion.fr\/clg-tamarins\/wp-json\/wp\/v2\/posts\/3205\/revisions\/4344"}],"wp:featuredmedia":[{"embeddable":true,"href":"https:\/\/etab.ac-reunion.fr\/clg-tamarins\/wp-json\/wp\/v2\/media\/3196"}],"wp:attachment":[{"href":"https:\/\/etab.ac-reunion.fr\/clg-tamarins\/wp-json\/wp\/v2\/media?parent=3205"}],"wp:term":[{"taxonomy":"category","embeddable":true,"href":"https:\/\/etab.ac-reunion.fr\/clg-tamarins\/wp-json\/wp\/v2\/categories?post=3205"},{"taxonomy":"post_tag","embeddable":true,"href":"https:\/\/etab.ac-reunion.fr\/clg-tamarins\/wp-json\/wp\/v2\/tags?post=3205"}],"curies":[{"name":"wp","href":"https:\/\/api.w.org\/{rel}","templated":true}]}}