{"id":3208,"date":"2015-03-22T09:34:36","date_gmt":"2015-03-22T05:34:36","guid":{"rendered":"http:\/\/college-les-tamarins.ac-reunion.fr\/?p=3208"},"modified":"2015-03-26T10:14:51","modified_gmt":"2015-03-26T06:14:51","slug":"le-voyage-en-espagne-5","status":"publish","type":"post","link":"https:\/\/etab.ac-reunion.fr\/clg-tamarins\/le-voyage-en-espagne-5\/","title":{"rendered":"Le voyage en Espagne &#8211; 5"},"content":{"rendered":"<ul id=\"menu-voyage-en-espagne\" class=\"menu menu_horizontal\"><li id=\"menu-item-2986\" class=\"menu-item menu-item-type-post_type menu-item-object-page menu-item-2986\"><a href=\"https:\/\/etab.ac-reunion.fr\/clg-tamarins\/voyage-en-espagne-en-direct\/\">Vendredi 13 &#8211; Samedi 14<\/a><\/li>\n<li id=\"menu-item-2985\" class=\"menu-item menu-item-type-post_type menu-item-object-page menu-item-2985\"><a href=\"https:\/\/etab.ac-reunion.fr\/clg-tamarins\/le-voyage-en-espagne-en-direct\/\">Dimanche 15 &#8211; Lundi 16<\/a><\/li>\n<li id=\"menu-item-3045\" class=\"menu-item menu-item-type-post_type menu-item-object-page menu-item-3045\"><a href=\"https:\/\/etab.ac-reunion.fr\/clg-tamarins\/le-voyage-en-espagne-en-direct-3\/\">Du Mardi 17 au Jeudi 19<\/a><\/li>\n<li id=\"menu-item-3076\" class=\"menu-item menu-item-type-post_type menu-item-object-page menu-item-3076\"><a href=\"https:\/\/etab.ac-reunion.fr\/clg-tamarins\/le-voyage-en-espagne-en-direct-4\/\">Vendredi 20<\/a><\/li>\n<li id=\"menu-item-3217\" class=\"menu-item menu-item-type-post_type menu-item-object-post menu-item-3217\"><a href=\"https:\/\/etab.ac-reunion.fr\/clg-tamarins\/le-voyage-en-espagne-5\/\">Samedi 21<\/a><\/li>\n<li id=\"menu-item-3190\" class=\"menu-item menu-item-type-post_type menu-item-object-page menu-item-3190\"><a href=\"https:\/\/etab.ac-reunion.fr\/clg-tamarins\/le-voyage-en-espagne-en-direct-6\/\">Dimanche 22 &#8211; Lundi 23<\/a><\/li>\n<li id=\"menu-item-3226\" class=\"menu-item menu-item-type-post_type menu-item-object-post menu-item-3226\"><a href=\"https:\/\/etab.ac-reunion.fr\/clg-tamarins\/voyage-en-espagne-diaporama\/\">Diaporama<\/a><\/li>\n<\/ul>\n<h1>Samedi 21 mars<\/h1>\n<p>C&rsquo;est sous une pluie torrentielle que nous nous retrouvons tous aujourd&rsquo;hui \u00e0 9h. Nous sommes tremp\u00e9s avant m\u00eame d&rsquo;avoir commenc\u00e9 la journ\u00e9e !<br \/>\nCe matin, nous nous rendons au stade de Barcelone, le c\u00e9l\u00e8bre <strong>stade Camp Nou<\/strong>.<br \/>\nPour les passionn\u00e9s de football comme moi, c&rsquo;est un honneur et un r\u00eave qui se r\u00e9alise que de pouvoir visiter ce stade ! Nous commen\u00e7ons par la visite du mus\u00e9e qui retrace l&rsquo;histoire du Bar\u00e7a, le Football Club de Barcelone. Dans une ambiance feutr\u00e9e, dans une salle aux lumi\u00e8res tamis\u00e9es, nous d\u00e9couvrons toutes les coupes et les magnifiques troph\u00e9es remport\u00e9s par cette prestigieuse \u00e9quipe. Plusieurs panneaux nous retracent l&rsquo;histoire du club depuis ses d\u00e9buts. Dans des vitrines s&rsquo;\u00e9talent des objets ayant appartenu \u00e0 diff\u00e9rents joueurs qui ont fait la gloire du Bar\u00e7a.<br \/>\nNotre visite nous conduit ensuite successivement dans les vestiaires du club, la salle de presse et enfin, ce que nous attendions tous de voir&#8230; le stade lui-m\u00eame ! C&rsquo;est tout simplement magique et impressionnant de se retrouver assise dans les gradins de ce stade mythique et grandiose o\u00f9 nous nous attardons un long moment. Puis, nous descendons tout en bas, vers le terrain o\u00f9 l\u00e0 aussi, une joie immense et une grande fiert\u00e9 nous envahissent. L\u00e0 encore nous restons de tr\u00e8s longues minutes \u00e0 admirer ce stade et \u00e0 nous imaginer quelle impression cela ferait d&rsquo;assister \u00e0 un match dans ce stade avec plus de 80 000 personnes !<br \/>\nComme toute bonne chose a une fin, notre visite se termine par un d\u00e9tour dans les boutiques du club, o\u00f9 nous nous laissons tenter, \u00e9videmment, par certains produits \u00e0 l&rsquo;effigie du FBC.\u00a0 Lorsque nous revenons au bus trois heures plus tard, il ne pleut plus mais le temps reste gris. L&rsquo;apr\u00e8s-midi sera une apr\u00e8s-midi consacr\u00e9e au shopping sur Las Ramblas.<br \/>\nLe soir, les \u00e9l\u00e8ves ne rentrent pas dans les familles \u00e0 l&rsquo;heure habituelle car nous allons au restaurant pour go\u00fbter \u00e0 des sp\u00e9cialit\u00e9s typiquement espagnoles, les tapas. Et c&rsquo;est dans la bonne humeur et une ambiance bon enfant que nous d\u00e9gustons les tapas vari\u00e9s qui nous sont servis !<br \/>\nUne soir\u00e9e formidable qui cl\u00f4ture une journ\u00e9e tout aussi formidable malgr\u00e9 le temps maussade !<br \/>\n<em>Sophie FACONNIER<\/em><\/p>\n<h2 style=\"text-align: center\">Bienvenue au stade de Barcelone, le stade Camp Nou<\/h2>\n<p><img decoding=\"async\" class=\" aligncenter\" src=\"https:\/\/etab.ac-reunion.fr\/clg-tamarins\/wp-content\/uploads\/sites\/56\/2015\/03\/ART-ESP-5-1.jpg\" alt=\"\" width=\"100%\" height=\"100%\" \/> <img decoding=\"async\" class=\" aligncenter\" src=\"https:\/\/etab.ac-reunion.fr\/clg-tamarins\/wp-content\/uploads\/sites\/56\/2015\/03\/ART-ESP-5-2.jpg\" alt=\"\" width=\"100%\" height=\"100%\" \/> <img decoding=\"async\" class=\" aligncenter\" src=\"https:\/\/etab.ac-reunion.fr\/clg-tamarins\/wp-content\/uploads\/sites\/56\/2015\/03\/ART-ESP-5-3.jpg\" alt=\"\" width=\"100%\" height=\"100%\" \/>\u00a0 <img decoding=\"async\" class=\" aligncenter\" src=\"https:\/\/etab.ac-reunion.fr\/clg-tamarins\/wp-content\/uploads\/sites\/56\/2015\/03\/ART-ESP-5-4.jpg\" alt=\"\" width=\"100%\" height=\"100%\" \/><\/p>\n<h2 style=\"text-align: center\">Mathias qui pose avec la statue du talentueux Neima<\/h2>\n<p><img decoding=\"async\" class=\" aligncenter\" src=\"https:\/\/etab.ac-reunion.fr\/clg-tamarins\/wp-content\/uploads\/sites\/56\/2015\/03\/ART-ESP-5-5.jpg\" alt=\"\" width=\"100%\" height=\"100%\" \/><\/p>\n<h2 style=\"text-align: center\">En avant pour la visite du mus\u00e9e<\/h2>\n<p><img decoding=\"async\" class=\" aligncenter\" src=\"https:\/\/etab.ac-reunion.fr\/clg-tamarins\/wp-content\/uploads\/sites\/56\/2015\/03\/ART-ESP-5-6.jpg\" alt=\"\" width=\"100%\" height=\"100%\" \/><\/p>\n<h2 style=\"text-align: center\">Toutes les coupes et troph\u00e9es remport\u00e9s par le FCB<\/h2>\n<p><img decoding=\"async\" class=\" aligncenter\" src=\"https:\/\/etab.ac-reunion.fr\/clg-tamarins\/wp-content\/uploads\/sites\/56\/2015\/03\/ART-ESP-5-7.jpg\" alt=\"\" width=\"100%\" height=\"100%\" \/>\u00a0 <img decoding=\"async\" class=\" aligncenter\" src=\"https:\/\/etab.ac-reunion.fr\/clg-tamarins\/wp-content\/uploads\/sites\/56\/2015\/03\/ART-ESP-5-8.jpg\" alt=\"\" width=\"100%\" height=\"100%\" \/> \u00a0<img decoding=\"async\" class=\" aligncenter\" src=\"https:\/\/etab.ac-reunion.fr\/clg-tamarins\/wp-content\/uploads\/sites\/56\/2015\/03\/ART-ESP-5-9.jpg\" alt=\"\" width=\"100%\" height=\"100%\" \/>\u00a0 <img decoding=\"async\" class=\" aligncenter\" src=\"https:\/\/etab.ac-reunion.fr\/clg-tamarins\/wp-content\/uploads\/sites\/56\/2015\/03\/ART-ESP-5-10.jpg\" alt=\"\" width=\"100%\" height=\"100%\" \/> \u00a0<img decoding=\"async\" class=\" aligncenter\" src=\"https:\/\/etab.ac-reunion.fr\/clg-tamarins\/wp-content\/uploads\/sites\/56\/2015\/03\/ART-ESP-5-10a.jpg\" alt=\"\" width=\"100%\" height=\"100%\" \/>\u00a0 <img decoding=\"async\" class=\" aligncenter\" src=\"https:\/\/etab.ac-reunion.fr\/clg-tamarins\/wp-content\/uploads\/sites\/56\/2015\/03\/ART-ESP-5-11.jpg\" alt=\"\" width=\"100%\" height=\"100%\" \/>\u00a0 <img decoding=\"async\" class=\" aligncenter\" src=\"https:\/\/etab.ac-reunion.fr\/clg-tamarins\/wp-content\/uploads\/sites\/56\/2015\/03\/ART-ESP-5-12.jpg\" alt=\"\" width=\"100%\" height=\"100%\" \/> \u00a0<img decoding=\"async\" class=\" aligncenter\" src=\"https:\/\/etab.ac-reunion.fr\/clg-tamarins\/wp-content\/uploads\/sites\/56\/2015\/03\/ART-ESP-5-13.jpg\" alt=\"\" width=\"100%\" height=\"100%\" \/><\/p>\n<h2 style=\"text-align: center\">Des vitrines avec des objets qui retracent l&rsquo;histoire du club<\/h2>\n<p><img decoding=\"async\" class=\" aligncenter\" src=\"https:\/\/etab.ac-reunion.fr\/clg-tamarins\/wp-content\/uploads\/sites\/56\/2015\/03\/ART-ESP-5-14.jpg\" alt=\"\" width=\"100%\" height=\"100%\" \/> \u00a0<img decoding=\"async\" class=\" aligncenter\" src=\"https:\/\/etab.ac-reunion.fr\/clg-tamarins\/wp-content\/uploads\/sites\/56\/2015\/03\/ART-ESP-5-15.jpg\" alt=\"\" width=\"100%\" height=\"100%\" \/>\u00a0 <img decoding=\"async\" class=\" aligncenter\" src=\"https:\/\/etab.ac-reunion.fr\/clg-tamarins\/wp-content\/uploads\/sites\/56\/2015\/03\/ART-ESP-5-16.jpg\" alt=\"\" width=\"100%\" height=\"100%\" \/>\u00a0 <img decoding=\"async\" class=\" aligncenter\" src=\"https:\/\/etab.ac-reunion.fr\/clg-tamarins\/wp-content\/uploads\/sites\/56\/2015\/03\/ART-ESP-5-17.jpg\" alt=\"\" width=\"100%\" height=\"100%\" \/><\/p>\n<h2 style=\"text-align: center\">Joan Mir\u00f3, c\u00e9l\u00e8bre peintre espagnol, a peint ce tableau pour le 75e anniversaire du club en 1974<\/h2>\n<p><img decoding=\"async\" class=\" aligncenter\" src=\"https:\/\/etab.ac-reunion.fr\/clg-tamarins\/wp-content\/uploads\/sites\/56\/2015\/03\/ART-ESP-5-18.jpg\" alt=\"\" width=\"100%\" height=\"100%\" \/><\/p>\n<h2 style=\"text-align: center\">Dans la cabine de presse<\/h2>\n<p><img decoding=\"async\" class=\" aligncenter\" src=\"https:\/\/etab.ac-reunion.fr\/clg-tamarins\/wp-content\/uploads\/sites\/56\/2015\/03\/ART-ESP-5-19.jpg\" alt=\"\" width=\"100%\" height=\"100%\" \/><\/p>\n<h2 style=\"text-align: center\">Le magnifique et impressionnant terrain de Camp Nou<\/h2>\n<p><img decoding=\"async\" class=\" aligncenter\" src=\"https:\/\/etab.ac-reunion.fr\/clg-tamarins\/wp-content\/uploads\/sites\/56\/2015\/03\/ART-ESP-5-20.jpg\" alt=\"\" width=\"100%\" height=\"100%\" \/> \u00a0<img decoding=\"async\" class=\" aligncenter\" src=\"https:\/\/etab.ac-reunion.fr\/clg-tamarins\/wp-content\/uploads\/sites\/56\/2015\/03\/ART-ESP-5-21.jpg\" alt=\"\" width=\"100%\" height=\"100%\" \/> <img decoding=\"async\" class=\" aligncenter\" src=\"https:\/\/etab.ac-reunion.fr\/clg-tamarins\/wp-content\/uploads\/sites\/56\/2015\/03\/ART-ESP-5-22.jpg\" alt=\"\" width=\"100%\" height=\"100%\" \/> <img decoding=\"async\" class=\" aligncenter\" src=\"https:\/\/etab.ac-reunion.fr\/clg-tamarins\/wp-content\/uploads\/sites\/56\/2015\/03\/ART-ESP-5-23.jpg\" alt=\"\" width=\"100%\" height=\"100%\" \/>\u00a0 <img decoding=\"async\" class=\" aligncenter\" src=\"https:\/\/etab.ac-reunion.fr\/clg-tamarins\/wp-content\/uploads\/sites\/56\/2015\/03\/ART-ESP-5-24.jpg\" alt=\"\" width=\"100%\" height=\"100%\" \/><\/p>\n<h2 style=\"text-align: center\">Petit d\u00e9tour par la boutique du stade avant de partir<\/h2>\n<p><img decoding=\"async\" class=\" aligncenter\" src=\"https:\/\/etab.ac-reunion.fr\/clg-tamarins\/wp-content\/uploads\/sites\/56\/2015\/03\/ART-ESP-5-25.jpg\" alt=\"\" width=\"100%\" height=\"100%\" \/><\/p>\n<h2 style=\"text-align: center\">Soir\u00e9e tapas au restaurant<\/h2>\n<p><img decoding=\"async\" class=\" aligncenter\" src=\"https:\/\/etab.ac-reunion.fr\/clg-tamarins\/wp-content\/uploads\/sites\/56\/2015\/03\/ART-ESP-5-26.jpg\" alt=\"\" width=\"100%\" height=\"100%\" \/>\u00a0 <img decoding=\"async\" class=\" aligncenter\" src=\"https:\/\/etab.ac-reunion.fr\/clg-tamarins\/wp-content\/uploads\/sites\/56\/2015\/03\/ART-ESP-5-27.jpg\" alt=\"\" width=\"100%\" height=\"100%\" \/> <img decoding=\"async\" class=\" aligncenter\" src=\"https:\/\/etab.ac-reunion.fr\/clg-tamarins\/wp-content\/uploads\/sites\/56\/2015\/03\/ART-ESP-5-27a.jpg\" alt=\"\" width=\"100%\" height=\"100%\" \/><\/p>\n<h2 style=\"text-align: center\">Les diff\u00e9rents tapas que nous avons go\u00fbt\u00e9s<\/h2>\n<p><img decoding=\"async\" class=\" aligncenter\" src=\"https:\/\/etab.ac-reunion.fr\/clg-tamarins\/wp-content\/uploads\/sites\/56\/2015\/03\/ART-ESP-5-28.jpg\" alt=\"\" width=\"100%\" height=\"100%\" \/>\u00a0 <img decoding=\"async\" class=\" aligncenter\" src=\"https:\/\/etab.ac-reunion.fr\/clg-tamarins\/wp-content\/uploads\/sites\/56\/2015\/03\/ART-ESP-5-29.jpg\" alt=\"\" width=\"100%\" height=\"100%\" \/> <img decoding=\"async\" class=\" aligncenter\" src=\"https:\/\/etab.ac-reunion.fr\/clg-tamarins\/wp-content\/uploads\/sites\/56\/2015\/03\/ART-ESP-5-30.jpg\" alt=\"\" width=\"100%\" height=\"100%\" \/>\u00a0 <img decoding=\"async\" class=\" aligncenter\" src=\"https:\/\/etab.ac-reunion.fr\/clg-tamarins\/wp-content\/uploads\/sites\/56\/2015\/03\/ART-ESP-5-31.jpg\" alt=\"\" width=\"100%\" height=\"100%\" \/>\u00a0 <img decoding=\"async\" class=\" aligncenter\" src=\"https:\/\/etab.ac-reunion.fr\/clg-tamarins\/wp-content\/uploads\/sites\/56\/2015\/03\/ART-ESP-5-32.jpg\" alt=\"\" width=\"100%\" height=\"100%\" \/>\u00a0 <img decoding=\"async\" class=\" aligncenter\" src=\"https:\/\/etab.ac-reunion.fr\/clg-tamarins\/wp-content\/uploads\/sites\/56\/2015\/03\/ART-ESP-5-33.jpg\" alt=\"\" width=\"100%\" height=\"100%\" \/>\u00a0 <img decoding=\"async\" class=\" aligncenter\" src=\"https:\/\/etab.ac-reunion.fr\/clg-tamarins\/wp-content\/uploads\/sites\/56\/2015\/03\/ART-ESP-5-34.jpg\" alt=\"\" width=\"100%\" height=\"100%\" \/>\u00a0 <img decoding=\"async\" class=\" aligncenter\" src=\"https:\/\/etab.ac-reunion.fr\/clg-tamarins\/wp-content\/uploads\/sites\/56\/2015\/03\/ART-ESP-5-35.jpg\" alt=\"\" width=\"100%\" height=\"100%\" \/><\/p>\n<h2 style=\"text-align: center\">Certaines semblent appr\u00e9cier ce qu&rsquo;elles mangent et la bonne humeur est de mise !<\/h2>\n<p><img decoding=\"async\" class=\" aligncenter\" src=\"https:\/\/etab.ac-reunion.fr\/clg-tamarins\/wp-content\/uploads\/sites\/56\/2015\/03\/ART-ESP-5-36.jpg\" alt=\"\" width=\"100%\" height=\"100%\" \/>\u00a0 <img decoding=\"async\" class=\" aligncenter\" src=\"https:\/\/etab.ac-reunion.fr\/clg-tamarins\/wp-content\/uploads\/sites\/56\/2015\/03\/ART-ESP-5-37.jpg\" alt=\"\" width=\"100%\" height=\"100%\" \/> <img decoding=\"async\" class=\" aligncenter\" src=\"https:\/\/etab.ac-reunion.fr\/clg-tamarins\/wp-content\/uploads\/sites\/56\/2015\/03\/ART-ESP-5-38.jpg\" alt=\"\" width=\"100%\" height=\"100%\" \/><\/p>\n","protected":false},"excerpt":{"rendered":"<p>Samedi 21 mars: stade de Barcelone (le c\u00e9l\u00e8bre stade Camp Nou), shopping sur Las Ramblas, les tapas &#8230;<\/p>\n<p class=\"continue-reading-button\"> <a class=\"continue-reading-link\" href=\"https:\/\/etab.ac-reunion.fr\/clg-tamarins\/le-voyage-en-espagne-5\/\">Continuer \u00e0 lire<i class=\"crycon-right-dir\"><\/i><\/a><\/p>\n","protected":false},"author":3687,"featured_media":3111,"comment_status":"closed","ping_status":"closed","sticky":false,"template":"","format":"standard","meta":{"footnotes":""},"categories":[83,31],"tags":[83,285],"class_list":["post-3208","post","type-post","status-publish","format-standard","has-post-thumbnail","hentry","category-voyage-en-espagne","category-voyages","tag-voyage-en-espagne","tag-voyages"],"_links":{"self":[{"href":"https:\/\/etab.ac-reunion.fr\/clg-tamarins\/wp-json\/wp\/v2\/posts\/3208","targetHints":{"allow":["GET"]}}],"collection":[{"href":"https:\/\/etab.ac-reunion.fr\/clg-tamarins\/wp-json\/wp\/v2\/posts"}],"about":[{"href":"https:\/\/etab.ac-reunion.fr\/clg-tamarins\/wp-json\/wp\/v2\/types\/post"}],"author":[{"embeddable":true,"href":"https:\/\/etab.ac-reunion.fr\/clg-tamarins\/wp-json\/wp\/v2\/users\/3687"}],"replies":[{"embeddable":true,"href":"https:\/\/etab.ac-reunion.fr\/clg-tamarins\/wp-json\/wp\/v2\/comments?post=3208"}],"version-history":[{"count":5,"href":"https:\/\/etab.ac-reunion.fr\/clg-tamarins\/wp-json\/wp\/v2\/posts\/3208\/revisions"}],"predecessor-version":[{"id":3221,"href":"https:\/\/etab.ac-reunion.fr\/clg-tamarins\/wp-json\/wp\/v2\/posts\/3208\/revisions\/3221"}],"wp:featuredmedia":[{"embeddable":true,"href":"https:\/\/etab.ac-reunion.fr\/clg-tamarins\/wp-json\/wp\/v2\/media\/3111"}],"wp:attachment":[{"href":"https:\/\/etab.ac-reunion.fr\/clg-tamarins\/wp-json\/wp\/v2\/media?parent=3208"}],"wp:term":[{"taxonomy":"category","embeddable":true,"href":"https:\/\/etab.ac-reunion.fr\/clg-tamarins\/wp-json\/wp\/v2\/categories?post=3208"},{"taxonomy":"post_tag","embeddable":true,"href":"https:\/\/etab.ac-reunion.fr\/clg-tamarins\/wp-json\/wp\/v2\/tags?post=3208"}],"curies":[{"name":"wp","href":"https:\/\/api.w.org\/{rel}","templated":true}]}}