{"id":3249,"date":"2015-03-31T14:56:19","date_gmt":"2015-03-31T10:56:19","guid":{"rendered":"http:\/\/college-les-tamarins.ac-reunion.fr\/?p=3249"},"modified":"2015-04-07T09:58:32","modified_gmt":"2015-04-07T05:58:32","slug":"le-conte-de-lequipe-1-une-paysanne-qui-voulait-etre-une-princesse","status":"publish","type":"post","link":"https:\/\/etab.ac-reunion.fr\/clg-tamarins\/le-conte-de-lequipe-1-une-paysanne-qui-voulait-etre-une-princesse\/","title":{"rendered":"Le conte de l&rsquo;\u00e9quipe 1: Une paysanne qui voulait \u00eatre une princesse"},"content":{"rendered":"<ul id=\"menu-journee-du-conte-2015\" class=\"menu menu_horizontal\"><li id=\"menu-item-3362\" class=\"menu-item menu-item-type-post_type menu-item-object-post menu-item-3362\"><a href=\"https:\/\/etab.ac-reunion.fr\/clg-tamarins\/la-journee-du-conte\/\">LE THEME: La journ\u00e9e du conte<\/a><\/li>\n<li id=\"menu-item-3417\" class=\"menu-item menu-item-type-post_type menu-item-object-post menu-item-3417\"><a href=\"https:\/\/etab.ac-reunion.fr\/clg-tamarins\/la-journee-du-conte-commentaires\/\">Commentaires des participants<\/a><\/li>\n<li id=\"menu-item-3418\" class=\"menu-item menu-item-type-post_type menu-item-object-post menu-item-3418\"><a href=\"https:\/\/etab.ac-reunion.fr\/clg-tamarins\/la-journee-du-conte-les-photos\/\">Les photos !<\/a><\/li>\n<li id=\"menu-item-3373\" class=\"menu-item menu-item-type-post_type menu-item-object-post menu-item-3373\"><a href=\"https:\/\/etab.ac-reunion.fr\/clg-tamarins\/le-conte-de-lequipe-1-une-paysanne-qui-voulait-etre-une-princesse\/\">Une paysanne qui voulait \u00eatre une princesse<\/a><\/li>\n<li id=\"menu-item-3374\" class=\"menu-item menu-item-type-post_type menu-item-object-post menu-item-3374\"><a href=\"https:\/\/etab.ac-reunion.fr\/clg-tamarins\/le-conte-de-lequipe-2-ali-baba-et-la-cape-magique\/\">Ali, Baba et la cape magique<\/a><\/li>\n<li id=\"menu-item-3375\" class=\"menu-item menu-item-type-post_type menu-item-object-post menu-item-3375\"><a href=\"https:\/\/etab.ac-reunion.fr\/clg-tamarins\/le-conte-de-lequipe-3-parson-et-son-dragon\/\">Parson et son dragon<\/a><\/li>\n<li id=\"menu-item-3376\" class=\"menu-item menu-item-type-post_type menu-item-object-post menu-item-3376\"><a href=\"https:\/\/etab.ac-reunion.fr\/clg-tamarins\/le-conte-de-lequipe-4-la-princesse-et-le-miroir-enchante\/\">La princesse et le miroir enchant\u00e9<\/a><\/li>\n<li id=\"menu-item-3397\" class=\"menu-item menu-item-type-post_type menu-item-object-post menu-item-3397\"><a href=\"https:\/\/etab.ac-reunion.fr\/clg-tamarins\/le-conte-de-lequipe-5-la-legende-du-dragon\/\">La l\u00e9gende du dragon<\/a><\/li>\n<li id=\"menu-item-3398\" class=\"menu-item menu-item-type-post_type menu-item-object-post menu-item-3398\"><a href=\"https:\/\/etab.ac-reunion.fr\/clg-tamarins\/le-conte-de-lequipe-6-leo-et-le-dragon-ensorcele\/\">L\u00e9o et le dragon ensorcel\u00e9<\/a><\/li>\n<li id=\"menu-item-3402\" class=\"menu-item menu-item-type-post_type menu-item-object-post menu-item-3402\"><a href=\"https:\/\/etab.ac-reunion.fr\/clg-tamarins\/le-conte-de-lequipe-7-le-dragon-malefique\/\">Le dragon mal\u00e9fique<\/a><\/li>\n<li id=\"menu-item-3408\" class=\"menu-item menu-item-type-post_type menu-item-object-post menu-item-3408\"><a href=\"https:\/\/etab.ac-reunion.fr\/clg-tamarins\/le-conte-de-lequipe-9-le-miroir-magique\/\">Le miroir magique<\/a><\/li>\n<li id=\"menu-item-3409\" class=\"menu-item menu-item-type-post_type menu-item-object-post menu-item-3409\"><a href=\"https:\/\/etab.ac-reunion.fr\/clg-tamarins\/le-conte-de-lequipe-8-la-clef-magique\/\">La Clef magique<\/a><\/li>\n<li id=\"menu-item-3419\" class=\"menu-item menu-item-type-post_type menu-item-object-post menu-item-3419\"><a href=\"https:\/\/etab.ac-reunion.fr\/clg-tamarins\/le-conte-de-lequipe-12-un-jeune-homme-dresseur-de-dragon\/\">Un jeune homme dresseur de dragon<\/a><\/li>\n<li id=\"menu-item-3420\" class=\"menu-item menu-item-type-post_type menu-item-object-post menu-item-3420\"><a href=\"https:\/\/etab.ac-reunion.fr\/clg-tamarins\/le-conte-de-lequipe-11-la-princesse-qui-revait-daventure\/\">La princesse qui r\u00eavait d&rsquo;aventure<\/a><\/li>\n<li id=\"menu-item-3421\" class=\"menu-item menu-item-type-post_type menu-item-object-post menu-item-3421\"><a href=\"https:\/\/etab.ac-reunion.fr\/clg-tamarins\/le-conte-de-lequipe-10-le-jeune-dresseur-de-dragons-et-le-sorcier\/\">Le jeune dresseur de dragons et le sorcier<\/a><\/li>\n<\/ul>\n<h1>\u00c9quipe 1:\u00a0\u201cHansel et Gretel\u201d<\/h1>\n<table class=\"aligncenter\" style=\"text-align: center\" border=\"1\">\n<colgroup>\n<col width=\"362\" \/>\n<col width=\"264\" \/> <\/colgroup>\n<tbody>\n<tr valign=\"TOP\">\n<td width=\"362\">\n<p align=\"CENTER\"><b>Nom \u2013 Pr\u00e9nom <\/b><\/p>\n<\/td>\n<td width=\"264\">\n<p align=\"CENTER\"><b>Classe\u00a0: <\/b><\/p>\n<\/td>\n<td rowspan=\"10\"><img loading=\"lazy\" decoding=\"async\" src=\"https:\/\/etab.ac-reunion.fr\/clg-tamarins\/wp-content\/uploads\/sites\/56\/2015\/03\/ART-JDC2015-equipe1-logo.jpg\" alt=\"\" width=\"344\" height=\"400\" \/><\/td>\n<\/tr>\n<tr valign=\"TOP\">\n<td width=\"362\">BOURIN Soraya ( F)<\/td>\n<td width=\"264\">\n<p align=\"CENTER\">6\u00e8me Girofle<\/p>\n<\/td>\n<\/tr>\n<tr valign=\"TOP\">\n<td width=\"362\">GRIGO Virgil (M)<\/td>\n<td width=\"264\">\n<p align=\"CENTER\">6\u00e8me\u00a0Girofle<\/p>\n<\/td>\n<\/tr>\n<tr valign=\"TOP\">\n<td width=\"362\">MADI El farouck (M)<\/td>\n<td width=\"264\">\n<p align=\"CENTER\">6\u00e8me\u00a0Girofle<\/p>\n<\/td>\n<\/tr>\n<tr valign=\"TOP\">\n<td width=\"362\">RAPHAEL Tamim (M)<\/td>\n<td width=\"264\">\n<p align=\"CENTER\">6\u00e8me\u00a0Girofle<\/p>\n<\/td>\n<\/tr>\n<tr valign=\"TOP\">\n<td width=\"362\">TILMAR Evan(M)<\/td>\n<td width=\"264\">\n<p align=\"CENTER\">6\u00e8me\u00a0Girofle<\/p>\n<\/td>\n<\/tr>\n<tr valign=\"TOP\">\n<td width=\"362\">ULDERIC Ma\u00ebva ( F)<\/td>\n<td width=\"264\">\n<p align=\"CENTER\">6\u00e8me\u00a0Girofle<\/p>\n<\/td>\n<\/tr>\n<tr valign=\"TOP\">\n<td width=\"362\">VALERE Hendrick (M)<\/td>\n<td width=\"264\">\n<p align=\"CENTER\">6\u00e8me\u00a0Girofle<\/p>\n<\/td>\n<\/tr>\n<tr valign=\"TOP\">\n<td width=\"362\">JOANY Cassandra ( F)<\/td>\n<td width=\"264\">\n<p align=\"CENTER\">6\u00e8me\u00a0Baie rose<\/p>\n<\/td>\n<\/tr>\n<tr valign=\"TOP\">\n<td width=\"362\">MALAYANDY Marion ( F)<\/td>\n<td width=\"264\">\n<p align=\"CENTER\">6\u00e8me\u00a0Baie rose<\/p>\n<\/td>\n<\/tr>\n<\/tbody>\n<\/table>\n<p>&nbsp;<\/p>\n<h1><\/h1>\n<h3 align=\"CENTER\">Une paysanne qui voulait \u00eatre une princesse<\/h3>\n<p>&nbsp;<\/p>\n<p>Il \u00e9tait une fois, une paysanne qui s&rsquo;appelait Cristal et qui voulait devenir princesse. Il y avait un prince qui vivait dans un royaume sous la neige. Il vint annoncer au village le bal qui se d\u00e9roulera dans son royaume. Le prince dit\u00a0: \u00ab\u00a0Ce soir, je choisirai la demoiselle qui deviendra ma femme.\u00a0\u00bb<br \/>\nCristal voulait participer au bal en esp\u00e9rant \u00eatre la cavali\u00e8re du prince. Comme Cristal \u00e9tait pauvre et n&rsquo;avait pas de beaux habits, elle d\u00e9cida d&rsquo;aller voir la sorci\u00e8re du village. La sorci\u00e8re lui donna une bague magique et un troll et dit\u00a0: \u00ab\u00a0prends cette bague et ce troll qui te prot\u00e9geront du dragon enferm\u00e9 dans la bague.\u00a0\u00bb Et la sorci\u00e8re disparut\u00a0. Puis, Cristal se retrouva dans de beaux habits. Au bal\u00a0, tous les regards \u00e9merveill\u00e9s se tournent vers elle. Tout \u00e0 coup, le prince l&rsquo;invita \u00e0 danser, ce qui rendait les autres filles jalouses. Pendant qu&rsquo;ils dansaient, le troll intervient et dit \u00e0 Cristal: \u00ab\u00a0Le prince est en danger, le dragon veut d\u00e9truire le royaume et ses environs.\u00a0\u00bb La bague disparut et le dragon apparut et transper\u00e7a le coeur du prince. Le troll demanda alors \u00e0 Cristal de donner au prince un baiser car seul l&rsquo;amour sinc\u00e8re pourrait lui redonner la vie. La neige se mit \u00e0 tomber et Cristal lui donna un baiser et la dragon disparut, le prince se r\u00e9veilla et lui demanda sa main.<br \/>\nUn an plus tard, Cristal a r\u00e9alis\u00e9 son r\u00eave de devenir princesse. Ils se mari\u00e8rent et eurent beaucoup d&rsquo;enfants et v\u00e9curent heureux avec le troll dans un royaume sous la neige.<\/p>\n<h1><\/h1>\n<p><img decoding=\"async\" class=\" aligncenter\" src=\"https:\/\/etab.ac-reunion.fr\/clg-tamarins\/wp-content\/uploads\/sites\/56\/2015\/04\/ART-JDC2015-equipe1-mini.jpg\" alt=\"\" \/><br \/>\n[easyembed field=\u00a0\u00bbchanger_fond\u00a0\u00bb]\n","protected":false},"excerpt":{"rendered":"<p>\u00c9quipe 1:\u00a0\u201cHansel et Gretel\u201d Nom \u2013 Pr\u00e9nom Classe\u00a0: BOURIN Soraya ( F) 6\u00e8me Girofle GRIGO Virgil (M) 6\u00e8me\u00a0Girofle MADI El farouck (M) 6\u00e8me\u00a0Girofle RAPHAEL Tamim (M) 6\u00e8me\u00a0Girofle TILMAR Evan(M) 6\u00e8me\u00a0Girofle ULDERIC Ma\u00ebva ( F) 6\u00e8me\u00a0Girofle VALERE Hendrick (M) 6\u00e8me\u00a0Girofle JOANY Cassandra ( F) 6\u00e8me\u00a0Baie rose MALAYANDY Marion ( F) 6\u00e8me\u00a0Baie\u2026<\/p>\n<p class=\"continue-reading-button\"> <a class=\"continue-reading-link\" href=\"https:\/\/etab.ac-reunion.fr\/clg-tamarins\/le-conte-de-lequipe-1-une-paysanne-qui-voulait-etre-une-princesse\/\">Continuer \u00e0 lire<i class=\"crycon-right-dir\"><\/i><\/a><\/p>\n","protected":false},"author":3694,"featured_media":3251,"comment_status":"closed","ping_status":"closed","sticky":false,"template":"","format":"standard","meta":{"footnotes":""},"categories":[250],"tags":[251],"class_list":["post-3249","post","type-post","status-publish","format-standard","has-post-thumbnail","hentry","category-francais","tag-journee-du-conte"],"_links":{"self":[{"href":"https:\/\/etab.ac-reunion.fr\/clg-tamarins\/wp-json\/wp\/v2\/posts\/3249","targetHints":{"allow":["GET"]}}],"collection":[{"href":"https:\/\/etab.ac-reunion.fr\/clg-tamarins\/wp-json\/wp\/v2\/posts"}],"about":[{"href":"https:\/\/etab.ac-reunion.fr\/clg-tamarins\/wp-json\/wp\/v2\/types\/post"}],"author":[{"embeddable":true,"href":"https:\/\/etab.ac-reunion.fr\/clg-tamarins\/wp-json\/wp\/v2\/users\/3694"}],"replies":[{"embeddable":true,"href":"https:\/\/etab.ac-reunion.fr\/clg-tamarins\/wp-json\/wp\/v2\/comments?post=3249"}],"version-history":[{"count":26,"href":"https:\/\/etab.ac-reunion.fr\/clg-tamarins\/wp-json\/wp\/v2\/posts\/3249\/revisions"}],"predecessor-version":[{"id":3299,"href":"https:\/\/etab.ac-reunion.fr\/clg-tamarins\/wp-json\/wp\/v2\/posts\/3249\/revisions\/3299"}],"wp:featuredmedia":[{"embeddable":true,"href":"https:\/\/etab.ac-reunion.fr\/clg-tamarins\/wp-json\/wp\/v2\/media\/3251"}],"wp:attachment":[{"href":"https:\/\/etab.ac-reunion.fr\/clg-tamarins\/wp-json\/wp\/v2\/media?parent=3249"}],"wp:term":[{"taxonomy":"category","embeddable":true,"href":"https:\/\/etab.ac-reunion.fr\/clg-tamarins\/wp-json\/wp\/v2\/categories?post=3249"},{"taxonomy":"post_tag","embeddable":true,"href":"https:\/\/etab.ac-reunion.fr\/clg-tamarins\/wp-json\/wp\/v2\/tags?post=3249"}],"curies":[{"name":"wp","href":"https:\/\/api.w.org\/{rel}","templated":true}]}}