{"id":3273,"date":"2015-04-02T07:44:16","date_gmt":"2015-04-02T03:44:16","guid":{"rendered":"http:\/\/college-les-tamarins.ac-reunion.fr\/?p=3273"},"modified":"2015-04-02T10:23:10","modified_gmt":"2015-04-02T06:23:10","slug":"le-conte-de-lequipe-2-ali-baba-et-la-cape-magique","status":"publish","type":"post","link":"https:\/\/etab.ac-reunion.fr\/clg-tamarins\/le-conte-de-lequipe-2-ali-baba-et-la-cape-magique\/","title":{"rendered":"Le conte de l&rsquo;\u00e9quipe 2: Ali, Baba et la cape magique"},"content":{"rendered":"<ul id=\"menu-journee-du-conte-2015\" class=\"menu menu_horizontal\"><li id=\"menu-item-3362\" class=\"menu-item menu-item-type-post_type menu-item-object-post menu-item-3362\"><a href=\"https:\/\/etab.ac-reunion.fr\/clg-tamarins\/la-journee-du-conte\/\">LE THEME: La journ\u00e9e du conte<\/a><\/li>\n<li id=\"menu-item-3417\" class=\"menu-item menu-item-type-post_type menu-item-object-post menu-item-3417\"><a href=\"https:\/\/etab.ac-reunion.fr\/clg-tamarins\/la-journee-du-conte-commentaires\/\">Commentaires des participants<\/a><\/li>\n<li id=\"menu-item-3418\" class=\"menu-item menu-item-type-post_type menu-item-object-post menu-item-3418\"><a href=\"https:\/\/etab.ac-reunion.fr\/clg-tamarins\/la-journee-du-conte-les-photos\/\">Les photos !<\/a><\/li>\n<li id=\"menu-item-3373\" class=\"menu-item menu-item-type-post_type menu-item-object-post menu-item-3373\"><a href=\"https:\/\/etab.ac-reunion.fr\/clg-tamarins\/le-conte-de-lequipe-1-une-paysanne-qui-voulait-etre-une-princesse\/\">Une paysanne qui voulait \u00eatre une princesse<\/a><\/li>\n<li id=\"menu-item-3374\" class=\"menu-item menu-item-type-post_type menu-item-object-post menu-item-3374\"><a href=\"https:\/\/etab.ac-reunion.fr\/clg-tamarins\/le-conte-de-lequipe-2-ali-baba-et-la-cape-magique\/\">Ali, Baba et la cape magique<\/a><\/li>\n<li id=\"menu-item-3375\" class=\"menu-item menu-item-type-post_type menu-item-object-post menu-item-3375\"><a href=\"https:\/\/etab.ac-reunion.fr\/clg-tamarins\/le-conte-de-lequipe-3-parson-et-son-dragon\/\">Parson et son dragon<\/a><\/li>\n<li id=\"menu-item-3376\" class=\"menu-item menu-item-type-post_type menu-item-object-post menu-item-3376\"><a href=\"https:\/\/etab.ac-reunion.fr\/clg-tamarins\/le-conte-de-lequipe-4-la-princesse-et-le-miroir-enchante\/\">La princesse et le miroir enchant\u00e9<\/a><\/li>\n<li id=\"menu-item-3397\" class=\"menu-item menu-item-type-post_type menu-item-object-post menu-item-3397\"><a href=\"https:\/\/etab.ac-reunion.fr\/clg-tamarins\/le-conte-de-lequipe-5-la-legende-du-dragon\/\">La l\u00e9gende du dragon<\/a><\/li>\n<li id=\"menu-item-3398\" class=\"menu-item menu-item-type-post_type menu-item-object-post menu-item-3398\"><a href=\"https:\/\/etab.ac-reunion.fr\/clg-tamarins\/le-conte-de-lequipe-6-leo-et-le-dragon-ensorcele\/\">L\u00e9o et le dragon ensorcel\u00e9<\/a><\/li>\n<li id=\"menu-item-3402\" class=\"menu-item menu-item-type-post_type menu-item-object-post menu-item-3402\"><a href=\"https:\/\/etab.ac-reunion.fr\/clg-tamarins\/le-conte-de-lequipe-7-le-dragon-malefique\/\">Le dragon mal\u00e9fique<\/a><\/li>\n<li id=\"menu-item-3408\" class=\"menu-item menu-item-type-post_type menu-item-object-post menu-item-3408\"><a href=\"https:\/\/etab.ac-reunion.fr\/clg-tamarins\/le-conte-de-lequipe-9-le-miroir-magique\/\">Le miroir magique<\/a><\/li>\n<li id=\"menu-item-3409\" class=\"menu-item menu-item-type-post_type menu-item-object-post menu-item-3409\"><a href=\"https:\/\/etab.ac-reunion.fr\/clg-tamarins\/le-conte-de-lequipe-8-la-clef-magique\/\">La Clef magique<\/a><\/li>\n<li id=\"menu-item-3419\" class=\"menu-item menu-item-type-post_type menu-item-object-post menu-item-3419\"><a href=\"https:\/\/etab.ac-reunion.fr\/clg-tamarins\/le-conte-de-lequipe-12-un-jeune-homme-dresseur-de-dragon\/\">Un jeune homme dresseur de dragon<\/a><\/li>\n<li id=\"menu-item-3420\" class=\"menu-item menu-item-type-post_type menu-item-object-post menu-item-3420\"><a href=\"https:\/\/etab.ac-reunion.fr\/clg-tamarins\/le-conte-de-lequipe-11-la-princesse-qui-revait-daventure\/\">La princesse qui r\u00eavait d&rsquo;aventure<\/a><\/li>\n<li id=\"menu-item-3421\" class=\"menu-item menu-item-type-post_type menu-item-object-post menu-item-3421\"><a href=\"https:\/\/etab.ac-reunion.fr\/clg-tamarins\/le-conte-de-lequipe-10-le-jeune-dresseur-de-dragons-et-le-sorcier\/\">Le jeune dresseur de dragons et le sorcier<\/a><\/li>\n<\/ul>\n<h1>\u00c9quipe 2:\u00a0\u201cF\u00e9e clochette\u201d<\/h1>\n<table class=\"aligncenter\" style=\"text-align: center\" border=\"1\">\n<colgroup>\n<col width=\"362\" \/>\n<col width=\"264\" \/> <\/colgroup>\n<tbody>\n<tr valign=\"TOP\">\n<td width=\"362\">\n<p align=\"CENTER\"><b>Nom \u2013 Pr\u00e9nom <\/b><\/p>\n<\/td>\n<td width=\"264\">\n<p align=\"CENTER\"><b>Classe\u00a0: <\/b><\/p>\n<\/td>\n<td rowspan=\"10\"><img loading=\"lazy\" decoding=\"async\" src=\"https:\/\/etab.ac-reunion.fr\/clg-tamarins\/wp-content\/uploads\/sites\/56\/2015\/03\/ART-JDC2015-equipe2-logo.jpg\" alt=\"\" width=\"344\" height=\"400\" \/><\/td>\n<\/tr>\n<tr valign=\"TOP\">\n<td width=\"362\">CELESTE Jean Eddy (M)<\/td>\n<td width=\"264\">\n<p align=\"CENTER\">6\u00e8me Girofle<\/p>\n<\/td>\n<\/tr>\n<tr valign=\"TOP\">\n<td width=\"362\">CHAMANT Miguel (M)<\/td>\n<td width=\"264\">\n<p align=\"CENTER\">6\u00e8me Girofle<\/p>\n<\/td>\n<\/tr>\n<tr valign=\"TOP\">\n<td width=\"362\">DIJOUX Oc\u00e9ane (F)<\/td>\n<td width=\"264\">\n<p align=\"CENTER\">6\u00e8me Girofle<\/p>\n<\/td>\n<\/tr>\n<tr valign=\"TOP\">\n<td width=\"362\">DUGUIN Rohan (M)<\/td>\n<td width=\"264\">\n<p align=\"CENTER\">6\u00e8me Girofle<\/p>\n<\/td>\n<\/tr>\n<tr valign=\"TOP\">\n<td width=\"362\">FELEZ Melissa (F)<\/td>\n<td width=\"264\">\n<p align=\"CENTER\">6\u00e8me Girofle<\/p>\n<\/td>\n<\/tr>\n<tr valign=\"TOP\">\n<td width=\"362\">MADI Nasser (M)<\/td>\n<td width=\"264\">\n<p align=\"CENTER\">6\u00e8me Girofle<\/p>\n<\/td>\n<\/tr>\n<tr valign=\"TOP\">\n<td width=\"362\">VIRANIN AJAGAMELLE Prudence (F)<\/td>\n<td width=\"264\">\n<p align=\"CENTER\">6\u00e8me Girofle<\/p>\n<\/td>\n<\/tr>\n<tr valign=\"TOP\">\n<td width=\"362\">HAMADA Mouktar (M)<\/td>\n<td width=\"264\">\n<p align=\"CENTER\">6\u00e8me Girofle<\/p>\n<\/td>\n<\/tr>\n<tr valign=\"TOP\">\n<td width=\"362\">ELLAYA Emma (F)<\/td>\n<td width=\"264\">\n<p align=\"CENTER\">6\u00e8me Girofle<\/p>\n<\/td>\n<\/tr>\n<\/tbody>\n<\/table>\n<p>&nbsp;<\/p>\n<h1><\/h1>\n<h3 align=\"CENTER\">Ali, Baba et la cape magique<\/h3>\n<p>&nbsp;<\/p>\n<p>Il \u00e9tait une fois \u00e0 la R\u00e9union, deux fr\u00e8res jumeaux qui habitaient dans un ch\u00e2teaux au bord d&rsquo;un lac \u00e0 St-Pierre. L&rsquo;un s&rsquo;appelait Ali et l&rsquo;autre Baba.<br \/>\nUn grand sorcier, qui s&rsquo;appelait Sitarane , avait jet\u00e9 un sort aux jumeaux , le jour de leur 18 ans: Ali serait beau et Baba serait laid. Depuis ce jour il se disputaient&#8230;<br \/>\nUn jour Baba \u00e9nerv\u00e9 jeta des cailloux dans le lac. Un dragon qui dormait depuis 100 ans se r\u00e9veilla et dit\u00a0: \u00ab\u00a0 Pourquoi tu as lanc\u00e9 des cailloux sur moi\u00a0?\u00a0\u00bb Baba s&rsquo; excusa et r\u00e9pondit qu&rsquo;il ne savait pas que le dragon \u00e9tait dans le lac. \u00ab\u00a0Je suis en col\u00e8re apr\u00e8s mon fr\u00e8re, dit Baba, qui est le plus beau et moi je suis laid car Sitarane m&rsquo;a jet\u00e9 un sort\u00a0\u00bb . Le dragon dit d&rsquo;aller chercher la cape de Sitarane et de la ramasser . Le dragon expliqua \u00e0 Baba que Sitarane avait une cape magique qui lui donnait de la puissance . Il laissa sa cape sur son lit entre 11h25 et 12h50 pour aller manger puis Baba r\u00e9ussit \u00e0 r\u00e9cup\u00e9rer la cape puis la ramena au dragon qui la br\u00fbla la cape avec son souffle de flamme.<br \/>\nTous les sortil\u00e8ges de Sitarane furent annul\u00e9s. Ainsi le dragon devient humain et les deux jumeaux redeviennent normaux, ni beau , ni laid . Ils devinrent tous les trois les meilleurs amis du monde .<\/p>\n<h1><\/h1>\n<p><img decoding=\"async\" class=\" aligncenter\" src=\"https:\/\/etab.ac-reunion.fr\/clg-tamarins\/wp-content\/uploads\/sites\/56\/2015\/04\/ART-JDC2015-equipe2-mini.jpg\" alt=\"\" \/><br \/>\n[easyembed field=\u00a0\u00bbchanger_fond\u00a0\u00bb]\n","protected":false},"excerpt":{"rendered":"<p>\u00c9quipe 2:\u00a0\u201cF\u00e9e clochette\u201d Nom \u2013 Pr\u00e9nom Classe\u00a0: CELESTE Jean Eddy (M) 6\u00e8me Girofle CHAMANT Miguel (M) 6\u00e8me Girofle DIJOUX Oc\u00e9ane (F) 6\u00e8me Girofle DUGUIN Rohan (M) 6\u00e8me Girofle FELEZ Melissa (F) 6\u00e8me Girofle MADI Nasser (M) 6\u00e8me Girofle VIRANIN AJAGAMELLE Prudence (F) 6\u00e8me Girofle HAMADA Mouktar (M) 6\u00e8me Girofle ELLAYA\u2026<\/p>\n<p class=\"continue-reading-button\"> <a class=\"continue-reading-link\" href=\"https:\/\/etab.ac-reunion.fr\/clg-tamarins\/le-conte-de-lequipe-2-ali-baba-et-la-cape-magique\/\">Continuer \u00e0 lire<i class=\"crycon-right-dir\"><\/i><\/a><\/p>\n","protected":false},"author":3694,"featured_media":3271,"comment_status":"closed","ping_status":"closed","sticky":false,"template":"","format":"standard","meta":{"footnotes":""},"categories":[250],"tags":[251],"class_list":["post-3273","post","type-post","status-publish","format-standard","has-post-thumbnail","hentry","category-francais","tag-journee-du-conte"],"_links":{"self":[{"href":"https:\/\/etab.ac-reunion.fr\/clg-tamarins\/wp-json\/wp\/v2\/posts\/3273","targetHints":{"allow":["GET"]}}],"collection":[{"href":"https:\/\/etab.ac-reunion.fr\/clg-tamarins\/wp-json\/wp\/v2\/posts"}],"about":[{"href":"https:\/\/etab.ac-reunion.fr\/clg-tamarins\/wp-json\/wp\/v2\/types\/post"}],"author":[{"embeddable":true,"href":"https:\/\/etab.ac-reunion.fr\/clg-tamarins\/wp-json\/wp\/v2\/users\/3694"}],"replies":[{"embeddable":true,"href":"https:\/\/etab.ac-reunion.fr\/clg-tamarins\/wp-json\/wp\/v2\/comments?post=3273"}],"version-history":[{"count":7,"href":"https:\/\/etab.ac-reunion.fr\/clg-tamarins\/wp-json\/wp\/v2\/posts\/3273\/revisions"}],"predecessor-version":[{"id":3365,"href":"https:\/\/etab.ac-reunion.fr\/clg-tamarins\/wp-json\/wp\/v2\/posts\/3273\/revisions\/3365"}],"wp:featuredmedia":[{"embeddable":true,"href":"https:\/\/etab.ac-reunion.fr\/clg-tamarins\/wp-json\/wp\/v2\/media\/3271"}],"wp:attachment":[{"href":"https:\/\/etab.ac-reunion.fr\/clg-tamarins\/wp-json\/wp\/v2\/media?parent=3273"}],"wp:term":[{"taxonomy":"category","embeddable":true,"href":"https:\/\/etab.ac-reunion.fr\/clg-tamarins\/wp-json\/wp\/v2\/categories?post=3273"},{"taxonomy":"post_tag","embeddable":true,"href":"https:\/\/etab.ac-reunion.fr\/clg-tamarins\/wp-json\/wp\/v2\/tags?post=3273"}],"curies":[{"name":"wp","href":"https:\/\/api.w.org\/{rel}","templated":true}]}}