{"id":3281,"date":"2015-03-31T14:28:13","date_gmt":"2015-03-31T10:28:13","guid":{"rendered":"http:\/\/college-les-tamarins.ac-reunion.fr\/?p=3281"},"modified":"2015-04-02T10:25:33","modified_gmt":"2015-04-02T06:25:33","slug":"le-conte-de-lequipe-3-parson-et-son-dragon","status":"publish","type":"post","link":"https:\/\/etab.ac-reunion.fr\/clg-tamarins\/le-conte-de-lequipe-3-parson-et-son-dragon\/","title":{"rendered":"Le conte de l&rsquo;\u00e9quipe 3: Parson et son dragon"},"content":{"rendered":"<ul id=\"menu-journee-du-conte-2015\" class=\"menu menu_horizontal\"><li id=\"menu-item-3362\" class=\"menu-item menu-item-type-post_type menu-item-object-post menu-item-3362\"><a href=\"https:\/\/etab.ac-reunion.fr\/clg-tamarins\/la-journee-du-conte\/\">LE THEME: La journ\u00e9e du conte<\/a><\/li>\n<li id=\"menu-item-3417\" class=\"menu-item menu-item-type-post_type menu-item-object-post menu-item-3417\"><a href=\"https:\/\/etab.ac-reunion.fr\/clg-tamarins\/la-journee-du-conte-commentaires\/\">Commentaires des participants<\/a><\/li>\n<li id=\"menu-item-3418\" class=\"menu-item menu-item-type-post_type menu-item-object-post menu-item-3418\"><a href=\"https:\/\/etab.ac-reunion.fr\/clg-tamarins\/la-journee-du-conte-les-photos\/\">Les photos !<\/a><\/li>\n<li id=\"menu-item-3373\" class=\"menu-item menu-item-type-post_type menu-item-object-post menu-item-3373\"><a href=\"https:\/\/etab.ac-reunion.fr\/clg-tamarins\/le-conte-de-lequipe-1-une-paysanne-qui-voulait-etre-une-princesse\/\">Une paysanne qui voulait \u00eatre une princesse<\/a><\/li>\n<li id=\"menu-item-3374\" class=\"menu-item menu-item-type-post_type menu-item-object-post menu-item-3374\"><a href=\"https:\/\/etab.ac-reunion.fr\/clg-tamarins\/le-conte-de-lequipe-2-ali-baba-et-la-cape-magique\/\">Ali, Baba et la cape magique<\/a><\/li>\n<li id=\"menu-item-3375\" class=\"menu-item menu-item-type-post_type menu-item-object-post menu-item-3375\"><a href=\"https:\/\/etab.ac-reunion.fr\/clg-tamarins\/le-conte-de-lequipe-3-parson-et-son-dragon\/\">Parson et son dragon<\/a><\/li>\n<li id=\"menu-item-3376\" class=\"menu-item menu-item-type-post_type menu-item-object-post menu-item-3376\"><a href=\"https:\/\/etab.ac-reunion.fr\/clg-tamarins\/le-conte-de-lequipe-4-la-princesse-et-le-miroir-enchante\/\">La princesse et le miroir enchant\u00e9<\/a><\/li>\n<li id=\"menu-item-3397\" class=\"menu-item menu-item-type-post_type menu-item-object-post menu-item-3397\"><a href=\"https:\/\/etab.ac-reunion.fr\/clg-tamarins\/le-conte-de-lequipe-5-la-legende-du-dragon\/\">La l\u00e9gende du dragon<\/a><\/li>\n<li id=\"menu-item-3398\" class=\"menu-item menu-item-type-post_type menu-item-object-post menu-item-3398\"><a href=\"https:\/\/etab.ac-reunion.fr\/clg-tamarins\/le-conte-de-lequipe-6-leo-et-le-dragon-ensorcele\/\">L\u00e9o et le dragon ensorcel\u00e9<\/a><\/li>\n<li id=\"menu-item-3402\" class=\"menu-item menu-item-type-post_type menu-item-object-post menu-item-3402\"><a href=\"https:\/\/etab.ac-reunion.fr\/clg-tamarins\/le-conte-de-lequipe-7-le-dragon-malefique\/\">Le dragon mal\u00e9fique<\/a><\/li>\n<li id=\"menu-item-3408\" class=\"menu-item menu-item-type-post_type menu-item-object-post menu-item-3408\"><a href=\"https:\/\/etab.ac-reunion.fr\/clg-tamarins\/le-conte-de-lequipe-9-le-miroir-magique\/\">Le miroir magique<\/a><\/li>\n<li id=\"menu-item-3409\" class=\"menu-item menu-item-type-post_type menu-item-object-post menu-item-3409\"><a href=\"https:\/\/etab.ac-reunion.fr\/clg-tamarins\/le-conte-de-lequipe-8-la-clef-magique\/\">La Clef magique<\/a><\/li>\n<li id=\"menu-item-3419\" class=\"menu-item menu-item-type-post_type menu-item-object-post menu-item-3419\"><a href=\"https:\/\/etab.ac-reunion.fr\/clg-tamarins\/le-conte-de-lequipe-12-un-jeune-homme-dresseur-de-dragon\/\">Un jeune homme dresseur de dragon<\/a><\/li>\n<li id=\"menu-item-3420\" class=\"menu-item menu-item-type-post_type menu-item-object-post menu-item-3420\"><a href=\"https:\/\/etab.ac-reunion.fr\/clg-tamarins\/le-conte-de-lequipe-11-la-princesse-qui-revait-daventure\/\">La princesse qui r\u00eavait d&rsquo;aventure<\/a><\/li>\n<li id=\"menu-item-3421\" class=\"menu-item menu-item-type-post_type menu-item-object-post menu-item-3421\"><a href=\"https:\/\/etab.ac-reunion.fr\/clg-tamarins\/le-conte-de-lequipe-10-le-jeune-dresseur-de-dragons-et-le-sorcier\/\">Le jeune dresseur de dragons et le sorcier<\/a><\/li>\n<\/ul>\n<h1>\u00c9quipe 3:\u00a0\u201cBlanche-neige\u201d<\/h1>\n<table class=\"aligncenter\" style=\"text-align: center\" border=\"1\">\n<colgroup>\n<col width=\"362\" \/>\n<col width=\"264\" \/> <\/colgroup>\n<tbody>\n<tr valign=\"TOP\">\n<td width=\"362\">\n<p align=\"CENTER\"><b>Nom \u2013 Pr\u00e9nom <\/b><\/p>\n<\/td>\n<td width=\"264\">\n<p align=\"CENTER\"><b>Classe\u00a0: <\/b><\/p>\n<\/td>\n<td rowspan=\"9\"><img loading=\"lazy\" decoding=\"async\" src=\"https:\/\/etab.ac-reunion.fr\/clg-tamarins\/wp-content\/uploads\/sites\/56\/2015\/03\/ART-JDC2015-equipe3-logo.jpg\" alt=\"\" width=\"344\" height=\"400\" \/><\/td>\n<\/tr>\n<tr valign=\"TOP\">\n<td width=\"362\">ABDOU-RAHIM Yahia (F)<\/td>\n<td width=\"264\">\n<p align=\"CENTER\">6\u00e8me Cumin<\/p>\n<\/td>\n<\/tr>\n<tr valign=\"TOP\">\n<td width=\"362\">ANRAFA SOILIHI Isma\u00ebl (M)<\/td>\n<td width=\"264\">\n<p align=\"CENTER\">6\u00e8me Cumin<\/p>\n<\/td>\n<\/tr>\n<tr valign=\"TOP\">\n<td width=\"362\">BEEDASSY Aur\u00e9lie (F)<\/td>\n<td width=\"264\">\n<p align=\"CENTER\">6\u00e8me Cumin<\/p>\n<\/td>\n<\/tr>\n<tr valign=\"TOP\">\n<td width=\"362\">BRABANT Mendy (M)<\/td>\n<td width=\"264\">\n<p align=\"CENTER\">6\u00e8me Cumin<\/p>\n<\/td>\n<\/tr>\n<tr valign=\"TOP\">\n<td width=\"362\">HOUMADI Abdoul Anziz (M)<\/td>\n<td width=\"264\">\n<p align=\"CENTER\">6\u00e8me Cumin<\/p>\n<\/td>\n<\/tr>\n<tr valign=\"TOP\">\n<td width=\"362\">LATCHIMY Vidhyavathi (M)<\/td>\n<td width=\"264\">\n<p align=\"CENTER\">6\u00e8me Cumin<\/p>\n<\/td>\n<\/tr>\n<tr valign=\"TOP\">\n<td width=\"362\">POTAYA Luidgy (M)<\/td>\n<td width=\"264\">\n<p align=\"CENTER\">6\u00e8me Cumin<\/p>\n<\/td>\n<\/tr>\n<tr valign=\"TOP\">\n<td width=\"362\">IDRAC Cl\u00e9lia (F)<\/td>\n<td width=\"264\">\n<p align=\"CENTER\">6\u00e8me Cumin<\/p>\n<\/td>\n<\/tr>\n<\/tbody>\n<\/table>\n<p>&nbsp;<\/p>\n<h1><\/h1>\n<h3 align=\"CENTER\">Parson et son dragon<\/h3>\n<p>&nbsp;<\/p>\n<p>Pr\u00e8s d&rsquo;un grand lac tr\u00e8s noir et tr\u00e8s profond se trouvait un ch\u00e2teau. Le ch\u00e2teau \u00e9tait immense. Sur les murs il y avait beaucoup de couleurs, autour du ch\u00e2teau, il y avait une immense foret. Dans le ch\u00e2teau vivait un jeune homme dresseur de dragons qui s&rsquo;appelait Parson. Il \u00e9tait de taille moyenne, il avait des cheveux bruns, il avait 12 ans et il adorait les dragons.<br \/>\nUn jour il d\u00e9cida de s&rsquo;aventurer dans la for\u00eat pour chercher un dragon, il s&rsquo;enfon\u00e7a loin dans la foret, il entendit des bruits bizarres, il d\u00e9couvrit des nouvelles odeurs&#8230;Tout \u00e0 coup, il trouva un \u0153uf, il prit l&rsquo;\u0153uf dans ses mains, l&rsquo;\u0153uf scintillait, il \u00e9tait lourd, il y avait des taches sur la coquille. Il entendit des bruits dans l \u0153uf, il d\u00e9cida d&rsquo;ouvrir l&rsquo;oeuf, il d\u00e9couvrit un b\u00e9b\u00e9 dragon, il d\u00e9cida de l&rsquo;apprivoiser et de l&#8217;emporter au ch\u00e2teau. Le b\u00e9b\u00e9 dragon pleurait, il appelait sa maman mais une sorci\u00e8re entendit les sanglots du b\u00e9b\u00e9 dragon. La cruelle sorci\u00e8re se pr\u00e9cipita vers Parson, elle tenta d&rsquo;arracher le b\u00e9b\u00e9 \u00e0 Parson, Parson s&rsquo;enfuit, la sorci\u00e8re jeta un sort sur le jeune homme, elle ressemblait \u00e0 un alien. Elle avait une peau de serpent et les dents jaunes . Elle avait un oeil de verre transparent et une grosse verrue sur le nez.<br \/>\nParson avait une bague que lui avait donn\u00e9 son p\u00e8re. Il ne savait pas que cette bague avait des pouvoirs magiques. Sa bague se mit \u00e0 clignoter. Un rayon de la bague alla frapper l&rsquo;oeil de verre transparent de la sorci\u00e8re. La sorci\u00e8re \u00e9tait aveugl\u00e9e, elle devint rouge, son \u0153il explosa, son bras se d\u00e9tacha et elle s&rsquo;\u00e9croula&#8230;<br \/>\nDe retour au ch\u00e2teau, Parson alla voir son p\u00e8re, il lui fit un c\u00e2lin et lui raconta toute l&rsquo;histoire du b\u00e9b\u00e9 dragon, de la sorci\u00e8re et de la bague magique. Son p\u00e8re lui dit \u00ab\u00a0Tu peux garder le dragon\u00a0!\u00a0\u00bb<br \/>\nDes ann\u00e9es plus tard, le dragon devint le gardien du ch\u00e2teau. Parson trouva une princesse, ils eurent beaucoup d&rsquo;enfants et ils furent heureux \u00e0 tout jamais gr\u00e2ce au dragon protecteur.<\/p>\n<h1><\/h1>\n<p><img decoding=\"async\" class=\" aligncenter\" src=\"https:\/\/etab.ac-reunion.fr\/clg-tamarins\/wp-content\/uploads\/sites\/56\/2015\/04\/ART-JDC2015-equipe3-mini.jpg\" alt=\"\" \/><br \/>\n[easyembed field=\u00a0\u00bbchanger_fond\u00a0\u00bb]\n","protected":false},"excerpt":{"rendered":"<p>\u00c9quipe 3:\u00a0\u201cBlanche-neige\u201d Nom \u2013 Pr\u00e9nom Classe\u00a0: ABDOU-RAHIM Yahia (F) 6\u00e8me Cumin ANRAFA SOILIHI Isma\u00ebl (M) 6\u00e8me Cumin BEEDASSY Aur\u00e9lie (F) 6\u00e8me Cumin BRABANT Mendy (M) 6\u00e8me Cumin HOUMADI Abdoul Anziz (M) 6\u00e8me Cumin LATCHIMY Vidhyavathi (M) 6\u00e8me Cumin POTAYA Luidgy (M) 6\u00e8me Cumin IDRAC Cl\u00e9lia (F) 6\u00e8me Cumin &nbsp; Parson\u2026<\/p>\n<p class=\"continue-reading-button\"> <a class=\"continue-reading-link\" href=\"https:\/\/etab.ac-reunion.fr\/clg-tamarins\/le-conte-de-lequipe-3-parson-et-son-dragon\/\">Continuer \u00e0 lire<i class=\"crycon-right-dir\"><\/i><\/a><\/p>\n","protected":false},"author":3694,"featured_media":3280,"comment_status":"closed","ping_status":"closed","sticky":false,"template":"","format":"standard","meta":{"footnotes":""},"categories":[250],"tags":[251],"class_list":["post-3281","post","type-post","status-publish","format-standard","has-post-thumbnail","hentry","category-francais","tag-journee-du-conte"],"_links":{"self":[{"href":"https:\/\/etab.ac-reunion.fr\/clg-tamarins\/wp-json\/wp\/v2\/posts\/3281","targetHints":{"allow":["GET"]}}],"collection":[{"href":"https:\/\/etab.ac-reunion.fr\/clg-tamarins\/wp-json\/wp\/v2\/posts"}],"about":[{"href":"https:\/\/etab.ac-reunion.fr\/clg-tamarins\/wp-json\/wp\/v2\/types\/post"}],"author":[{"embeddable":true,"href":"https:\/\/etab.ac-reunion.fr\/clg-tamarins\/wp-json\/wp\/v2\/users\/3694"}],"replies":[{"embeddable":true,"href":"https:\/\/etab.ac-reunion.fr\/clg-tamarins\/wp-json\/wp\/v2\/comments?post=3281"}],"version-history":[{"count":8,"href":"https:\/\/etab.ac-reunion.fr\/clg-tamarins\/wp-json\/wp\/v2\/posts\/3281\/revisions"}],"predecessor-version":[{"id":3368,"href":"https:\/\/etab.ac-reunion.fr\/clg-tamarins\/wp-json\/wp\/v2\/posts\/3281\/revisions\/3368"}],"wp:featuredmedia":[{"embeddable":true,"href":"https:\/\/etab.ac-reunion.fr\/clg-tamarins\/wp-json\/wp\/v2\/media\/3280"}],"wp:attachment":[{"href":"https:\/\/etab.ac-reunion.fr\/clg-tamarins\/wp-json\/wp\/v2\/media?parent=3281"}],"wp:term":[{"taxonomy":"category","embeddable":true,"href":"https:\/\/etab.ac-reunion.fr\/clg-tamarins\/wp-json\/wp\/v2\/categories?post=3281"},{"taxonomy":"post_tag","embeddable":true,"href":"https:\/\/etab.ac-reunion.fr\/clg-tamarins\/wp-json\/wp\/v2\/tags?post=3281"}],"curies":[{"name":"wp","href":"https:\/\/api.w.org\/{rel}","templated":true}]}}