{"id":3295,"date":"2015-04-02T10:31:23","date_gmt":"2015-04-02T06:31:23","guid":{"rendered":"http:\/\/college-les-tamarins.ac-reunion.fr\/?p=3295"},"modified":"2015-04-02T10:31:43","modified_gmt":"2015-04-02T06:31:43","slug":"le-conte-de-lequipe-5-la-legende-du-dragon","status":"publish","type":"post","link":"https:\/\/etab.ac-reunion.fr\/clg-tamarins\/le-conte-de-lequipe-5-la-legende-du-dragon\/","title":{"rendered":"Le conte de l&rsquo;\u00e9quipe 5: La l\u00e9gende du dragon"},"content":{"rendered":"<ul id=\"menu-journee-du-conte-2015\" class=\"menu menu_horizontal\"><li id=\"menu-item-3362\" class=\"menu-item menu-item-type-post_type menu-item-object-post menu-item-3362\"><a href=\"https:\/\/etab.ac-reunion.fr\/clg-tamarins\/la-journee-du-conte\/\">LE THEME: La journ\u00e9e du conte<\/a><\/li>\n<li id=\"menu-item-3417\" class=\"menu-item menu-item-type-post_type menu-item-object-post menu-item-3417\"><a href=\"https:\/\/etab.ac-reunion.fr\/clg-tamarins\/la-journee-du-conte-commentaires\/\">Commentaires des participants<\/a><\/li>\n<li id=\"menu-item-3418\" class=\"menu-item menu-item-type-post_type menu-item-object-post menu-item-3418\"><a href=\"https:\/\/etab.ac-reunion.fr\/clg-tamarins\/la-journee-du-conte-les-photos\/\">Les photos !<\/a><\/li>\n<li id=\"menu-item-3373\" class=\"menu-item menu-item-type-post_type menu-item-object-post menu-item-3373\"><a href=\"https:\/\/etab.ac-reunion.fr\/clg-tamarins\/le-conte-de-lequipe-1-une-paysanne-qui-voulait-etre-une-princesse\/\">Une paysanne qui voulait \u00eatre une princesse<\/a><\/li>\n<li id=\"menu-item-3374\" class=\"menu-item menu-item-type-post_type menu-item-object-post menu-item-3374\"><a href=\"https:\/\/etab.ac-reunion.fr\/clg-tamarins\/le-conte-de-lequipe-2-ali-baba-et-la-cape-magique\/\">Ali, Baba et la cape magique<\/a><\/li>\n<li id=\"menu-item-3375\" class=\"menu-item menu-item-type-post_type menu-item-object-post menu-item-3375\"><a href=\"https:\/\/etab.ac-reunion.fr\/clg-tamarins\/le-conte-de-lequipe-3-parson-et-son-dragon\/\">Parson et son dragon<\/a><\/li>\n<li id=\"menu-item-3376\" class=\"menu-item menu-item-type-post_type menu-item-object-post menu-item-3376\"><a href=\"https:\/\/etab.ac-reunion.fr\/clg-tamarins\/le-conte-de-lequipe-4-la-princesse-et-le-miroir-enchante\/\">La princesse et le miroir enchant\u00e9<\/a><\/li>\n<li id=\"menu-item-3397\" class=\"menu-item menu-item-type-post_type menu-item-object-post menu-item-3397\"><a href=\"https:\/\/etab.ac-reunion.fr\/clg-tamarins\/le-conte-de-lequipe-5-la-legende-du-dragon\/\">La l\u00e9gende du dragon<\/a><\/li>\n<li id=\"menu-item-3398\" class=\"menu-item menu-item-type-post_type menu-item-object-post menu-item-3398\"><a href=\"https:\/\/etab.ac-reunion.fr\/clg-tamarins\/le-conte-de-lequipe-6-leo-et-le-dragon-ensorcele\/\">L\u00e9o et le dragon ensorcel\u00e9<\/a><\/li>\n<li id=\"menu-item-3402\" class=\"menu-item menu-item-type-post_type menu-item-object-post menu-item-3402\"><a href=\"https:\/\/etab.ac-reunion.fr\/clg-tamarins\/le-conte-de-lequipe-7-le-dragon-malefique\/\">Le dragon mal\u00e9fique<\/a><\/li>\n<li id=\"menu-item-3408\" class=\"menu-item menu-item-type-post_type menu-item-object-post menu-item-3408\"><a href=\"https:\/\/etab.ac-reunion.fr\/clg-tamarins\/le-conte-de-lequipe-9-le-miroir-magique\/\">Le miroir magique<\/a><\/li>\n<li id=\"menu-item-3409\" class=\"menu-item menu-item-type-post_type menu-item-object-post menu-item-3409\"><a href=\"https:\/\/etab.ac-reunion.fr\/clg-tamarins\/le-conte-de-lequipe-8-la-clef-magique\/\">La Clef magique<\/a><\/li>\n<li id=\"menu-item-3419\" class=\"menu-item menu-item-type-post_type menu-item-object-post menu-item-3419\"><a href=\"https:\/\/etab.ac-reunion.fr\/clg-tamarins\/le-conte-de-lequipe-12-un-jeune-homme-dresseur-de-dragon\/\">Un jeune homme dresseur de dragon<\/a><\/li>\n<li id=\"menu-item-3420\" class=\"menu-item menu-item-type-post_type menu-item-object-post menu-item-3420\"><a href=\"https:\/\/etab.ac-reunion.fr\/clg-tamarins\/le-conte-de-lequipe-11-la-princesse-qui-revait-daventure\/\">La princesse qui r\u00eavait d&rsquo;aventure<\/a><\/li>\n<li id=\"menu-item-3421\" class=\"menu-item menu-item-type-post_type menu-item-object-post menu-item-3421\"><a href=\"https:\/\/etab.ac-reunion.fr\/clg-tamarins\/le-conte-de-lequipe-10-le-jeune-dresseur-de-dragons-et-le-sorcier\/\">Le jeune dresseur de dragons et le sorcier<\/a><\/li>\n<\/ul>\n<h1>\u00c9quipe 5:\u00a0\u201cChat pott\u00e9\u201d<\/h1>\n<table class=\"aligncenter\" style=\"text-align: center\" border=\"1\">\n<colgroup>\n<col width=\"362\" \/>\n<col width=\"264\" \/> <\/colgroup>\n<tbody>\n<tr valign=\"TOP\">\n<td width=\"362\">\n<p align=\"CENTER\"><b>Nom \u2013 Pr\u00e9nom <\/b><\/p>\n<\/td>\n<td width=\"264\">\n<p align=\"CENTER\"><b>Classe\u00a0: <\/b><\/p>\n<\/td>\n<td rowspan=\"10\"><img loading=\"lazy\" decoding=\"async\" src=\"https:\/\/etab.ac-reunion.fr\/clg-tamarins\/wp-content\/uploads\/sites\/56\/2015\/03\/ART-JDC2015-equipe5-logo.jpg\" alt=\"\" width=\"344\" height=\"400\" \/><\/td>\n<\/tr>\n<tr valign=\"TOP\">\n<td width=\"362\">CHADHOULI BACAR Mous&rsquo;ab (M)<\/td>\n<td width=\"264\">\n<p align=\"CENTER\">6\u00e8me Cannelle<\/p>\n<\/td>\n<\/tr>\n<tr valign=\"TOP\">\n<td width=\"362\">CHAMS-DINY Stychana (F)<\/td>\n<td width=\"264\">\n<p align=\"CENTER\">6\u00e8me Cannelle<\/p>\n<\/td>\n<\/tr>\n<tr valign=\"TOP\">\n<td width=\"362\">FRANCOMME Ya\u00ebl (M)<\/td>\n<td width=\"264\">\n<p align=\"CENTER\">6\u00e8me Cannelle<\/p>\n<\/td>\n<\/tr>\n<tr valign=\"TOP\">\n<td width=\"362\">GOINDAMAN MINATY Cassandra (F)<\/td>\n<td width=\"264\">\n<p align=\"CENTER\">6\u00e8me Cannelle<\/p>\n<\/td>\n<\/tr>\n<tr valign=\"TOP\">\n<td width=\"362\">HUBERT M\u00e9gane (F)<\/td>\n<td width=\"264\">\n<p align=\"CENTER\">6\u00e8me Cannelle<\/p>\n<\/td>\n<\/tr>\n<tr valign=\"TOP\">\n<td width=\"362\">JETTER Rayhann (M)<\/td>\n<td width=\"264\">\n<p align=\"CENTER\">6\u00e8me Cannelle<\/p>\n<\/td>\n<\/tr>\n<tr valign=\"TOP\">\n<td width=\"362\">MARTIN Chyna (F)<\/td>\n<td width=\"264\">\n<p align=\"CENTER\">6\u00e8me Cannelle<\/p>\n<\/td>\n<\/tr>\n<tr valign=\"TOP\">\n<td width=\"362\">PATEL Taha (M)<\/td>\n<td width=\"264\">\n<p align=\"CENTER\">6\u00e8me Cannelle<\/p>\n<\/td>\n<\/tr>\n<tr valign=\"TOP\">\n<td width=\"362\">RALANDISON Francylia (F)<\/td>\n<td width=\"264\">\n<p align=\"CENTER\">6\u00e8me Cannelle<\/p>\n<\/td>\n<\/tr>\n<\/tbody>\n<\/table>\n<p>&nbsp;<\/p>\n<h1><\/h1>\n<h3 align=\"CENTER\">La l\u00e9gende du dragon<\/h3>\n<p>&nbsp;<\/p>\n<p>Il y a fort longtemps, dans un petit village vivait une famille: une m\u00e8re, un p\u00e8re et un fils qui se nommait Arthur. Cette famille avait une grande passion pour les dragons m\u00eame si certains racontent que les dragons ne sont qu&rsquo;une l\u00e9gende&#8230;<br \/>\nArthur \u00e9tait dresseur de dragon. Mais, cela ne dura pas longtemps&#8230;<br \/>\nUn jour, il n&rsquo;y avait plus de nourriture, la m\u00e8re partit chercher des cerises, des framboises et des fraises. Elle se dirigea pr\u00e8s d&rsquo;un lac, elle avan\u00e7a vers un arbre, le plus vieux, elle tendit sa main devant l&rsquo;arbre et pronon\u00e7a une formule: \u00abFor\u00eat, for\u00eat, ma grande for\u00eat ouvre ton \u00e2me pour moi\u00bb. Sa bague magique scintilla de mille feux, la for\u00eat s&rsquo;ouvrit et fit un petit sentier pour elle. L\u00e0, elle vit des cerises et des framboises et les prit. Tout d&rsquo;un coup, elle vit un dragon qui se dirigea vers elle et la d\u00e9vora, toute crue. Elle laissa tomber sa bague magique par terre&#8230;<br \/>\nDix ans plus tard, une elfette trouva la bague magique. Elle comprit tout de suite toute l&rsquo;histoire et sut \u00e0 qui appartenait la bague car le pr\u00e9nom Arthur \u00e9tait grav\u00e9 dessus. L&rsquo;elfette raconta \u00e0 Arthur toute l&rsquo;histoire \u00e0 propos de sa m\u00e8re. Le dresseur de dragon en col\u00e8re partit chercher le m\u00e9chant dragon pour se venger, accompagn\u00e9 par le gentil dragon qu&rsquo;il dressait depuis qu&rsquo;il avait six ans. Tout de suite, la for\u00eat s&rsquo;ouvrit pour lui car il portait la bague magique. L&rsquo;elfette demanda \u00e0 Arthur son pr\u00e9nom et il lui r\u00e9pondit, l&rsquo;elfette dit alors qu&rsquo;elle s&rsquo;appelait \u00abAurore\u00bb. Tout \u00e0 coup, le dragon surgit et cracha du feu. Arthur prit son \u00e9p\u00e9e et se battit. Arthur tua le dragon en enfon\u00e7ant l&rsquo;\u00e9p\u00e9e dans son coeur.<br \/>\nArthur tomba amoureux d&rsquo;Aurore puis ils rentr\u00e8rent tous les deux dans la village et f\u00eat\u00e8rent leur mariage et v\u00e9curent heureux avec beaucoup d&rsquo;enfants.<\/p>\n<h1><\/h1>\n<p><img decoding=\"async\" class=\" aligncenter\" src=\"https:\/\/etab.ac-reunion.fr\/clg-tamarins\/wp-content\/uploads\/sites\/56\/2015\/04\/ART-JDC2015-equipe5-mini.jpg\" alt=\"\" \/><br \/>\n[easyembed field=\u00a0\u00bbchanger_fond\u00a0\u00bb]\n","protected":false},"excerpt":{"rendered":"<p>\u00c9quipe 5:\u00a0\u201cChat pott\u00e9\u201d Nom \u2013 Pr\u00e9nom Classe\u00a0: CHADHOULI BACAR Mous&rsquo;ab (M) 6\u00e8me Cannelle CHAMS-DINY Stychana (F) 6\u00e8me Cannelle FRANCOMME Ya\u00ebl (M) 6\u00e8me Cannelle GOINDAMAN MINATY Cassandra (F) 6\u00e8me Cannelle HUBERT M\u00e9gane (F) 6\u00e8me Cannelle JETTER Rayhann (M) 6\u00e8me Cannelle MARTIN Chyna (F) 6\u00e8me Cannelle PATEL Taha (M) 6\u00e8me Cannelle RALANDISON\u2026<\/p>\n<p class=\"continue-reading-button\"> <a class=\"continue-reading-link\" href=\"https:\/\/etab.ac-reunion.fr\/clg-tamarins\/le-conte-de-lequipe-5-la-legende-du-dragon\/\">Continuer \u00e0 lire<i class=\"crycon-right-dir\"><\/i><\/a><\/p>\n","protected":false},"author":3694,"featured_media":3294,"comment_status":"closed","ping_status":"closed","sticky":false,"template":"","format":"standard","meta":{"footnotes":""},"categories":[250],"tags":[251],"class_list":["post-3295","post","type-post","status-publish","format-standard","has-post-thumbnail","hentry","category-francais","tag-journee-du-conte"],"_links":{"self":[{"href":"https:\/\/etab.ac-reunion.fr\/clg-tamarins\/wp-json\/wp\/v2\/posts\/3295","targetHints":{"allow":["GET"]}}],"collection":[{"href":"https:\/\/etab.ac-reunion.fr\/clg-tamarins\/wp-json\/wp\/v2\/posts"}],"about":[{"href":"https:\/\/etab.ac-reunion.fr\/clg-tamarins\/wp-json\/wp\/v2\/types\/post"}],"author":[{"embeddable":true,"href":"https:\/\/etab.ac-reunion.fr\/clg-tamarins\/wp-json\/wp\/v2\/users\/3694"}],"replies":[{"embeddable":true,"href":"https:\/\/etab.ac-reunion.fr\/clg-tamarins\/wp-json\/wp\/v2\/comments?post=3295"}],"version-history":[{"count":8,"href":"https:\/\/etab.ac-reunion.fr\/clg-tamarins\/wp-json\/wp\/v2\/posts\/3295\/revisions"}],"predecessor-version":[{"id":3378,"href":"https:\/\/etab.ac-reunion.fr\/clg-tamarins\/wp-json\/wp\/v2\/posts\/3295\/revisions\/3378"}],"wp:featuredmedia":[{"embeddable":true,"href":"https:\/\/etab.ac-reunion.fr\/clg-tamarins\/wp-json\/wp\/v2\/media\/3294"}],"wp:attachment":[{"href":"https:\/\/etab.ac-reunion.fr\/clg-tamarins\/wp-json\/wp\/v2\/media?parent=3295"}],"wp:term":[{"taxonomy":"category","embeddable":true,"href":"https:\/\/etab.ac-reunion.fr\/clg-tamarins\/wp-json\/wp\/v2\/categories?post=3295"},{"taxonomy":"post_tag","embeddable":true,"href":"https:\/\/etab.ac-reunion.fr\/clg-tamarins\/wp-json\/wp\/v2\/tags?post=3295"}],"curies":[{"name":"wp","href":"https:\/\/api.w.org\/{rel}","templated":true}]}}