{"id":3303,"date":"2015-04-02T10:34:36","date_gmt":"2015-04-02T06:34:36","guid":{"rendered":"http:\/\/college-les-tamarins.ac-reunion.fr\/?p=3303"},"modified":"2015-04-02T10:34:36","modified_gmt":"2015-04-02T06:34:36","slug":"le-conte-de-lequipe-6-leo-et-le-dragon-ensorcele","status":"publish","type":"post","link":"https:\/\/etab.ac-reunion.fr\/clg-tamarins\/le-conte-de-lequipe-6-leo-et-le-dragon-ensorcele\/","title":{"rendered":"Le conte de l&rsquo;\u00e9quipe 6: L\u00e9o et le dragon ensorcel\u00e9"},"content":{"rendered":"<ul id=\"menu-journee-du-conte-2015\" class=\"menu menu_horizontal\"><li id=\"menu-item-3362\" class=\"menu-item menu-item-type-post_type menu-item-object-post menu-item-3362\"><a href=\"https:\/\/etab.ac-reunion.fr\/clg-tamarins\/la-journee-du-conte\/\">LE THEME: La journ\u00e9e du conte<\/a><\/li>\n<li id=\"menu-item-3417\" class=\"menu-item menu-item-type-post_type menu-item-object-post menu-item-3417\"><a href=\"https:\/\/etab.ac-reunion.fr\/clg-tamarins\/la-journee-du-conte-commentaires\/\">Commentaires des participants<\/a><\/li>\n<li id=\"menu-item-3418\" class=\"menu-item menu-item-type-post_type menu-item-object-post menu-item-3418\"><a href=\"https:\/\/etab.ac-reunion.fr\/clg-tamarins\/la-journee-du-conte-les-photos\/\">Les photos !<\/a><\/li>\n<li id=\"menu-item-3373\" class=\"menu-item menu-item-type-post_type menu-item-object-post menu-item-3373\"><a href=\"https:\/\/etab.ac-reunion.fr\/clg-tamarins\/le-conte-de-lequipe-1-une-paysanne-qui-voulait-etre-une-princesse\/\">Une paysanne qui voulait \u00eatre une princesse<\/a><\/li>\n<li id=\"menu-item-3374\" class=\"menu-item menu-item-type-post_type menu-item-object-post menu-item-3374\"><a href=\"https:\/\/etab.ac-reunion.fr\/clg-tamarins\/le-conte-de-lequipe-2-ali-baba-et-la-cape-magique\/\">Ali, Baba et la cape magique<\/a><\/li>\n<li id=\"menu-item-3375\" class=\"menu-item menu-item-type-post_type menu-item-object-post menu-item-3375\"><a href=\"https:\/\/etab.ac-reunion.fr\/clg-tamarins\/le-conte-de-lequipe-3-parson-et-son-dragon\/\">Parson et son dragon<\/a><\/li>\n<li id=\"menu-item-3376\" class=\"menu-item menu-item-type-post_type menu-item-object-post menu-item-3376\"><a href=\"https:\/\/etab.ac-reunion.fr\/clg-tamarins\/le-conte-de-lequipe-4-la-princesse-et-le-miroir-enchante\/\">La princesse et le miroir enchant\u00e9<\/a><\/li>\n<li id=\"menu-item-3397\" class=\"menu-item menu-item-type-post_type menu-item-object-post menu-item-3397\"><a href=\"https:\/\/etab.ac-reunion.fr\/clg-tamarins\/le-conte-de-lequipe-5-la-legende-du-dragon\/\">La l\u00e9gende du dragon<\/a><\/li>\n<li id=\"menu-item-3398\" class=\"menu-item menu-item-type-post_type menu-item-object-post menu-item-3398\"><a href=\"https:\/\/etab.ac-reunion.fr\/clg-tamarins\/le-conte-de-lequipe-6-leo-et-le-dragon-ensorcele\/\">L\u00e9o et le dragon ensorcel\u00e9<\/a><\/li>\n<li id=\"menu-item-3402\" class=\"menu-item menu-item-type-post_type menu-item-object-post menu-item-3402\"><a href=\"https:\/\/etab.ac-reunion.fr\/clg-tamarins\/le-conte-de-lequipe-7-le-dragon-malefique\/\">Le dragon mal\u00e9fique<\/a><\/li>\n<li id=\"menu-item-3408\" class=\"menu-item menu-item-type-post_type menu-item-object-post menu-item-3408\"><a href=\"https:\/\/etab.ac-reunion.fr\/clg-tamarins\/le-conte-de-lequipe-9-le-miroir-magique\/\">Le miroir magique<\/a><\/li>\n<li id=\"menu-item-3409\" class=\"menu-item menu-item-type-post_type menu-item-object-post menu-item-3409\"><a href=\"https:\/\/etab.ac-reunion.fr\/clg-tamarins\/le-conte-de-lequipe-8-la-clef-magique\/\">La Clef magique<\/a><\/li>\n<li id=\"menu-item-3419\" class=\"menu-item menu-item-type-post_type menu-item-object-post menu-item-3419\"><a href=\"https:\/\/etab.ac-reunion.fr\/clg-tamarins\/le-conte-de-lequipe-12-un-jeune-homme-dresseur-de-dragon\/\">Un jeune homme dresseur de dragon<\/a><\/li>\n<li id=\"menu-item-3420\" class=\"menu-item menu-item-type-post_type menu-item-object-post menu-item-3420\"><a href=\"https:\/\/etab.ac-reunion.fr\/clg-tamarins\/le-conte-de-lequipe-11-la-princesse-qui-revait-daventure\/\">La princesse qui r\u00eavait d&rsquo;aventure<\/a><\/li>\n<li id=\"menu-item-3421\" class=\"menu-item menu-item-type-post_type menu-item-object-post menu-item-3421\"><a href=\"https:\/\/etab.ac-reunion.fr\/clg-tamarins\/le-conte-de-lequipe-10-le-jeune-dresseur-de-dragons-et-le-sorcier\/\">Le jeune dresseur de dragons et le sorcier<\/a><\/li>\n<\/ul>\n<h1>\u00c9quipe 6:\u00a0\u201cPinocchio\u201d<\/h1>\n<table class=\"aligncenter\" style=\"text-align: center\" border=\"1\">\n<colgroup>\n<col width=\"362\" \/>\n<col width=\"264\" \/> <\/colgroup>\n<tbody>\n<tr valign=\"TOP\">\n<td width=\"362\">\n<p align=\"CENTER\"><b>Nom \u2013 Pr\u00e9nom <\/b><\/p>\n<\/td>\n<td width=\"264\">\n<p align=\"CENTER\"><b>Classe\u00a0: <\/b><\/p>\n<\/td>\n<td rowspan=\"10\"><img loading=\"lazy\" decoding=\"async\" src=\"https:\/\/etab.ac-reunion.fr\/clg-tamarins\/wp-content\/uploads\/sites\/56\/2015\/03\/ART-JDC2015-equipe6-logo.jpg\" alt=\"\" width=\"344\" height=\"400\" \/><\/td>\n<\/tr>\n<tr valign=\"TOP\">\n<td width=\"362\">GARDEBIEN Adrien (M)<\/td>\n<td width=\"264\">\n<p align=\"CENTER\">6\u00e8me cumin<\/p>\n<\/td>\n<\/tr>\n<tr valign=\"TOP\">\n<td width=\"362\">ISMAEL Elyashouroutou (M)<\/td>\n<td width=\"264\">\n<p align=\"CENTER\">6\u00e8me cumin<\/p>\n<\/td>\n<\/tr>\n<tr valign=\"TOP\">\n<td width=\"362\">MELLON Zacky (M)<\/td>\n<td width=\"264\">\n<p align=\"CENTER\">6\u00e8me cumin<\/p>\n<\/td>\n<\/tr>\n<tr valign=\"TOP\">\n<td width=\"362\">MOUNIAPIN Assia (F)<\/td>\n<td width=\"264\">\n<p align=\"CENTER\">6\u00e8me cumin<\/p>\n<\/td>\n<\/tr>\n<tr valign=\"TOP\">\n<td width=\"362\">PAYET Rachida (F)<\/td>\n<td width=\"264\">\n<p align=\"CENTER\">6\u00e8me cumin<\/p>\n<\/td>\n<\/tr>\n<tr valign=\"TOP\">\n<td width=\"362\">SAID Saraya (F)<\/td>\n<td width=\"264\">\n<p align=\"CENTER\">6\u00e8me cumin<\/p>\n<\/td>\n<\/tr>\n<tr valign=\"TOP\">\n<td width=\"362\">SARPEDON Bryan (M)<\/td>\n<td width=\"264\">\n<p align=\"CENTER\">6\u00e8me cumin<\/p>\n<\/td>\n<\/tr>\n<tr valign=\"TOP\">\n<td width=\"362\">SEYCHELLES Lorna (F)<\/td>\n<td width=\"264\">\n<p align=\"CENTER\">6\u00e8me cumin<\/p>\n<\/td>\n<\/tr>\n<tr valign=\"TOP\">\n<td width=\"362\">VALLON Olivier (M)<\/td>\n<td width=\"264\">\n<p align=\"CENTER\">6\u00e8me cumin<\/p>\n<\/td>\n<\/tr>\n<\/tbody>\n<\/table>\n<p>&nbsp;<\/p>\n<h1><\/h1>\n<h3 align=\"CENTER\">L\u00e9o et le dragon ensorcel\u00e9<\/h3>\n<p>&nbsp;<\/p>\n<p>Il \u00e9tait une fois un jeune homme comme les autres qui s&rsquo; appelait L\u00e9o. Il habitait dans une vieille maison avec sa famille . Ce jeune homme \u00e9tait fascin\u00e9 par les animaux l\u00e9gendaires , plus particuli\u00e8rement les dragons .<br \/>\nUn apr\u00e8s-midi, il alla se balader dans les bois afin de cueillir des cerises . A cot\u00e9 d&rsquo; un buisson, il vit un \u0153uf bien plus gros que ceux qu&rsquo; il connaissait, il d\u00e9cida de le ramener chez lui . Arriv\u00e9 \u00e0 sa maison, il le cacha dans sa cabane construite en haut d &lsquo;un arbre. Le lendemain matin l&rsquo; \u0153uf se mit \u00e0 bouger, \u00e0 se fissurer et il vit un petit dragon \u00e9clore, une belle amiti\u00e9 commen\u00e7a&#8230;<br \/>\nDeux ans plus tard ce dragon qu&rsquo; il avait baptis\u00e9 Arolde atteignait d\u00e9j\u00e0 sa taille adulte, \u00e0 tel point qu&rsquo;un sorcier l&rsquo; avait rep\u00e9r\u00e9 . Ce sorcier rencontra le jeune gar\u00e7on\u00a0:<br \/>\n\u00ab\u00a0Bonjour L\u00e9o, j&rsquo;ai connu l&rsquo;existence de ton dragon. Donne-le-moi j(en ai besoin pour conqu\u00e9rir le monde.<br \/>\nNon, je refuse, dit le jeune homme.\u00a0\u00bb<br \/>\nFace \u00e0 ce refus, le sorcier d\u00e9cida de jeter un sort au dragon en rendant le dragon malade, puis il disparut. L\u00e9o s&rsquo;inqui\u00e9ta pour son dragon et alla dans la for\u00eat enchant\u00e9e pour chercher de l&rsquo;aide. Au d\u00e9tour d&rsquo;une rivi\u00e8re, il aper\u00e7ut un elfe\u00a0:<br \/>\n\u00ab\u00a0Bonjour elfe, je m&rsquo;appelle L\u00e9o.<br \/>\nBonjour L\u00e9o, moi c&rsquo;est Djinga.<br \/>\nDjinga, peux-tu m&rsquo;aider \u00e0 gu\u00e9rir mon dragon, le sorcier Haliba lui a jet\u00e9 un sort&#8230; Connais-tu un rem\u00e8de\u00a0?<br \/>\nIl existe un rem\u00e8de que d\u00e9tient notre reine, il s&rsquo;agit d&rsquo;une bague magique qui a le pouvoir d&rsquo;annuler les sorts, je vais te conduire \u00e0 l&rsquo;endroit o\u00f9 elle se trouve.\u00a0\u00bb<br \/>\nIls prennent la route vers le village des elfes et c&rsquo;est dans une grotte qu&rsquo;il trouva la reine des elfes. Il la supplia de lui donner la bague magique pour soigner Arold. Cette reine a remarqu\u00e9 que L\u00e9o avait un c\u0153ur pur donc elle accepta. La bague en main L\u00e9o se pr\u00e9cipita vers Arold, la bague commen\u00e7a \u00e0 briller et son pouvoir a permis de gu\u00e9rie Arold. Ces deux amis v\u00e9curent heureux apr\u00e8s cette aventure.<\/p>\n<h1><\/h1>\n<p><img decoding=\"async\" class=\" aligncenter\" src=\"https:\/\/etab.ac-reunion.fr\/clg-tamarins\/wp-content\/uploads\/sites\/56\/2015\/04\/ART-JDC2015-equipe6-mini.jpg\" alt=\"\" \/><br \/>\n[easyembed field=\u00a0\u00bbchanger_fond\u00a0\u00bb]\n","protected":false},"excerpt":{"rendered":"<p>\u00c9quipe 6:\u00a0\u201cPinocchio\u201d Nom \u2013 Pr\u00e9nom Classe\u00a0: GARDEBIEN Adrien (M) 6\u00e8me cumin ISMAEL Elyashouroutou (M) 6\u00e8me cumin MELLON Zacky (M) 6\u00e8me cumin MOUNIAPIN Assia (F) 6\u00e8me cumin PAYET Rachida (F) 6\u00e8me cumin SAID Saraya (F) 6\u00e8me cumin SARPEDON Bryan (M) 6\u00e8me cumin SEYCHELLES Lorna (F) 6\u00e8me cumin VALLON Olivier (M) 6\u00e8me\u2026<\/p>\n<p class=\"continue-reading-button\"> <a class=\"continue-reading-link\" href=\"https:\/\/etab.ac-reunion.fr\/clg-tamarins\/le-conte-de-lequipe-6-leo-et-le-dragon-ensorcele\/\">Continuer \u00e0 lire<i class=\"crycon-right-dir\"><\/i><\/a><\/p>\n","protected":false},"author":3694,"featured_media":3301,"comment_status":"closed","ping_status":"closed","sticky":false,"template":"","format":"standard","meta":{"footnotes":""},"categories":[250],"tags":[251],"class_list":["post-3303","post","type-post","status-publish","format-standard","has-post-thumbnail","hentry","category-francais","tag-journee-du-conte"],"_links":{"self":[{"href":"https:\/\/etab.ac-reunion.fr\/clg-tamarins\/wp-json\/wp\/v2\/posts\/3303","targetHints":{"allow":["GET"]}}],"collection":[{"href":"https:\/\/etab.ac-reunion.fr\/clg-tamarins\/wp-json\/wp\/v2\/posts"}],"about":[{"href":"https:\/\/etab.ac-reunion.fr\/clg-tamarins\/wp-json\/wp\/v2\/types\/post"}],"author":[{"embeddable":true,"href":"https:\/\/etab.ac-reunion.fr\/clg-tamarins\/wp-json\/wp\/v2\/users\/3694"}],"replies":[{"embeddable":true,"href":"https:\/\/etab.ac-reunion.fr\/clg-tamarins\/wp-json\/wp\/v2\/comments?post=3303"}],"version-history":[{"count":6,"href":"https:\/\/etab.ac-reunion.fr\/clg-tamarins\/wp-json\/wp\/v2\/posts\/3303\/revisions"}],"predecessor-version":[{"id":3396,"href":"https:\/\/etab.ac-reunion.fr\/clg-tamarins\/wp-json\/wp\/v2\/posts\/3303\/revisions\/3396"}],"wp:featuredmedia":[{"embeddable":true,"href":"https:\/\/etab.ac-reunion.fr\/clg-tamarins\/wp-json\/wp\/v2\/media\/3301"}],"wp:attachment":[{"href":"https:\/\/etab.ac-reunion.fr\/clg-tamarins\/wp-json\/wp\/v2\/media?parent=3303"}],"wp:term":[{"taxonomy":"category","embeddable":true,"href":"https:\/\/etab.ac-reunion.fr\/clg-tamarins\/wp-json\/wp\/v2\/categories?post=3303"},{"taxonomy":"post_tag","embeddable":true,"href":"https:\/\/etab.ac-reunion.fr\/clg-tamarins\/wp-json\/wp\/v2\/tags?post=3303"}],"curies":[{"name":"wp","href":"https:\/\/api.w.org\/{rel}","templated":true}]}}