{"id":3308,"date":"2015-04-02T10:39:19","date_gmt":"2015-04-02T06:39:19","guid":{"rendered":"http:\/\/college-les-tamarins.ac-reunion.fr\/?p=3308"},"modified":"2015-04-02T10:39:19","modified_gmt":"2015-04-02T06:39:19","slug":"le-conte-de-lequipe-7-le-dragon-malefique","status":"publish","type":"post","link":"https:\/\/etab.ac-reunion.fr\/clg-tamarins\/le-conte-de-lequipe-7-le-dragon-malefique\/","title":{"rendered":"Le conte de l&rsquo;\u00e9quipe 7: Le dragon mal\u00e9fique"},"content":{"rendered":"<ul id=\"menu-journee-du-conte-2015\" class=\"menu menu_horizontal\"><li id=\"menu-item-3362\" class=\"menu-item menu-item-type-post_type menu-item-object-post menu-item-3362\"><a href=\"https:\/\/etab.ac-reunion.fr\/clg-tamarins\/la-journee-du-conte\/\">LE THEME: La journ\u00e9e du conte<\/a><\/li>\n<li id=\"menu-item-3417\" class=\"menu-item menu-item-type-post_type menu-item-object-post menu-item-3417\"><a href=\"https:\/\/etab.ac-reunion.fr\/clg-tamarins\/la-journee-du-conte-commentaires\/\">Commentaires des participants<\/a><\/li>\n<li id=\"menu-item-3418\" class=\"menu-item menu-item-type-post_type menu-item-object-post menu-item-3418\"><a href=\"https:\/\/etab.ac-reunion.fr\/clg-tamarins\/la-journee-du-conte-les-photos\/\">Les photos !<\/a><\/li>\n<li id=\"menu-item-3373\" class=\"menu-item menu-item-type-post_type menu-item-object-post menu-item-3373\"><a href=\"https:\/\/etab.ac-reunion.fr\/clg-tamarins\/le-conte-de-lequipe-1-une-paysanne-qui-voulait-etre-une-princesse\/\">Une paysanne qui voulait \u00eatre une princesse<\/a><\/li>\n<li id=\"menu-item-3374\" class=\"menu-item menu-item-type-post_type menu-item-object-post menu-item-3374\"><a href=\"https:\/\/etab.ac-reunion.fr\/clg-tamarins\/le-conte-de-lequipe-2-ali-baba-et-la-cape-magique\/\">Ali, Baba et la cape magique<\/a><\/li>\n<li id=\"menu-item-3375\" class=\"menu-item menu-item-type-post_type menu-item-object-post menu-item-3375\"><a href=\"https:\/\/etab.ac-reunion.fr\/clg-tamarins\/le-conte-de-lequipe-3-parson-et-son-dragon\/\">Parson et son dragon<\/a><\/li>\n<li id=\"menu-item-3376\" class=\"menu-item menu-item-type-post_type menu-item-object-post menu-item-3376\"><a href=\"https:\/\/etab.ac-reunion.fr\/clg-tamarins\/le-conte-de-lequipe-4-la-princesse-et-le-miroir-enchante\/\">La princesse et le miroir enchant\u00e9<\/a><\/li>\n<li id=\"menu-item-3397\" class=\"menu-item menu-item-type-post_type menu-item-object-post menu-item-3397\"><a href=\"https:\/\/etab.ac-reunion.fr\/clg-tamarins\/le-conte-de-lequipe-5-la-legende-du-dragon\/\">La l\u00e9gende du dragon<\/a><\/li>\n<li id=\"menu-item-3398\" class=\"menu-item menu-item-type-post_type menu-item-object-post menu-item-3398\"><a href=\"https:\/\/etab.ac-reunion.fr\/clg-tamarins\/le-conte-de-lequipe-6-leo-et-le-dragon-ensorcele\/\">L\u00e9o et le dragon ensorcel\u00e9<\/a><\/li>\n<li id=\"menu-item-3402\" class=\"menu-item menu-item-type-post_type menu-item-object-post menu-item-3402\"><a href=\"https:\/\/etab.ac-reunion.fr\/clg-tamarins\/le-conte-de-lequipe-7-le-dragon-malefique\/\">Le dragon mal\u00e9fique<\/a><\/li>\n<li id=\"menu-item-3408\" class=\"menu-item menu-item-type-post_type menu-item-object-post menu-item-3408\"><a href=\"https:\/\/etab.ac-reunion.fr\/clg-tamarins\/le-conte-de-lequipe-9-le-miroir-magique\/\">Le miroir magique<\/a><\/li>\n<li id=\"menu-item-3409\" class=\"menu-item menu-item-type-post_type menu-item-object-post menu-item-3409\"><a href=\"https:\/\/etab.ac-reunion.fr\/clg-tamarins\/le-conte-de-lequipe-8-la-clef-magique\/\">La Clef magique<\/a><\/li>\n<li id=\"menu-item-3419\" class=\"menu-item menu-item-type-post_type menu-item-object-post menu-item-3419\"><a href=\"https:\/\/etab.ac-reunion.fr\/clg-tamarins\/le-conte-de-lequipe-12-un-jeune-homme-dresseur-de-dragon\/\">Un jeune homme dresseur de dragon<\/a><\/li>\n<li id=\"menu-item-3420\" class=\"menu-item menu-item-type-post_type menu-item-object-post menu-item-3420\"><a href=\"https:\/\/etab.ac-reunion.fr\/clg-tamarins\/le-conte-de-lequipe-11-la-princesse-qui-revait-daventure\/\">La princesse qui r\u00eavait d&rsquo;aventure<\/a><\/li>\n<li id=\"menu-item-3421\" class=\"menu-item menu-item-type-post_type menu-item-object-post menu-item-3421\"><a href=\"https:\/\/etab.ac-reunion.fr\/clg-tamarins\/le-conte-de-lequipe-10-le-jeune-dresseur-de-dragons-et-le-sorcier\/\">Le jeune dresseur de dragons et le sorcier<\/a><\/li>\n<\/ul>\n<h1>\u00c9quipe 7:\u00a0\u201cChaperon rouge\u201d<\/h1>\n<table class=\"aligncenter\" style=\"text-align: center\" border=\"1\">\n<colgroup>\n<col width=\"362\" \/>\n<col width=\"264\" \/> <\/colgroup>\n<tbody>\n<tr valign=\"TOP\">\n<td width=\"362\">\n<p align=\"CENTER\"><b>Nom \u2013 Pr\u00e9nom <\/b><\/p>\n<\/td>\n<td width=\"264\">\n<p align=\"CENTER\"><b>Classe\u00a0: <\/b><\/p>\n<\/td>\n<td rowspan=\"11\"><img loading=\"lazy\" decoding=\"async\" src=\"https:\/\/etab.ac-reunion.fr\/clg-tamarins\/wp-content\/uploads\/sites\/56\/2015\/03\/ART-JDC2015-equipe7-logo.jpg\" alt=\"\" width=\"344\" height=\"400\" \/><\/td>\n<\/tr>\n<tr valign=\"TOP\">\n<td width=\"362\">CARPY Yann (M)<\/td>\n<td width=\"264\">\n<p align=\"CENTER\">6\u00e8me cumin<\/p>\n<\/td>\n<\/tr>\n<tr valign=\"TOP\">\n<td width=\"362\">LECADET Ericka (F)<\/td>\n<td width=\"264\">\n<p align=\"CENTER\">6\u00e8me cumin<\/p>\n<\/td>\n<\/tr>\n<tr valign=\"TOP\">\n<td width=\"362\">METRO Dorian (M)<\/td>\n<td width=\"264\">\n<p align=\"CENTER\">6\u00e8me cumin<\/p>\n<\/td>\n<\/tr>\n<tr valign=\"TOP\">\n<td width=\"362\">PAJAMALE PADEATCHY Lauriane (F)<\/td>\n<td width=\"264\">\n<p align=\"CENTER\">6\u00e8me cumin<\/p>\n<\/td>\n<\/tr>\n<tr valign=\"TOP\">\n<td width=\"362\">GRACIENNE Sloane (F)<\/td>\n<td width=\"264\">\n<p align=\"CENTER\">6\u00e8me Safran<\/p>\n<\/td>\n<\/tr>\n<tr valign=\"TOP\">\n<td width=\"362\">GOURSALO Ericka (F)<\/td>\n<td width=\"264\">\n<p align=\"CENTER\">6\u00e8me Safran<\/p>\n<\/td>\n<\/tr>\n<tr valign=\"TOP\">\n<td width=\"362\">ENCANA Lucas (M)<\/td>\n<td width=\"264\">\n<p align=\"CENTER\">6\u00e8me Safran<\/p>\n<\/td>\n<\/tr>\n<tr valign=\"TOP\">\n<td width=\"362\">FREDOUIL Paul Kenjy (M)<\/td>\n<td width=\"264\">\n<p align=\"CENTER\">6\u00e8me Safran<\/p>\n<\/td>\n<\/tr>\n<tr valign=\"TOP\">\n<td width=\"362\">VALLON Olivier (M)<\/td>\n<td width=\"264\">\n<p align=\"CENTER\">6\u00e8me Safran<\/p>\n<\/td>\n<\/tr>\n<tr valign=\"TOP\">\n<td width=\"362\">ATIA Jordan (M)<\/td>\n<td width=\"264\">\n<p align=\"CENTER\">6\u00e8me Safran<\/p>\n<\/td>\n<\/tr>\n<\/tbody>\n<\/table>\n<p>&nbsp;<\/p>\n<h1><\/h1>\n<h3 align=\"CENTER\">Le dragon mal\u00e9fique<\/h3>\n<p>&nbsp;<\/p>\n<p>Il y a bien longtemps de cela, un jeune homme de seize ans qui se pr\u00e9nommait Djeisky, vivait dans une for\u00eat. Il avait un dragon nomm\u00e9 Crocmou . Il \u00e9tait dresseur de dragons.<br \/>\nUn jour, son animal de compagnie disparut. Crocmou aimait se promener dans la for\u00eat noire . Il partit donc \u00e0 sa recherche pendant plusieurs jours. Il d\u00e9cida de se rapprocher. Il entendit un bruit bizarre qui ressemblait \u00e0 un ronflement de dragon\u00a0. Plus il se rapprochait, plus le bruit devenait plus intense. Il arriva devant la porte entr&rsquo;ouverte du manoir . Il essaya de jeter un \u0153il et la porte s&rsquo;ouvrit soudainement avec un grincement effrayant . Il d\u00e9cida d&rsquo;entrer malgr\u00e9 une peur grandissante.<br \/>\nA l&rsquo;int\u00e9rieur , il d\u00e9couvrit des feux follets un peu partout dans le manoir, le plancher \u00e9tait trou\u00e9 , griff\u00e9 , avec des traces de sang . Il ressentit des d\u00e9placements qu&rsquo;il n&rsquo;arrivait pas \u00e0 voir. Le jeune gar\u00e7on arriva dans un couloir plein de cr\u00e2nes et de squelettes. Plus il avan\u00e7ait, plus les ronflements s&rsquo;intensifiaient. Il finit par arriver dans une porte immense. En tentant de l&rsquo;ouvrir, les squelettes et les cr\u00e2nes se mirent \u00e0 bouger. Pris de panique, Djeisky se mit \u00e0 courir pour \u00e9chapper au monstre, c&rsquo;est \u00e0 ce moment l\u00e0 qu&rsquo;une elfe apparut. Elle tua le smonstres \u00e0 coup de fl\u00e8ches gr\u00e2ce \u00e0 son arc magique. Soulag\u00e9, Djeisky la remercia\u00a0:<br \/>\n\u00ab\u00a0Merci beaucoup de m&rsquo;avoir sauv\u00e9, quel est ton nom\u00a0?<br \/>\n-Je m&rsquo;appelle Erynna. Je sais o\u00f9 se trouve ton dragon. Il est emprisonn\u00e9 dans une grotte ensorcel\u00e9e, seule la bague magique peut le d\u00e9livrer. Le probl\u00e8me c&rsquo;est qu&rsquo;elle se trouve sur la p\u00e2te du dragon de la mort.<br \/>\n-Mais qui est ce dragon de la mort\u00a0?<br \/>\n-Il vit dans ce manoir hant\u00e9 depuis des si\u00e8cles. Il est devenu m\u00e9chant \u00e0 cause d&rsquo;une fl\u00e8che qu&rsquo;il a re\u00e7u d&rsquo;un chasseur de dragons il y a tr\u00e8s longtemps. Le manoir est devenu son refuge. Pour cacher sa blessure, il poss\u00e8de une bague magique qui le garde immortel, mais cette immortalit\u00e9 est conserv\u00e9e gr\u00e2ce aux jeune dragons qu&rsquo;ils capturent.<br \/>\n-En quoi les jeunes dragons lui sont utiles\u00a0?<br \/>\n-Le dragon de la mort aspire la jeunesse des jeunes dragons avec sa bague magique.<br \/>\n-Mais comment va-t-on d\u00e9livrer Crocmou\u00a0?<br \/>\n-Il faut r\u00e9cup\u00e9rer la bague magique sur la p\u00e2te du dragon pour lui enlever la fl\u00e8che ensorcel\u00e9e.<br \/>\n-Mais comment\u00a0?<br \/>\n-J&rsquo;ai un plan, viens dans ma cabane. Nous allons faire une potion magique. Mais tu n&rsquo;auras que vingt secondes pour agir parce que l&rsquo;effet de ma potion est limit\u00e9 dans le temps.<br \/>\n-Bon ben, on y va\u00a0?<br \/>\nTous deux retourn\u00e8rent au manoir hant\u00e9 pour essayer de sauver Crocmou. Une fois l\u00e0-bas, Enynna se pr\u00e9para \u00e0 tirer, mais dans la pr\u00e9cipitation, elle rata le dragon et le r\u00e9veilla. Le dragon de la mort se mit alors \u00e0 rugir et \u00e0 cracher du feu dans toutes les directions. Le dragon dans son d\u00e9cha\u00eenement marcha sur la fl\u00e8che qui le paralysa. Djeisky se d\u00e9p\u00eacha de prendre la bague et profita pour enlever la fl\u00e8che empoisonn\u00e9e de la p\u00e2te du dragon. C&rsquo;est ainsi qu&rsquo;il devint le dragon de la gentillesse et lib\u00e9ra Crocmou. Le manoir hant\u00e9 se transforma en ch\u00e2teau enchant\u00e9 et la for\u00eat noire retrouva son \u00e9clat.<br \/>\nLe dragon de la gentillesse d\u00e9cida d&rsquo;adopter Crocmou. Djeisky et Erynna tomb\u00e8rent amoureux et s&rsquo;install\u00e8rent dans le ch\u00e2teau. Ils v\u00e9curent tous heureux ensemble jusqu&rsquo;\u00e0 la fin des temps.<\/p>\n<h1><\/h1>\n<p><img decoding=\"async\" class=\" aligncenter\" src=\"https:\/\/etab.ac-reunion.fr\/clg-tamarins\/wp-content\/uploads\/sites\/56\/2015\/04\/ART-JDC2015-equipe7-mini.jpg\" alt=\"\" \/><br \/>\n[easyembed field=\u00a0\u00bbchanger_fond\u00a0\u00bb]\n","protected":false},"excerpt":{"rendered":"<p>\u00c9quipe 7:\u00a0\u201cChaperon rouge\u201d Nom \u2013 Pr\u00e9nom Classe\u00a0: CARPY Yann (M) 6\u00e8me cumin LECADET Ericka (F) 6\u00e8me cumin METRO Dorian (M) 6\u00e8me cumin PAJAMALE PADEATCHY Lauriane (F) 6\u00e8me cumin GRACIENNE Sloane (F) 6\u00e8me Safran GOURSALO Ericka (F) 6\u00e8me Safran ENCANA Lucas (M) 6\u00e8me Safran FREDOUIL Paul Kenjy (M) 6\u00e8me Safran VALLON\u2026<\/p>\n<p class=\"continue-reading-button\"> <a class=\"continue-reading-link\" href=\"https:\/\/etab.ac-reunion.fr\/clg-tamarins\/le-conte-de-lequipe-7-le-dragon-malefique\/\">Continuer \u00e0 lire<i class=\"crycon-right-dir\"><\/i><\/a><\/p>\n","protected":false},"author":3694,"featured_media":3309,"comment_status":"closed","ping_status":"closed","sticky":false,"template":"","format":"standard","meta":{"footnotes":""},"categories":[250],"tags":[251],"class_list":["post-3308","post","type-post","status-publish","format-standard","has-post-thumbnail","hentry","category-francais","tag-journee-du-conte"],"_links":{"self":[{"href":"https:\/\/etab.ac-reunion.fr\/clg-tamarins\/wp-json\/wp\/v2\/posts\/3308","targetHints":{"allow":["GET"]}}],"collection":[{"href":"https:\/\/etab.ac-reunion.fr\/clg-tamarins\/wp-json\/wp\/v2\/posts"}],"about":[{"href":"https:\/\/etab.ac-reunion.fr\/clg-tamarins\/wp-json\/wp\/v2\/types\/post"}],"author":[{"embeddable":true,"href":"https:\/\/etab.ac-reunion.fr\/clg-tamarins\/wp-json\/wp\/v2\/users\/3694"}],"replies":[{"embeddable":true,"href":"https:\/\/etab.ac-reunion.fr\/clg-tamarins\/wp-json\/wp\/v2\/comments?post=3308"}],"version-history":[{"count":6,"href":"https:\/\/etab.ac-reunion.fr\/clg-tamarins\/wp-json\/wp\/v2\/posts\/3308\/revisions"}],"predecessor-version":[{"id":3399,"href":"https:\/\/etab.ac-reunion.fr\/clg-tamarins\/wp-json\/wp\/v2\/posts\/3308\/revisions\/3399"}],"wp:featuredmedia":[{"embeddable":true,"href":"https:\/\/etab.ac-reunion.fr\/clg-tamarins\/wp-json\/wp\/v2\/media\/3309"}],"wp:attachment":[{"href":"https:\/\/etab.ac-reunion.fr\/clg-tamarins\/wp-json\/wp\/v2\/media?parent=3308"}],"wp:term":[{"taxonomy":"category","embeddable":true,"href":"https:\/\/etab.ac-reunion.fr\/clg-tamarins\/wp-json\/wp\/v2\/categories?post=3308"},{"taxonomy":"post_tag","embeddable":true,"href":"https:\/\/etab.ac-reunion.fr\/clg-tamarins\/wp-json\/wp\/v2\/tags?post=3308"}],"curies":[{"name":"wp","href":"https:\/\/api.w.org\/{rel}","templated":true}]}}