{"id":3325,"date":"2015-04-02T11:31:12","date_gmt":"2015-04-02T07:31:12","guid":{"rendered":"http:\/\/college-les-tamarins.ac-reunion.fr\/?p=3325"},"modified":"2015-04-02T11:31:12","modified_gmt":"2015-04-02T07:31:12","slug":"le-conte-de-lequipe-10-le-jeune-dresseur-de-dragons-et-le-sorcier","status":"publish","type":"post","link":"https:\/\/etab.ac-reunion.fr\/clg-tamarins\/le-conte-de-lequipe-10-le-jeune-dresseur-de-dragons-et-le-sorcier\/","title":{"rendered":"Le conte de l&rsquo;\u00e9quipe 10: Le jeune dresseur de dragons et le sorcier"},"content":{"rendered":"<ul id=\"menu-journee-du-conte-2015\" class=\"menu menu_horizontal\"><li id=\"menu-item-3362\" class=\"menu-item menu-item-type-post_type menu-item-object-post menu-item-3362\"><a href=\"https:\/\/etab.ac-reunion.fr\/clg-tamarins\/la-journee-du-conte\/\">LE THEME: La journ\u00e9e du conte<\/a><\/li>\n<li id=\"menu-item-3417\" class=\"menu-item menu-item-type-post_type menu-item-object-post menu-item-3417\"><a href=\"https:\/\/etab.ac-reunion.fr\/clg-tamarins\/la-journee-du-conte-commentaires\/\">Commentaires des participants<\/a><\/li>\n<li id=\"menu-item-3418\" class=\"menu-item menu-item-type-post_type menu-item-object-post menu-item-3418\"><a href=\"https:\/\/etab.ac-reunion.fr\/clg-tamarins\/la-journee-du-conte-les-photos\/\">Les photos !<\/a><\/li>\n<li id=\"menu-item-3373\" class=\"menu-item menu-item-type-post_type menu-item-object-post menu-item-3373\"><a href=\"https:\/\/etab.ac-reunion.fr\/clg-tamarins\/le-conte-de-lequipe-1-une-paysanne-qui-voulait-etre-une-princesse\/\">Une paysanne qui voulait \u00eatre une princesse<\/a><\/li>\n<li id=\"menu-item-3374\" class=\"menu-item menu-item-type-post_type menu-item-object-post menu-item-3374\"><a href=\"https:\/\/etab.ac-reunion.fr\/clg-tamarins\/le-conte-de-lequipe-2-ali-baba-et-la-cape-magique\/\">Ali, Baba et la cape magique<\/a><\/li>\n<li id=\"menu-item-3375\" class=\"menu-item menu-item-type-post_type menu-item-object-post menu-item-3375\"><a href=\"https:\/\/etab.ac-reunion.fr\/clg-tamarins\/le-conte-de-lequipe-3-parson-et-son-dragon\/\">Parson et son dragon<\/a><\/li>\n<li id=\"menu-item-3376\" class=\"menu-item menu-item-type-post_type menu-item-object-post menu-item-3376\"><a href=\"https:\/\/etab.ac-reunion.fr\/clg-tamarins\/le-conte-de-lequipe-4-la-princesse-et-le-miroir-enchante\/\">La princesse et le miroir enchant\u00e9<\/a><\/li>\n<li id=\"menu-item-3397\" class=\"menu-item menu-item-type-post_type menu-item-object-post menu-item-3397\"><a href=\"https:\/\/etab.ac-reunion.fr\/clg-tamarins\/le-conte-de-lequipe-5-la-legende-du-dragon\/\">La l\u00e9gende du dragon<\/a><\/li>\n<li id=\"menu-item-3398\" class=\"menu-item menu-item-type-post_type menu-item-object-post menu-item-3398\"><a href=\"https:\/\/etab.ac-reunion.fr\/clg-tamarins\/le-conte-de-lequipe-6-leo-et-le-dragon-ensorcele\/\">L\u00e9o et le dragon ensorcel\u00e9<\/a><\/li>\n<li id=\"menu-item-3402\" class=\"menu-item menu-item-type-post_type menu-item-object-post menu-item-3402\"><a href=\"https:\/\/etab.ac-reunion.fr\/clg-tamarins\/le-conte-de-lequipe-7-le-dragon-malefique\/\">Le dragon mal\u00e9fique<\/a><\/li>\n<li id=\"menu-item-3408\" class=\"menu-item menu-item-type-post_type menu-item-object-post menu-item-3408\"><a href=\"https:\/\/etab.ac-reunion.fr\/clg-tamarins\/le-conte-de-lequipe-9-le-miroir-magique\/\">Le miroir magique<\/a><\/li>\n<li id=\"menu-item-3409\" class=\"menu-item menu-item-type-post_type menu-item-object-post menu-item-3409\"><a href=\"https:\/\/etab.ac-reunion.fr\/clg-tamarins\/le-conte-de-lequipe-8-la-clef-magique\/\">La Clef magique<\/a><\/li>\n<li id=\"menu-item-3419\" class=\"menu-item menu-item-type-post_type menu-item-object-post menu-item-3419\"><a href=\"https:\/\/etab.ac-reunion.fr\/clg-tamarins\/le-conte-de-lequipe-12-un-jeune-homme-dresseur-de-dragon\/\">Un jeune homme dresseur de dragon<\/a><\/li>\n<li id=\"menu-item-3420\" class=\"menu-item menu-item-type-post_type menu-item-object-post menu-item-3420\"><a href=\"https:\/\/etab.ac-reunion.fr\/clg-tamarins\/le-conte-de-lequipe-11-la-princesse-qui-revait-daventure\/\">La princesse qui r\u00eavait d&rsquo;aventure<\/a><\/li>\n<li id=\"menu-item-3421\" class=\"menu-item menu-item-type-post_type menu-item-object-post menu-item-3421\"><a href=\"https:\/\/etab.ac-reunion.fr\/clg-tamarins\/le-conte-de-lequipe-10-le-jeune-dresseur-de-dragons-et-le-sorcier\/\">Le jeune dresseur de dragons et le sorcier<\/a><\/li>\n<\/ul>\n<h1>\u00c9quipe 10:\u00a0\u201cCendrillon\u201d<\/h1>\n<table class=\"aligncenter\" style=\"text-align: center\" border=\"1\">\n<colgroup>\n<col width=\"362\" \/>\n<col width=\"264\" \/> <\/colgroup>\n<tbody>\n<tr valign=\"TOP\">\n<td width=\"362\">\n<p align=\"CENTER\"><b>Nom \u2013 Pr\u00e9nom <\/b><\/p>\n<\/td>\n<td width=\"264\">\n<p align=\"CENTER\"><b>Classe\u00a0: <\/b><\/p>\n<\/td>\n<td rowspan=\"11\"><img loading=\"lazy\" decoding=\"async\" src=\"https:\/\/etab.ac-reunion.fr\/clg-tamarins\/wp-content\/uploads\/sites\/56\/2015\/03\/ART-JDC2015-equipe10-logo.jpg\" alt=\"\" width=\"344\" height=\"400\" \/><\/td>\n<\/tr>\n<tr valign=\"TOP\">\n<td width=\"362\">POTHIN Thomas (M)<\/td>\n<td width=\"264\">\n<p align=\"CENTER\">6\u00e8me Baie Rose<\/p>\n<\/td>\n<\/tr>\n<tr valign=\"TOP\">\n<td width=\"362\">JOANANY Evan (M)<\/td>\n<td width=\"264\">\n<p align=\"CENTER\">6\u00e8me Baie Rose<\/p>\n<\/td>\n<\/tr>\n<tr valign=\"TOP\">\n<td width=\"362\">IDRAC Adriana (F)<\/td>\n<td width=\"264\">\n<p align=\"CENTER\">6\u00e8me Baie Rose<\/p>\n<\/td>\n<\/tr>\n<tr valign=\"TOP\">\n<td width=\"362\">AHMED CASSIM Nasrine (F)<\/td>\n<td width=\"264\">\n<p align=\"CENTER\">6\u00e8me Baie Rose<\/p>\n<\/td>\n<\/tr>\n<tr valign=\"TOP\">\n<td width=\"362\">GRONDIN Sandra (F)<\/td>\n<td width=\"264\">\n<p align=\"CENTER\">6\u00e8me Baie Rose<\/p>\n<\/td>\n<\/tr>\n<tr valign=\"TOP\">\n<td width=\"362\">PAUBIN Mat\u00e9o (M)<\/td>\n<td width=\"264\">\n<p align=\"CENTER\">6\u00e8me Baie Rose<\/p>\n<\/td>\n<\/tr>\n<tr valign=\"TOP\">\n<td width=\"362\">DUFLO Gwena\u00eblle (F)<\/td>\n<td width=\"264\">\n<p align=\"CENTER\">6\u00e8me Baie Rose<\/p>\n<\/td>\n<\/tr>\n<tr valign=\"TOP\">\n<td width=\"362\">ALI Bacar (M)<\/td>\n<td width=\"264\">\n<p align=\"CENTER\">6\u00e8me Baie Rose<\/p>\n<\/td>\n<\/tr>\n<tr valign=\"TOP\">\n<td width=\"362\">MDAHOMA Nourdine (M)<\/td>\n<td width=\"264\">\n<p align=\"CENTER\">6\u00e8me Girofle<\/p>\n<\/td>\n<\/tr>\n<tr valign=\"TOP\">\n<td width=\"362\">CHARLETTINE Nolane (M)<\/td>\n<td width=\"264\">\n<p align=\"CENTER\">6\u00e8me Girofle<\/p>\n<\/td>\n<\/tr>\n<\/tbody>\n<\/table>\n<p>&nbsp;<\/p>\n<h1><\/h1>\n<h3 align=\"CENTER\">Le jeune dresseur de dragons et le sorcier<\/h3>\n<p>&nbsp;<\/p>\n<p>Il \u00e9tait une fois, dans une for\u00eat enchant\u00e9e, un jeune homme dresseur de dragons. Il s&rsquo;appelait Hercule et r\u00f4dait dans la for\u00eat. Soudain il entendit un dragon qui \u00e9tait en difficult\u00e9, le jeune homme comprenait le langage des dragons, il lui demanda:<br \/>\n\u201c Que t&rsquo;arrive t-il\u00a0?<br \/>\nJe suis poss\u00e9d\u00e9, un sorcier m&rsquo;a jet\u00e9 un sort. Ne t&rsquo;approche pas de moi, j&rsquo;ai peur de te faire du mal.<br \/>\nNe t&rsquo;inqui\u00e8te pas, je vais t&rsquo;aider \u00e0 retrouver ton apparence, dit Hercule.\u201d<br \/>\nHercule se souvient de sa tente f\u00e9e\u00a0: \u201cje vais t&rsquo;aider , on va appeler ma tante pour qu&rsquo;elle trouve une solution pour te retransformer en dragon\u201d. La tante lui avait dit qu&rsquo;il pouvait l&rsquo;appeler gr\u00e2ce \u00e0 une chansonnette qui disait \u201cTante f\u00e9e, tante f\u00e9e, viens nous aider&#8230; Tante f\u00e9e, ma tante f\u00e9e, viens nous aider&#8230;\u201d Soudain sa tante apparut sous un nuage de fum\u00e9e d&rsquo;\u00e9toiles et un dans parfum orang\u00e9. Elle proposa d&rsquo;utiliser son miroir magique pour trouver le nom du sorcier.<br \/>\nLe miroir indiqua le nom de \u201cMalvel\u201d.. Il partirent tous les trois chez Malvel. Ils arriv\u00e8rent chez Malvel et Malvel dit \u201cQui \u00eates-vous et que faites-vous l\u00e0\u00a0?\u201d<br \/>\nMalvel les d\u00e9fia de lui trouver une f\u00e9e, Hercule n&rsquo;\u00e9tait pas d&rsquo;accord, sa tante se proposa et le sorcier redonna l&rsquo;apparence du dragon. Le sorcier et la tante f\u00e9e v\u00e9curent heureux&#8230;<\/p>\n<h1><\/h1>\n<p><img decoding=\"async\" class=\" aligncenter\" src=\"https:\/\/etab.ac-reunion.fr\/clg-tamarins\/wp-content\/uploads\/sites\/56\/2015\/04\/ART-JDC2015-equipe10-mini.jpg\" \/><br \/>\n[easyembed field=\u00a0\u00bbchanger_fond\u00a0\u00bb]\n","protected":false},"excerpt":{"rendered":"<p>\u00c9quipe 10:\u00a0\u201cCendrillon\u201d Nom \u2013 Pr\u00e9nom Classe\u00a0: POTHIN Thomas (M) 6\u00e8me Baie Rose JOANANY Evan (M) 6\u00e8me Baie Rose IDRAC Adriana (F) 6\u00e8me Baie Rose AHMED CASSIM Nasrine (F) 6\u00e8me Baie Rose GRONDIN Sandra (F) 6\u00e8me Baie Rose PAUBIN Mat\u00e9o (M) 6\u00e8me Baie Rose DUFLO Gwena\u00eblle (F) 6\u00e8me Baie Rose ALI\u2026<\/p>\n<p class=\"continue-reading-button\"> <a class=\"continue-reading-link\" href=\"https:\/\/etab.ac-reunion.fr\/clg-tamarins\/le-conte-de-lequipe-10-le-jeune-dresseur-de-dragons-et-le-sorcier\/\">Continuer \u00e0 lire<i class=\"crycon-right-dir\"><\/i><\/a><\/p>\n","protected":false},"author":3694,"featured_media":3327,"comment_status":"closed","ping_status":"closed","sticky":false,"template":"","format":"standard","meta":{"footnotes":""},"categories":[250],"tags":[251],"class_list":["post-3325","post","type-post","status-publish","format-standard","has-post-thumbnail","hentry","category-francais","tag-journee-du-conte"],"_links":{"self":[{"href":"https:\/\/etab.ac-reunion.fr\/clg-tamarins\/wp-json\/wp\/v2\/posts\/3325","targetHints":{"allow":["GET"]}}],"collection":[{"href":"https:\/\/etab.ac-reunion.fr\/clg-tamarins\/wp-json\/wp\/v2\/posts"}],"about":[{"href":"https:\/\/etab.ac-reunion.fr\/clg-tamarins\/wp-json\/wp\/v2\/types\/post"}],"author":[{"embeddable":true,"href":"https:\/\/etab.ac-reunion.fr\/clg-tamarins\/wp-json\/wp\/v2\/users\/3694"}],"replies":[{"embeddable":true,"href":"https:\/\/etab.ac-reunion.fr\/clg-tamarins\/wp-json\/wp\/v2\/comments?post=3325"}],"version-history":[{"count":4,"href":"https:\/\/etab.ac-reunion.fr\/clg-tamarins\/wp-json\/wp\/v2\/posts\/3325\/revisions"}],"predecessor-version":[{"id":3329,"href":"https:\/\/etab.ac-reunion.fr\/clg-tamarins\/wp-json\/wp\/v2\/posts\/3325\/revisions\/3329"}],"wp:featuredmedia":[{"embeddable":true,"href":"https:\/\/etab.ac-reunion.fr\/clg-tamarins\/wp-json\/wp\/v2\/media\/3327"}],"wp:attachment":[{"href":"https:\/\/etab.ac-reunion.fr\/clg-tamarins\/wp-json\/wp\/v2\/media?parent=3325"}],"wp:term":[{"taxonomy":"category","embeddable":true,"href":"https:\/\/etab.ac-reunion.fr\/clg-tamarins\/wp-json\/wp\/v2\/categories?post=3325"},{"taxonomy":"post_tag","embeddable":true,"href":"https:\/\/etab.ac-reunion.fr\/clg-tamarins\/wp-json\/wp\/v2\/tags?post=3325"}],"curies":[{"name":"wp","href":"https:\/\/api.w.org\/{rel}","templated":true}]}}