{"id":3333,"date":"2015-04-02T11:33:16","date_gmt":"2015-04-02T07:33:16","guid":{"rendered":"http:\/\/college-les-tamarins.ac-reunion.fr\/?p=3333"},"modified":"2015-04-02T11:37:01","modified_gmt":"2015-04-02T07:37:01","slug":"le-conte-de-lequipe-11-la-princesse-qui-revait-daventure","status":"publish","type":"post","link":"https:\/\/etab.ac-reunion.fr\/clg-tamarins\/le-conte-de-lequipe-11-la-princesse-qui-revait-daventure\/","title":{"rendered":"Le conte de l&rsquo;\u00e9quipe 11: La princesse qui r\u00eavait d&rsquo;aventure"},"content":{"rendered":"<ul id=\"menu-journee-du-conte-2015\" class=\"menu menu_horizontal\"><li id=\"menu-item-3362\" class=\"menu-item menu-item-type-post_type menu-item-object-post menu-item-3362\"><a href=\"https:\/\/etab.ac-reunion.fr\/clg-tamarins\/la-journee-du-conte\/\">LE THEME: La journ\u00e9e du conte<\/a><\/li>\n<li id=\"menu-item-3417\" class=\"menu-item menu-item-type-post_type menu-item-object-post menu-item-3417\"><a href=\"https:\/\/etab.ac-reunion.fr\/clg-tamarins\/la-journee-du-conte-commentaires\/\">Commentaires des participants<\/a><\/li>\n<li id=\"menu-item-3418\" class=\"menu-item menu-item-type-post_type menu-item-object-post menu-item-3418\"><a href=\"https:\/\/etab.ac-reunion.fr\/clg-tamarins\/la-journee-du-conte-les-photos\/\">Les photos !<\/a><\/li>\n<li id=\"menu-item-3373\" class=\"menu-item menu-item-type-post_type menu-item-object-post menu-item-3373\"><a href=\"https:\/\/etab.ac-reunion.fr\/clg-tamarins\/le-conte-de-lequipe-1-une-paysanne-qui-voulait-etre-une-princesse\/\">Une paysanne qui voulait \u00eatre une princesse<\/a><\/li>\n<li id=\"menu-item-3374\" class=\"menu-item menu-item-type-post_type menu-item-object-post menu-item-3374\"><a href=\"https:\/\/etab.ac-reunion.fr\/clg-tamarins\/le-conte-de-lequipe-2-ali-baba-et-la-cape-magique\/\">Ali, Baba et la cape magique<\/a><\/li>\n<li id=\"menu-item-3375\" class=\"menu-item menu-item-type-post_type menu-item-object-post menu-item-3375\"><a href=\"https:\/\/etab.ac-reunion.fr\/clg-tamarins\/le-conte-de-lequipe-3-parson-et-son-dragon\/\">Parson et son dragon<\/a><\/li>\n<li id=\"menu-item-3376\" class=\"menu-item menu-item-type-post_type menu-item-object-post menu-item-3376\"><a href=\"https:\/\/etab.ac-reunion.fr\/clg-tamarins\/le-conte-de-lequipe-4-la-princesse-et-le-miroir-enchante\/\">La princesse et le miroir enchant\u00e9<\/a><\/li>\n<li id=\"menu-item-3397\" class=\"menu-item menu-item-type-post_type menu-item-object-post menu-item-3397\"><a href=\"https:\/\/etab.ac-reunion.fr\/clg-tamarins\/le-conte-de-lequipe-5-la-legende-du-dragon\/\">La l\u00e9gende du dragon<\/a><\/li>\n<li id=\"menu-item-3398\" class=\"menu-item menu-item-type-post_type menu-item-object-post menu-item-3398\"><a href=\"https:\/\/etab.ac-reunion.fr\/clg-tamarins\/le-conte-de-lequipe-6-leo-et-le-dragon-ensorcele\/\">L\u00e9o et le dragon ensorcel\u00e9<\/a><\/li>\n<li id=\"menu-item-3402\" class=\"menu-item menu-item-type-post_type menu-item-object-post menu-item-3402\"><a href=\"https:\/\/etab.ac-reunion.fr\/clg-tamarins\/le-conte-de-lequipe-7-le-dragon-malefique\/\">Le dragon mal\u00e9fique<\/a><\/li>\n<li id=\"menu-item-3408\" class=\"menu-item menu-item-type-post_type menu-item-object-post menu-item-3408\"><a href=\"https:\/\/etab.ac-reunion.fr\/clg-tamarins\/le-conte-de-lequipe-9-le-miroir-magique\/\">Le miroir magique<\/a><\/li>\n<li id=\"menu-item-3409\" class=\"menu-item menu-item-type-post_type menu-item-object-post menu-item-3409\"><a href=\"https:\/\/etab.ac-reunion.fr\/clg-tamarins\/le-conte-de-lequipe-8-la-clef-magique\/\">La Clef magique<\/a><\/li>\n<li id=\"menu-item-3419\" class=\"menu-item menu-item-type-post_type menu-item-object-post menu-item-3419\"><a href=\"https:\/\/etab.ac-reunion.fr\/clg-tamarins\/le-conte-de-lequipe-12-un-jeune-homme-dresseur-de-dragon\/\">Un jeune homme dresseur de dragon<\/a><\/li>\n<li id=\"menu-item-3420\" class=\"menu-item menu-item-type-post_type menu-item-object-post menu-item-3420\"><a href=\"https:\/\/etab.ac-reunion.fr\/clg-tamarins\/le-conte-de-lequipe-11-la-princesse-qui-revait-daventure\/\">La princesse qui r\u00eavait d&rsquo;aventure<\/a><\/li>\n<li id=\"menu-item-3421\" class=\"menu-item menu-item-type-post_type menu-item-object-post menu-item-3421\"><a href=\"https:\/\/etab.ac-reunion.fr\/clg-tamarins\/le-conte-de-lequipe-10-le-jeune-dresseur-de-dragons-et-le-sorcier\/\">Le jeune dresseur de dragons et le sorcier<\/a><\/li>\n<\/ul>\n<h1>\u00c9quipe 11:\u00a0\u201cRaiponce\u201d<\/h1>\n<table class=\"aligncenter\" style=\"text-align: center\" border=\"1\">\n<colgroup>\n<col width=\"362\" \/>\n<col width=\"264\" \/> <\/colgroup>\n<tbody>\n<tr valign=\"TOP\">\n<td width=\"362\">\n<p align=\"CENTER\"><b>Nom \u2013 Pr\u00e9nom <\/b><\/p>\n<\/td>\n<td width=\"264\">\n<p align=\"CENTER\"><b>Classe\u00a0: <\/b><\/p>\n<\/td>\n<td rowspan=\"11\"><img loading=\"lazy\" decoding=\"async\" src=\"https:\/\/etab.ac-reunion.fr\/clg-tamarins\/wp-content\/uploads\/sites\/56\/2015\/03\/ART-JDC2015-equipe11-logo.jpg\" alt=\"\" width=\"344\" height=\"400\" \/><\/td>\n<\/tr>\n<tr valign=\"TOP\">\n<td width=\"362\">DEBESE Dylan (M)<\/td>\n<td width=\"264\">\n<p align=\"CENTER\">6\u00e8me Cannelle<\/p>\n<\/td>\n<\/tr>\n<tr valign=\"TOP\">\n<td width=\"362\">LIONI Marina (F)<\/td>\n<td width=\"264\">\n<p align=\"CENTER\">6\u00e8me Cannelle<\/p>\n<\/td>\n<\/tr>\n<tr valign=\"TOP\">\n<td width=\"362\">LIONI Melissa (F)<\/td>\n<td width=\"264\">\n<p align=\"CENTER\">6\u00e8me Cannelle<\/p>\n<\/td>\n<\/tr>\n<tr valign=\"TOP\">\n<td width=\"362\">MALAZA SOILIHI Willyna (F)<\/td>\n<td width=\"264\">\n<p align=\"CENTER\">6\u00e8me Cannelle<\/p>\n<\/td>\n<\/tr>\n<tr valign=\"TOP\">\n<td width=\"362\">MOURIDASSE Izma (F)<\/td>\n<td width=\"264\">\n<p align=\"CENTER\">6\u00e8me Cannelle<\/p>\n<\/td>\n<\/tr>\n<tr valign=\"TOP\">\n<td width=\"362\">NACHIAR Sarah (F)<\/td>\n<td width=\"264\">\n<p align=\"CENTER\">6\u00e8me Cannelle<\/p>\n<\/td>\n<\/tr>\n<tr valign=\"TOP\">\n<td width=\"362\">RAMAYA Bryan (M)<\/td>\n<td width=\"264\">\n<p align=\"CENTER\">6\u00e8me Cannelle<\/p>\n<\/td>\n<\/tr>\n<tr valign=\"TOP\">\n<td width=\"362\">VARICCA Vincent (M)<\/td>\n<td width=\"264\">\n<p align=\"CENTER\">6\u00e8me Cannelle<\/p>\n<\/td>\n<\/tr>\n<tr valign=\"TOP\">\n<td width=\"362\">MDAHOMA Nourdine (M)<\/td>\n<td width=\"264\">\n<p align=\"CENTER\">6\u00e8me Cannelle<\/p>\n<\/td>\n<\/tr>\n<tr valign=\"TOP\">\n<td width=\"362\">CHARLETTINE Nolane (M)<\/td>\n<td width=\"264\">\n<p align=\"CENTER\">6\u00e8me Cannelle<\/p>\n<\/td>\n<\/tr>\n<\/tbody>\n<\/table>\n<p>&nbsp;<\/p>\n<h1><\/h1>\n<h3 align=\"CENTER\">La princesse qui r\u00eavait d&rsquo;aventure<\/h3>\n<p>&nbsp;<\/p>\n<p>Il \u00e9tait une fois, un roi qui vivait dans un royaume perdu dans les montages. Le roi avait une tr\u00e8s belle jeune fille, qui r\u00eavait d&rsquo;aventure. Elle avait de beaux cheveux bruns et des yeux bleus. La princesse n&rsquo;avait jamais connu sa m\u00e8re car elle \u00e9tait morte \u00e0 sa naissance.<br \/>\nUn jour, le roi d\u00e9cida de se remarier avec la reine du royaume voisin, car cette reine<br \/>\n\u00e9tait tr\u00e8s bonne, tr\u00e8s jolie et tr\u00e8s aimable. Quelques jour plus tard, alors que la princesse \u00e9tait dans sa chambre, la reine envoya quelques gardes tuer le roi. La princesse ne voyant pas son p\u00e8re pendant un bon moment s&rsquo;inqui\u00e9ta et demanda \u00e0 sa belle-m\u00e8re o\u00f9 \u00e9tait son p\u00e8re. La elle-m\u00e8re qui n&rsquo;avait pas r\u00e9ussi \u00e0 tuer le p\u00e8re mais \u00e0 le faire kidnapper lui dit alors que son p\u00e8re \u00e9tait parti en voyage.<br \/>\nLa princesse qui doutait de la parole de sa mar\u00e2tre alla fouiller dans la chambre de son p\u00e8re. Elle remarqua que toutes les affaires de son p\u00e8re \u00e9taient l\u00e0. Elle comprit que la mar\u00e2tre lui avait menti. Elle partit dans la for\u00eat en suisant le chant des oiseaux et aper\u00e7ut une lumi\u00e8re \u00e9clatante dans la for\u00eat. C&rsquo;\u00e9tait une f\u00e9e. Le f\u00e9e lui dit\u00a0: \u00ab\u00a0Puisque tu m&rsquo;as vue, et bien, je t&rsquo;offre un livre de sortil\u00e8ges, ce livre te r\u00e9v\u00e9lera tous les secrets que tu souhaites. Alors, la princesse profita pour ouvrir le livre, regarda la formule magique et la pronon\u00e7a. Cela fit appara\u00eetre un nuage noir dans lequel elle aper\u00e7ut la mar\u00e2tre qui enfermait son p\u00e8re dans le donjon du ch\u00e2teau. Alors, sans h\u00e9siter, elle courut de toutes ses forces au ch\u00e2teau pour aller sauver son p\u00e8re.<br \/>\nD\u00e8s qu&rsquo;elle arriva, elle pronon\u00e7a une formule magique qui, au lieu d&rsquo;ouvrir la porte du donjon, fit dispara\u00eetre la m\u00e9chante mar\u00e2tre. Alors, la cl\u00e9 apparut et put ouvrir la porte.<br \/>\nDeux ans plus tard, la princesse \u00e9pousa un prince et ils v\u00e9curent heureux ensemble et eurent beaucoup d&rsquo;enfants.<\/p>\n<h1><\/h1>\n<p><img decoding=\"async\" class=\" aligncenter\" src=\"https:\/\/etab.ac-reunion.fr\/clg-tamarins\/wp-content\/uploads\/sites\/56\/2015\/04\/ART-JDC2015-equipe11-mini.jpg\" alt=\"\" \/><br \/>\n[easyembed field=\u00a0\u00bbchanger_fond\u00a0\u00bb]\n","protected":false},"excerpt":{"rendered":"<p>\u00c9quipe 11:\u00a0\u201cRaiponce\u201d Nom \u2013 Pr\u00e9nom Classe\u00a0: DEBESE Dylan (M) 6\u00e8me Cannelle LIONI Marina (F) 6\u00e8me Cannelle LIONI Melissa (F) 6\u00e8me Cannelle MALAZA SOILIHI Willyna (F) 6\u00e8me Cannelle MOURIDASSE Izma (F) 6\u00e8me Cannelle NACHIAR Sarah (F) 6\u00e8me Cannelle RAMAYA Bryan (M) 6\u00e8me Cannelle VARICCA Vincent (M) 6\u00e8me Cannelle MDAHOMA Nourdine (M)\u2026<\/p>\n<p class=\"continue-reading-button\"> <a class=\"continue-reading-link\" href=\"https:\/\/etab.ac-reunion.fr\/clg-tamarins\/le-conte-de-lequipe-11-la-princesse-qui-revait-daventure\/\">Continuer \u00e0 lire<i class=\"crycon-right-dir\"><\/i><\/a><\/p>\n","protected":false},"author":3694,"featured_media":3332,"comment_status":"closed","ping_status":"closed","sticky":false,"template":"","format":"standard","meta":{"footnotes":""},"categories":[250],"tags":[251],"class_list":["post-3333","post","type-post","status-publish","format-standard","has-post-thumbnail","hentry","category-francais","tag-journee-du-conte"],"_links":{"self":[{"href":"https:\/\/etab.ac-reunion.fr\/clg-tamarins\/wp-json\/wp\/v2\/posts\/3333","targetHints":{"allow":["GET"]}}],"collection":[{"href":"https:\/\/etab.ac-reunion.fr\/clg-tamarins\/wp-json\/wp\/v2\/posts"}],"about":[{"href":"https:\/\/etab.ac-reunion.fr\/clg-tamarins\/wp-json\/wp\/v2\/types\/post"}],"author":[{"embeddable":true,"href":"https:\/\/etab.ac-reunion.fr\/clg-tamarins\/wp-json\/wp\/v2\/users\/3694"}],"replies":[{"embeddable":true,"href":"https:\/\/etab.ac-reunion.fr\/clg-tamarins\/wp-json\/wp\/v2\/comments?post=3333"}],"version-history":[{"count":5,"href":"https:\/\/etab.ac-reunion.fr\/clg-tamarins\/wp-json\/wp\/v2\/posts\/3333\/revisions"}],"predecessor-version":[{"id":3335,"href":"https:\/\/etab.ac-reunion.fr\/clg-tamarins\/wp-json\/wp\/v2\/posts\/3333\/revisions\/3335"}],"wp:featuredmedia":[{"embeddable":true,"href":"https:\/\/etab.ac-reunion.fr\/clg-tamarins\/wp-json\/wp\/v2\/media\/3332"}],"wp:attachment":[{"href":"https:\/\/etab.ac-reunion.fr\/clg-tamarins\/wp-json\/wp\/v2\/media?parent=3333"}],"wp:term":[{"taxonomy":"category","embeddable":true,"href":"https:\/\/etab.ac-reunion.fr\/clg-tamarins\/wp-json\/wp\/v2\/categories?post=3333"},{"taxonomy":"post_tag","embeddable":true,"href":"https:\/\/etab.ac-reunion.fr\/clg-tamarins\/wp-json\/wp\/v2\/tags?post=3333"}],"curies":[{"name":"wp","href":"https:\/\/api.w.org\/{rel}","templated":true}]}}