{"id":3380,"date":"2015-04-02T11:39:13","date_gmt":"2015-04-02T07:39:13","guid":{"rendered":"http:\/\/college-les-tamarins.ac-reunion.fr\/?p=3380"},"modified":"2015-04-17T08:27:39","modified_gmt":"2015-04-17T04:27:39","slug":"la-journee-du-conte-commentaires","status":"publish","type":"post","link":"https:\/\/etab.ac-reunion.fr\/clg-tamarins\/la-journee-du-conte-commentaires\/","title":{"rendered":"La journ\u00e9e du conte: commentaires"},"content":{"rendered":"<ul id=\"menu-journee-du-conte-2015\" class=\"menu menu_horizontal\"><li id=\"menu-item-3362\" class=\"menu-item menu-item-type-post_type menu-item-object-post menu-item-3362\"><a href=\"https:\/\/etab.ac-reunion.fr\/clg-tamarins\/la-journee-du-conte\/\">LE THEME: La journ\u00e9e du conte<\/a><\/li>\n<li id=\"menu-item-3417\" class=\"menu-item menu-item-type-post_type menu-item-object-post menu-item-3417\"><a href=\"https:\/\/etab.ac-reunion.fr\/clg-tamarins\/la-journee-du-conte-commentaires\/\">Commentaires des participants<\/a><\/li>\n<li id=\"menu-item-3418\" class=\"menu-item menu-item-type-post_type menu-item-object-post menu-item-3418\"><a href=\"https:\/\/etab.ac-reunion.fr\/clg-tamarins\/la-journee-du-conte-les-photos\/\">Les photos !<\/a><\/li>\n<li id=\"menu-item-3373\" class=\"menu-item menu-item-type-post_type menu-item-object-post menu-item-3373\"><a href=\"https:\/\/etab.ac-reunion.fr\/clg-tamarins\/le-conte-de-lequipe-1-une-paysanne-qui-voulait-etre-une-princesse\/\">Une paysanne qui voulait \u00eatre une princesse<\/a><\/li>\n<li id=\"menu-item-3374\" class=\"menu-item menu-item-type-post_type menu-item-object-post menu-item-3374\"><a href=\"https:\/\/etab.ac-reunion.fr\/clg-tamarins\/le-conte-de-lequipe-2-ali-baba-et-la-cape-magique\/\">Ali, Baba et la cape magique<\/a><\/li>\n<li id=\"menu-item-3375\" class=\"menu-item menu-item-type-post_type menu-item-object-post menu-item-3375\"><a href=\"https:\/\/etab.ac-reunion.fr\/clg-tamarins\/le-conte-de-lequipe-3-parson-et-son-dragon\/\">Parson et son dragon<\/a><\/li>\n<li id=\"menu-item-3376\" class=\"menu-item menu-item-type-post_type menu-item-object-post menu-item-3376\"><a href=\"https:\/\/etab.ac-reunion.fr\/clg-tamarins\/le-conte-de-lequipe-4-la-princesse-et-le-miroir-enchante\/\">La princesse et le miroir enchant\u00e9<\/a><\/li>\n<li id=\"menu-item-3397\" class=\"menu-item menu-item-type-post_type menu-item-object-post menu-item-3397\"><a href=\"https:\/\/etab.ac-reunion.fr\/clg-tamarins\/le-conte-de-lequipe-5-la-legende-du-dragon\/\">La l\u00e9gende du dragon<\/a><\/li>\n<li id=\"menu-item-3398\" class=\"menu-item menu-item-type-post_type menu-item-object-post menu-item-3398\"><a href=\"https:\/\/etab.ac-reunion.fr\/clg-tamarins\/le-conte-de-lequipe-6-leo-et-le-dragon-ensorcele\/\">L\u00e9o et le dragon ensorcel\u00e9<\/a><\/li>\n<li id=\"menu-item-3402\" class=\"menu-item menu-item-type-post_type menu-item-object-post menu-item-3402\"><a href=\"https:\/\/etab.ac-reunion.fr\/clg-tamarins\/le-conte-de-lequipe-7-le-dragon-malefique\/\">Le dragon mal\u00e9fique<\/a><\/li>\n<li id=\"menu-item-3408\" class=\"menu-item menu-item-type-post_type menu-item-object-post menu-item-3408\"><a href=\"https:\/\/etab.ac-reunion.fr\/clg-tamarins\/le-conte-de-lequipe-9-le-miroir-magique\/\">Le miroir magique<\/a><\/li>\n<li id=\"menu-item-3409\" class=\"menu-item menu-item-type-post_type menu-item-object-post menu-item-3409\"><a href=\"https:\/\/etab.ac-reunion.fr\/clg-tamarins\/le-conte-de-lequipe-8-la-clef-magique\/\">La Clef magique<\/a><\/li>\n<li id=\"menu-item-3419\" class=\"menu-item menu-item-type-post_type menu-item-object-post menu-item-3419\"><a href=\"https:\/\/etab.ac-reunion.fr\/clg-tamarins\/le-conte-de-lequipe-12-un-jeune-homme-dresseur-de-dragon\/\">Un jeune homme dresseur de dragon<\/a><\/li>\n<li id=\"menu-item-3420\" class=\"menu-item menu-item-type-post_type menu-item-object-post menu-item-3420\"><a href=\"https:\/\/etab.ac-reunion.fr\/clg-tamarins\/le-conte-de-lequipe-11-la-princesse-qui-revait-daventure\/\">La princesse qui r\u00eavait d&rsquo;aventure<\/a><\/li>\n<li id=\"menu-item-3421\" class=\"menu-item menu-item-type-post_type menu-item-object-post menu-item-3421\"><a href=\"https:\/\/etab.ac-reunion.fr\/clg-tamarins\/le-conte-de-lequipe-10-le-jeune-dresseur-de-dragons-et-le-sorcier\/\">Le jeune dresseur de dragons et le sorcier<\/a><\/li>\n<\/ul>\n<h1>Et qu&rsquo;en ont pens\u00e9 les participants de la journ\u00e9e\u00a0?<\/h1>\n<p>\u201cCONTE D\u2019UNE JOURNEE EXTRAORDINAIRE !!!<br \/>\nExtra, exceptionnel, fabuleux,\u2026. cette journ\u00e9e d\u00e9di\u00e9e \u00e0 la cr\u00e9ativit\u00e9, \u00e0 l\u2019imaginaire !<br \/>\nCoordinatrice de l\u2019ULIS du coll\u00e8ge, j\u2019ai vu au fur et \u00e0 mesure de l\u2019avancement du projet, les \u00e9l\u00e8ves d\u2019ULIS compl\u00e8tement investis et inclus dans le projet, ils ont pris \u00e9norm\u00e9ment plaisir \u00e0 coudre leur costume pour se mettre dans la peau d\u2019un personnage de conte.<br \/>\nCe projet fait partie int\u00e9grante de la p\u00e9dagogie inclusive de ces \u00e9l\u00e8ves rencontrant des difficult\u00e9s cognitives et relationnelles dans les diff\u00e9rents groupes. Il a favoris\u00e9 et motiv\u00e9 le d\u00e9veloppement imaginaire des \u00e9l\u00e8ves. C\u2019\u00e9tait un plaisir de les voir tous d\u00e9guis\u00e9s et ravis de participer \u00e0 la cr\u00e9ation d\u2019un conte en \u00e9quipe.<br \/>\nL\u2019inclusion prend tout son sens dans un tel projet !<br \/>\nVivement l\u2019ann\u00e9e prochaine.\u201d<br \/>\n<strong><em>Gilberte El Khaldouni, coordinatrice ULIS<br \/>\n<\/em><\/strong><\/p>\n<p>\u201cCe fut un r\u00e9el plaisir d&rsquo;\u00eatre une des animatrices de cette journ\u00e9e, les \u00e9l\u00e8ves se sont amus\u00e9s, ils ont appris, ils ont produit, la magie a op\u00e9r\u00e9.. J&rsquo;ai \u00e9t\u00e9 enchant\u00e9e par les sourires, les d\u00e9guisements, et la motivation des \u00e9l\u00e8ves&#8230;\u201d<br \/>\n<strong><em>Mme SIRACUSE, professeur de fran\u00e7ais<br \/>\n<\/em><\/strong><\/p>\n<p>\u201cJ&rsquo;ai ador\u00e9 la \u201cJourn\u00e9e du conte\u201d. Cette journ\u00e9e consistait \u00e0 se d\u00e9guiser en personnage de conte. Il y a eut tellement de bons d\u00e9guisements\u00a0! Il y a eu une remise de prix, un prix pour l&rsquo;\u00e9criture du meilleur conte et un prix pour le meilleur d\u00e9guisement, pour \u00e7a, il fallait faire un d\u00e9fil\u00e9. Chaque d\u00e9fil\u00e9 \u00e9tait super\u00a0! Tous les professeurs se sont d\u00e9guis\u00e9s, ils m\u00e9ritaient d&rsquo;avoir un prix\u00a0! Bref, \u201cla journ\u00e9e du conte\u201d\u00e9tait la meilleure journ\u00e9e de toute mon ann\u00e9e scolaire de 6\u00e8me. \u201c<br \/>\n<strong><em>Francylia, \u00e9l\u00e8ve de 6\u00e8me<\/em><\/strong><\/p>\n<p>\u201cPour la journ\u00e9e du conte, on s&rsquo;est bien amus\u00e9. En plus, j&rsquo;ai gagn\u00e9 la 3\u00e8me place et aussi notre groupe a gagn\u00e9 le meilleur conte. On a eu un journal intime et moi j&rsquo;ai eu un jeu de questions sur les animaux. M\u00eame si notre groupe n&rsquo;a pas gagn\u00e9 tous les ateliers, on s&rsquo;est d\u00e9brouill\u00e9. Le d\u00e9guisement de Mme Siracuse \u00e9tait super beau. A la fin, on a fait un diaporama avec toutes les photos. C&rsquo;\u00e9tait tr\u00e8s amusant, un grand merci \u00e0 Mme Siracuse\u00a0! Trop cool cette journ\u00e9e, la plus belle des journ\u00e9es, un grand merci\u00a0!<br \/>\n<strong><em>Stychana, \u00e9l\u00e8ve de 6\u00e8me<\/em><\/strong><\/p>\n<p>\u201cJ&rsquo;ai aim\u00e9 les d\u00e9guisements des enfants, ils ont tr\u00e8s bien jou\u00e9 le jeu, c&rsquo;\u00e9tait la plus belle journ\u00e9e \u00e0 l&rsquo;\u00e9cole. Quand on passera en 5\u00e8me, j&rsquo;aimerais bien refaire une journ\u00e9e comme celle-l\u00e0. J&rsquo;ai bien aim\u00e9 le moment o\u00f9 on m&rsquo;a \u00e9lue \u00e0 la 2\u00e8me place pour le meilleur d\u00e9guisement. Cette journ\u00e9e m&rsquo;a permis de mieux conna\u00eetre les autres sixi\u00e8mes, donc merci beaucoup\u00a0!\u201d<br \/>\n<strong><em>Sarah, \u00e9l\u00e8ve de 6\u00e8me<\/em><\/strong><\/p>\n<p>\u201cJ&rsquo;ai beaucoup aim\u00e9 la journ\u00e9e du conte. J&rsquo;ai aim\u00e9 tous les ateliers, je me suis amus\u00e9, j&rsquo;ai pass\u00e9 des bons moments. Tous les 6\u00e8me \u00e9taient contents de leur journ\u00e9e, on a pass\u00e9 un moment f\u00e9erique\u00a0! J&rsquo;ai \u00e9t\u00e9 fier de moi parce que j&rsquo;ai eu le 1er prix du d\u00e9guisement, tout le monde \u00e9tait content pour moi.\u201d<br \/>\n<strong><em>Anthony, \u00e9l\u00e8ve de 6\u00e8me<\/em><\/strong><\/p>\n<p>J&rsquo;ai fait \u201cl&rsquo;atelier cr\u00e9ation\u201d, cet atelier servait \u00e0 pr\u00e9parer la journ\u00e9e du conte. On a pass\u00e9 beaucoup de bons moments avec tout le monde. On a appris beaucoup de choses. On faisait des roses, on d\u00e9corait l&rsquo;armoire et chaque chose a \u00e9t\u00e9 faite avec le coeur.\u201d<br \/>\n<strong><em>Sidney, \u00e9l\u00e8ve de 5\u00e8me<\/em><\/strong><\/p>\n<p>\u201cJ&rsquo;ai aim\u00e9 faire \u201cl&rsquo;atelier cr\u00e9ation\u201d, c&rsquo;\u00e9tait cool de faire des d\u00e9corations, l&rsquo;ambiance \u00e9tait super donc je crois que \u00e7a nous a fait avancer plus vite. J&rsquo;\u00e9tais motiv\u00e9e pour faire cet atelier pour pr\u00e9parer la journ\u00e9e du conte. C&rsquo;\u00e9tait super joli\u00a0!\u201d<br \/>\n<strong><em>Am\u00e9lie, \u00e9l\u00e8ve de 5\u00e8me<\/em><\/strong><\/p>\n<h1>LA JOURNEE DU CONTE VECUE PAR LES ELEVES D\u2019ULIS<\/h1>\n<p>Pour cette journ\u00e9e conte, j&rsquo;avais le pus beau d\u00e9guisement, mais dommage je n&rsquo;ai pas eu le 1er prix<\/p>\n<p>Mes moments pr\u00e9f\u00e9r\u00e9s:<br \/>\n&#8211; Les jeux dans les ateliers<br \/>\n&#8211; Le d\u00e9fil\u00e9 dans la salle polyvalente.<\/p>\n<p>J\u2019aimerais bien refaire une journ\u00e9e comme \u00e7a. C\u2019\u00e9tait vraiment super\u00a0!<\/p>\n<p><em><strong>Adrien<\/strong><\/em><\/p>\n<hr \/>\n<p>Cette journ\u00e9e du conte \u00e9tait vraiment chouette. On a fait beaucoup de nouveaux jeux.<\/p>\n<p>On a parfois gagn\u00e9, parfois perdu mais c\u2019\u00e9tait tr\u00e8s plaisant de partager et d\u2019\u00e9changer avec les\u00a0autres \u00e9l\u00e8ves de sixi\u00e8me.<br \/>\nDans mon groupe il y avait Anthony, Adriana, Nigel, Jordan. Ils \u00e9taient tr\u00e8s sympathiques.<\/p>\n<p>On a \u00e9crit un conte mais dommage on n\u2019a pas gagn\u00e9. L\u2019ann\u00e9e prochaine j&rsquo;esp\u00e8re qu\u2019on aura un cadeau.<\/p>\n<p><em><strong>Immrane<\/strong><\/em><\/p>\n<hr \/>\n<p>&nbsp;<\/p>\n<p>Tous les \u00e9l\u00e8ves de 6\u00e8me \u00e9taient d\u00e9guis\u00e9s en personnages de conte. Moi, j&rsquo;\u00e9tais une sorci\u00e8re\u00a0avec une longue robe noire, un chapeau pointu et un balai.\u00a0Ma robe et mon chapeau, je les ai confectionn\u00e9s en ULIS. Le balai, c\u2019est M. Dalleau qui m\u2019a\u00a0pr\u00eat\u00e9 pour la journ\u00e9e.<\/p>\n<p>C&rsquo;\u00e9tait une tr\u00e8s belle journ\u00e9e. Mon moment pr\u00e9f\u00e9r\u00e9 c&rsquo;\u00e9tait le d\u00e9fil\u00e9 de costumes dans la salle<\/p>\n<p><em><strong>Isma\u00ebl<\/strong><\/em><\/p>\n<hr \/>\n<p>&nbsp;<\/p>\n<p>La journ\u00e9e du conte \u00e9tait chouette parce qu&rsquo;il y avait de nouveaux jeux que je ne connaissais pas.<br \/>\nLa salle B10 \u00e9tait f\u00e9erique, tr\u00e8s bien d\u00e9cor\u00e9e\u00a0!<\/p>\n<p>On passait dans chaque classe du b\u00e2timent B pour faire les jeux , \u00e7a j&rsquo;ai beaucoup aim\u00e9.<br \/>\nJ&rsquo;ai aussi bien aim\u00e9 l&rsquo;atelier \u00abdessiner c&rsquo;est gagner\u00bb avec madame F\u00e9lix et \u00e9galement les jeux.\u00a0L\u2019apr\u00e8s midi avec mon groupe, nous avons \u00e9crit un conte.<\/p>\n<p>Puis, nous sommes all\u00e9s dans la\u00a0salle polyvalente o\u00f9 nous avons vu toutes les photos de la journ\u00e9e. Ensuite il y a eu l&rsquo;\u00e9lection\u00a0des costumes. Et enfin la remise des prix. J&rsquo;ai \u00e9t\u00e9 s\u00e9lectionn\u00e9 par les adultes pour mon\u00a0costume mais malheureusement pas par les d\u00e9l\u00e9gu\u00e9s des classes. Peut-\u00eatre l&rsquo;ann\u00e9e prochaine\u00a0?<\/p>\n<p><em><strong>Lucas<\/strong><\/em><\/p>\n<p>___________________________________________________________________________<\/p>\n<p>J&rsquo;ai pris beaucoup de plaisir \u00e0 confectionner mon costume avec la machine \u00e0 coudre dans la\u00a0salle ULIS, \u00e0 fabriquer mon crochet puisque j\u2019\u00e9tais le capitaine Crochet.\u00a0J\u2019ai aim\u00e9 quand on s&rsquo;est d\u00e9guis\u00e9, quand on a d\u00e9fil\u00e9. Les jeux propos\u00e9s m&rsquo;ont beaucoup plu,\u00a0c&rsquo;\u00e9tait chouette de pouvoir choisir les personnages de notre conte.<\/p>\n<p>J&rsquo;aimerais bien recommencer, cette fois-ci j&rsquo;essaierai de gagner le premier prix du conte.<\/p>\n<p><em><strong>Mateo<\/strong><\/em><\/p>\n<hr \/>\n<p>&nbsp;<\/p>\n<p>J\u2019\u00e9tais dans la peau d\u2019un ours pour une journ\u00e9e\u00a0! Cette peau, je l\u2019ai fabriqu\u00e9e en ulis, avec la\u00a0machine \u00e0 coudre de M. Aur\u00e9lien et du tissu qu\u2019on est all\u00e9 acheter chez Ravate Tissu avec\u00a0tous les \u00e9l\u00e8ves d\u2019ULIS. La vendeuse m\u2019a m\u00eame laiss\u00e9 mesurer le tissu avec son m\u00e8tre en bois.<\/p>\n<p>La journ\u00e9e du conte, c\u2019\u00e9tait un moment vraiment super.\u00a0J&rsquo;ai particip\u00e9 avec mon groupe \u00e0 des jeux d&rsquo;adresse, de dessins, qui nous a permis d&rsquo;avoir des\u00a0\u00e9l\u00e9ments pour \u00e9crire notre conte.<\/p>\n<p>Nous n\u2019avons pas eu le premier prix mais notre conte \u00e9tait bien quand m\u00eame\u00a0!<\/p>\n<p><em><strong>NASSER<\/strong><\/em><\/p>\n[easyembed field=\u00a0\u00bbchanger_fond\u00a0\u00bb]\n","protected":false},"excerpt":{"rendered":"<p>\u201cCONTE D\u2019UNE JOURNEE EXTRAORDINAIRE !!!<br \/>\nExtra, exceptionnel, fabuleux,\u2026. cette journ\u00e9e d\u00e9di\u00e9e \u00e0 la cr\u00e9ativit\u00e9, \u00e0 l\u2019imaginaire !<\/p>\n<p class=\"continue-reading-button\"> <a class=\"continue-reading-link\" href=\"https:\/\/etab.ac-reunion.fr\/clg-tamarins\/la-journee-du-conte-commentaires\/\">Continuer \u00e0 lire<i class=\"crycon-right-dir\"><\/i><\/a><\/p>\n","protected":false},"author":3694,"featured_media":3563,"comment_status":"closed","ping_status":"closed","sticky":false,"template":"","format":"standard","meta":{"footnotes":""},"categories":[250],"tags":[251],"class_list":["post-3380","post","type-post","status-publish","format-standard","has-post-thumbnail","hentry","category-francais","tag-journee-du-conte"],"_links":{"self":[{"href":"https:\/\/etab.ac-reunion.fr\/clg-tamarins\/wp-json\/wp\/v2\/posts\/3380","targetHints":{"allow":["GET"]}}],"collection":[{"href":"https:\/\/etab.ac-reunion.fr\/clg-tamarins\/wp-json\/wp\/v2\/posts"}],"about":[{"href":"https:\/\/etab.ac-reunion.fr\/clg-tamarins\/wp-json\/wp\/v2\/types\/post"}],"author":[{"embeddable":true,"href":"https:\/\/etab.ac-reunion.fr\/clg-tamarins\/wp-json\/wp\/v2\/users\/3694"}],"replies":[{"embeddable":true,"href":"https:\/\/etab.ac-reunion.fr\/clg-tamarins\/wp-json\/wp\/v2\/comments?post=3380"}],"version-history":[{"count":10,"href":"https:\/\/etab.ac-reunion.fr\/clg-tamarins\/wp-json\/wp\/v2\/posts\/3380\/revisions"}],"predecessor-version":[{"id":3907,"href":"https:\/\/etab.ac-reunion.fr\/clg-tamarins\/wp-json\/wp\/v2\/posts\/3380\/revisions\/3907"}],"wp:featuredmedia":[{"embeddable":true,"href":"https:\/\/etab.ac-reunion.fr\/clg-tamarins\/wp-json\/wp\/v2\/media\/3563"}],"wp:attachment":[{"href":"https:\/\/etab.ac-reunion.fr\/clg-tamarins\/wp-json\/wp\/v2\/media?parent=3380"}],"wp:term":[{"taxonomy":"category","embeddable":true,"href":"https:\/\/etab.ac-reunion.fr\/clg-tamarins\/wp-json\/wp\/v2\/categories?post=3380"},{"taxonomy":"post_tag","embeddable":true,"href":"https:\/\/etab.ac-reunion.fr\/clg-tamarins\/wp-json\/wp\/v2\/tags?post=3380"}],"curies":[{"name":"wp","href":"https:\/\/api.w.org\/{rel}","templated":true}]}}