{"id":3891,"date":"2015-04-14T07:38:26","date_gmt":"2015-04-14T03:38:26","guid":{"rendered":"http:\/\/college-les-tamarins.ac-reunion.fr\/?p=3891"},"modified":"2015-04-20T08:13:06","modified_gmt":"2015-04-20T04:13:06","slug":"rencontre-avec-les-oiseaux-endemiques-aux-makes","status":"publish","type":"post","link":"https:\/\/etab.ac-reunion.fr\/clg-tamarins\/rencontre-avec-les-oiseaux-endemiques-aux-makes\/","title":{"rendered":"Rencontre avec les oiseaux end\u00e9miques, aux Makes"},"content":{"rendered":"<h1>La 6\u00e8me cannelle a rendez-vous avec les oiseaux.<\/h1>\n<p><strong>\u00a0<\/strong>\u00a0Dans le cadre de la d\u00e9couverte du patrimoine naturel r\u00e9unionnais, la 6e cannelle se retrouva, ce vendredi 6 mars, dans <strong>la for\u00eat des Makes.<\/strong><\/p>\n<p>Manon, une jeune passionn\u00e9e de la SEOR (<a href=\"http:\/\/www.seor.fr\/\">soci\u00e9t\u00e9 d&rsquo;\u00e9tudes ornithologiques de la R\u00e9union<\/a>) et son stagiaire firent d\u00e9couvrir aux \u00e9l\u00e8ves les petits <strong>oiseaux forestiers, end\u00e9miques <\/strong>de notre \u00eele&#8230; et tous les autres naturellement.<\/p>\n<p>Il y avait, d&rsquo;apr\u00e8s <em>Chyna, <\/em>\u00ab\u00a0<a href=\"http:\/\/www.seor.fr\/fiche_oiseau.php?id=5\" target=\"_blank\">le zoizeau vert<\/a>, <a href=\"http:\/\/www.seor.fr\/fiche_oiseau.php?id=4\" target=\"_blank\">zoiseau blanc<\/a>,<a href=\"http:\/\/www.seor.fr\/fiche_oiseau.php?id=2\" target=\"_blank\"> le papangue<\/a>, <a href=\"http:\/\/www.seor.fr\/fiche_oiseau.php?id=29\" target=\"_blank\">le cardinal<\/a>, <a href=\"http:\/\/www.seor.fr\/fiche_oiseau.php?id=10\" target=\"_blank\">oiseau la vierge<\/a>, <a href=\"http:\/\/www.seor.fr\/fiche_oiseau.php?id=9\" target=\"_blank\">le tec-tec<\/a>,<a href=\"http:\/\/www.seor.fr\/fiche_oiseau.php?id=1\" target=\"_blank\"> le merle pays<\/a>,<a href=\"http:\/\/www.seor.fr\/fiche_oiseau.php?id=23\" target=\"_blank\"> le merle de Maurice<\/a>\u00ab\u00a0.<\/p>\n<p>Les animateurs \u00e9taient<\/p>\n<p>&#8211; \u00ab\u00a0Tr\u00e8s gentils\u00a0\u00bb (<em>Francylia)<br \/>\n<\/em>&#8211; \u00ab\u00a0Ils expliquent tr\u00e8s bien\u00a0\u00bb (<em>Taha)<br \/>\n<\/em>&#8211; \u00ab\u00a0On les a trouv\u00e9 cool et un peu s\u00e9v\u00e8re&#8230;\u00a0\u00bb (<em>Sarah)<\/em><\/p>\n<p><em>\u00a0 <\/em>Les conditions m\u00e9t\u00e9o n&rsquo;\u00e9taient h\u00e9las, pas au top et les sentiers, assez boueux. Cela a compliqu\u00e9 notre approche soi-disant silencieuse !<br \/>\nMais formateur !<\/p>\n<p><em>M\u00e9gane:<\/em> \u00ab\u00a0J&rsquo;ai appris qu&rsquo;il faut faire silence\u00a0\u00bb.<br \/>\n<em>Sarah:\u00a0 \u00ab\u00a0C<\/em>e qui m&rsquo;a g\u00ean\u00e9 le plus ?\u00a0\u00bb \u00ab\u00a0le bruit des \u00e9l\u00e8ves dans la for\u00eat\u00a0\u00bb.<\/p>\n<p>A la fin, nous avons s\u00e9par\u00e9 la classe en 2 et les plus motiv\u00e9s sont rest\u00e9s avec Manon, alors que les plus fatigu\u00e9s sont repartis avec M. Rabouille observer la nature depuis l&rsquo;aire am\u00e9nag\u00e9e du parking.<\/p>\n<p>La for\u00eat des Makes, inscrite dans le <strong>Parc National, <\/strong>est jolie mais quand m\u00eame bien envahie de Longoses, plantes envahissantes. Les oiseaux, ce jour-l\u00e0, n&rsquo;\u00e9taient pas tr\u00e8s facile \u00e0 voir.<\/p>\n<p>Le retour en bus fut tout aussi spectaculaire qu&rsquo;\u00e0 l&rsquo;aller: route serr\u00e9e sur de grandioses ravines&#8230;<\/p>\n<h3>\u00a0<strong>Qu&rsquo;est ce qui m&rsquo;a le plus marqu\u00e9 pendant cette sortie ?<\/strong><\/h3>\n<p>&#8211; \u00ab\u00a0Le paysage de la for\u00eat, et le chant des oiseaux\u00a0\u00bb. (<em>Francylia)<br \/>\n<\/em>&#8211; \u00ab\u00a0Le voyage en bus\u00a0\u00bb (<em>Marine)<br \/>\n<\/em>&#8211; \u00ab\u00a0Le chant des oiseaux, particuli\u00e8rement celui du Merle pays, celui qui ressemble \u00e0 un chat\u00a0\u00bb (<em>M\u00e9lissa)<br \/>\n<\/em>&#8211; \u00ab\u00a0L&rsquo;Affouche et le Papangue\u00a0\u00bb (<em>Ya\u00eal)<br \/>\n<\/em>&#8211; \u00ab\u00a0C&rsquo;est quand on tombe dans la boue\u00a0\u00bb (<em>Sarah)<br \/>\n<\/em>&#8211; \u00ab\u00a0Quand on a go\u00fbt\u00e9 le nectar\u00a0\u00bb &#8230;<\/p>\n<h1>Les photos !<\/h1>\n<div class=\"su-custom-gallery su-custom-gallery-align-left su-custom-gallery-title-never su-lightbox-gallery\"><div class=\"su-custom-gallery-slide\" style=\"width:150px;height:150px\"><a href=\"https:\/\/etab.ac-reunion.fr\/clg-tamarins\/wp-content\/uploads\/sites\/56\/2015\/04\/ART-MAKES-2015-1.jpg\" title=\"ART-MAKES-2015-1\"><img loading=\"lazy\" decoding=\"async\" src=\"https:\/\/etab.ac-reunion.fr\/clg-tamarins\/wp-content\/uploads\/sites\/56\/2015\/04\/ART-MAKES-2015-1.jpg\" alt=\"ART-MAKES-2015-1\" width=\"150\" height=\"150\" \/><span class=\"su-custom-gallery-title\">ART-MAKES-2015-1<\/span><\/a><\/div><div class=\"su-custom-gallery-slide\" style=\"width:150px;height:150px\"><a href=\"https:\/\/etab.ac-reunion.fr\/clg-tamarins\/wp-content\/uploads\/sites\/56\/2015\/04\/ART-MAKES-2015-2.jpg\" title=\"ART-MAKES-2015-2\"><img loading=\"lazy\" decoding=\"async\" src=\"https:\/\/etab.ac-reunion.fr\/clg-tamarins\/wp-content\/uploads\/sites\/56\/2015\/04\/ART-MAKES-2015-2.jpg\" alt=\"ART-MAKES-2015-2\" width=\"150\" height=\"150\" \/><span class=\"su-custom-gallery-title\">ART-MAKES-2015-2<\/span><\/a><\/div><div class=\"su-custom-gallery-slide\" style=\"width:150px;height:150px\"><a href=\"https:\/\/etab.ac-reunion.fr\/clg-tamarins\/wp-content\/uploads\/sites\/56\/2015\/04\/ART-MAKES-2015-3.jpg\" title=\"ART-MAKES-2015-3\"><img loading=\"lazy\" decoding=\"async\" src=\"https:\/\/etab.ac-reunion.fr\/clg-tamarins\/wp-content\/uploads\/sites\/56\/2015\/04\/ART-MAKES-2015-3.jpg\" alt=\"ART-MAKES-2015-3\" width=\"150\" height=\"150\" \/><span class=\"su-custom-gallery-title\">ART-MAKES-2015-3<\/span><\/a><\/div><div class=\"su-custom-gallery-slide\" style=\"width:150px;height:150px\"><a href=\"https:\/\/etab.ac-reunion.fr\/clg-tamarins\/wp-content\/uploads\/sites\/56\/2015\/04\/ART-MAKES-2015-5.jpg\" title=\"ART-MAKES-2015-5\"><img loading=\"lazy\" decoding=\"async\" src=\"https:\/\/etab.ac-reunion.fr\/clg-tamarins\/wp-content\/uploads\/sites\/56\/2015\/04\/ART-MAKES-2015-5.jpg\" alt=\"ART-MAKES-2015-5\" width=\"150\" height=\"150\" \/><span class=\"su-custom-gallery-title\">ART-MAKES-2015-5<\/span><\/a><\/div><div class=\"su-custom-gallery-slide\" style=\"width:150px;height:150px\"><a href=\"https:\/\/etab.ac-reunion.fr\/clg-tamarins\/wp-content\/uploads\/sites\/56\/2015\/04\/ART-MAKES-2015-4.jpg\" title=\"ART-MAKES-2015-4\"><img loading=\"lazy\" decoding=\"async\" src=\"https:\/\/etab.ac-reunion.fr\/clg-tamarins\/wp-content\/uploads\/sites\/56\/2015\/04\/ART-MAKES-2015-4.jpg\" alt=\"ART-MAKES-2015-4\" width=\"150\" height=\"150\" \/><span class=\"su-custom-gallery-title\">ART-MAKES-2015-4<\/span><\/a><\/div><div class=\"su-custom-gallery-slide\" style=\"width:150px;height:150px\"><a href=\"https:\/\/etab.ac-reunion.fr\/clg-tamarins\/wp-content\/uploads\/sites\/56\/2015\/04\/ART-MAKES-2015-6.jpg\" title=\"ART-MAKES-2015-6\"><img loading=\"lazy\" decoding=\"async\" src=\"https:\/\/etab.ac-reunion.fr\/clg-tamarins\/wp-content\/uploads\/sites\/56\/2015\/04\/ART-MAKES-2015-6.jpg\" alt=\"ART-MAKES-2015-6\" width=\"150\" height=\"150\" \/><span class=\"su-custom-gallery-title\">ART-MAKES-2015-6<\/span><\/a><\/div><div class=\"su-custom-gallery-slide\" style=\"width:150px;height:150px\"><a href=\"https:\/\/etab.ac-reunion.fr\/clg-tamarins\/wp-content\/uploads\/sites\/56\/2015\/04\/ART-MAKES-2015-7.jpg\" title=\"ART-MAKES-2015-7\"><img loading=\"lazy\" decoding=\"async\" src=\"https:\/\/etab.ac-reunion.fr\/clg-tamarins\/wp-content\/uploads\/sites\/56\/2015\/04\/ART-MAKES-2015-7.jpg\" alt=\"ART-MAKES-2015-7\" width=\"150\" height=\"150\" \/><span class=\"su-custom-gallery-title\">ART-MAKES-2015-7<\/span><\/a><\/div><div class=\"su-custom-gallery-slide\" style=\"width:150px;height:150px\"><a href=\"https:\/\/etab.ac-reunion.fr\/clg-tamarins\/wp-content\/uploads\/sites\/56\/2015\/04\/ART-MAKES-2015-8.jpg\" title=\"ART-MAKES-2015-8\"><img loading=\"lazy\" decoding=\"async\" src=\"https:\/\/etab.ac-reunion.fr\/clg-tamarins\/wp-content\/uploads\/sites\/56\/2015\/04\/ART-MAKES-2015-8.jpg\" alt=\"ART-MAKES-2015-8\" width=\"150\" height=\"150\" \/><span class=\"su-custom-gallery-title\">ART-MAKES-2015-8<\/span><\/a><\/div><div class=\"su-custom-gallery-slide\" style=\"width:150px;height:150px\"><a href=\"https:\/\/etab.ac-reunion.fr\/clg-tamarins\/wp-content\/uploads\/sites\/56\/2015\/04\/ART-MAKES-2015-9.jpg\" title=\"ART-MAKES-2015-9\"><img loading=\"lazy\" decoding=\"async\" src=\"https:\/\/etab.ac-reunion.fr\/clg-tamarins\/wp-content\/uploads\/sites\/56\/2015\/04\/ART-MAKES-2015-9.jpg\" alt=\"ART-MAKES-2015-9\" width=\"150\" height=\"150\" \/><span class=\"su-custom-gallery-title\">ART-MAKES-2015-9<\/span><\/a><\/div><div class=\"su-clear\"><\/div><\/div>\n","protected":false},"excerpt":{"rendered":"<p>La 6\u00e8me cannelle a rendez-vous avec les oiseaux. \u00a0\u00a0Dans le cadre de la d\u00e9couverte du patrimoine naturel r\u00e9unionnais, la 6e cannelle se retrouva, ce vendredi 6 mars, dans la for\u00eat des Makes. Manon, une jeune passionn\u00e9e de la SEOR (soci\u00e9t\u00e9 d&rsquo;\u00e9tudes ornithologiques de la R\u00e9union) et son stagiaire firent d\u00e9couvrir\u2026<\/p>\n<p class=\"continue-reading-button\"> <a class=\"continue-reading-link\" href=\"https:\/\/etab.ac-reunion.fr\/clg-tamarins\/rencontre-avec-les-oiseaux-endemiques-aux-makes\/\">Continuer \u00e0 lire<i class=\"crycon-right-dir\"><\/i><\/a><\/p>\n","protected":false},"author":912,"featured_media":3896,"comment_status":"closed","ping_status":"closed","sticky":false,"template":"","format":"standard","meta":{"footnotes":""},"categories":[253,89,107,254,273],"tags":[],"class_list":["post-3891","post","type-post","status-publish","format-standard","has-post-thumbnail","hentry","category-6eme-canelle","category-developpement-durable","category-histoire-geographie","category-oiseaux-de-la-reunion","category-sorties"],"_links":{"self":[{"href":"https:\/\/etab.ac-reunion.fr\/clg-tamarins\/wp-json\/wp\/v2\/posts\/3891","targetHints":{"allow":["GET"]}}],"collection":[{"href":"https:\/\/etab.ac-reunion.fr\/clg-tamarins\/wp-json\/wp\/v2\/posts"}],"about":[{"href":"https:\/\/etab.ac-reunion.fr\/clg-tamarins\/wp-json\/wp\/v2\/types\/post"}],"author":[{"embeddable":true,"href":"https:\/\/etab.ac-reunion.fr\/clg-tamarins\/wp-json\/wp\/v2\/users\/912"}],"replies":[{"embeddable":true,"href":"https:\/\/etab.ac-reunion.fr\/clg-tamarins\/wp-json\/wp\/v2\/comments?post=3891"}],"version-history":[{"count":8,"href":"https:\/\/etab.ac-reunion.fr\/clg-tamarins\/wp-json\/wp\/v2\/posts\/3891\/revisions"}],"predecessor-version":[{"id":3916,"href":"https:\/\/etab.ac-reunion.fr\/clg-tamarins\/wp-json\/wp\/v2\/posts\/3891\/revisions\/3916"}],"wp:featuredmedia":[{"embeddable":true,"href":"https:\/\/etab.ac-reunion.fr\/clg-tamarins\/wp-json\/wp\/v2\/media\/3896"}],"wp:attachment":[{"href":"https:\/\/etab.ac-reunion.fr\/clg-tamarins\/wp-json\/wp\/v2\/media?parent=3891"}],"wp:term":[{"taxonomy":"category","embeddable":true,"href":"https:\/\/etab.ac-reunion.fr\/clg-tamarins\/wp-json\/wp\/v2\/categories?post=3891"},{"taxonomy":"post_tag","embeddable":true,"href":"https:\/\/etab.ac-reunion.fr\/clg-tamarins\/wp-json\/wp\/v2\/tags?post=3891"}],"curies":[{"name":"wp","href":"https:\/\/api.w.org\/{rel}","templated":true}]}}