{"id":3910,"date":"2015-07-07T12:36:49","date_gmt":"2015-07-07T08:36:49","guid":{"rendered":"http:\/\/college-les-tamarins.ac-reunion.fr\/?p=3910"},"modified":"2018-04-05T10:21:20","modified_gmt":"2018-04-05T06:21:20","slug":"semaine-de-la-presse-2015","status":"publish","type":"post","link":"https:\/\/etab.ac-reunion.fr\/clg-tamarins\/semaine-de-la-presse-2015\/","title":{"rendered":"SEMAINE DE LA PRESSE\u00a02015"},"content":{"rendered":"<h1 align=\"CENTER\"><b>VISITE DU QUOTIDIEN DE LA REUNION ET DE ROTOCEAN<\/b><\/h1>\n<p><img decoding=\"async\" class=\" aligncenter\" src=\"https:\/\/etab.ac-reunion.fr\/clg-tamarins\/wp-content\/uploads\/sites\/56\/2015\/04\/ART-SDLP-QUOTIDIEN-04-2015-18.jpg\" alt=\"\" width=\"100%\" height=\"100%\" \/><\/p>\n<p>&nbsp;<\/p>\n<p align=\"JUSTIFY\"><span style=\"font-family: 'Times New Roman', serif\"><span style=\"font-size: large\">\u00ab\u00a0Le jeudi 2 avril 2015, ma classe la 4Hibisus et les \u00e9l\u00e8ves de l&rsquo;UPE2A avons visit\u00e9 les locaux du Quotidien de la R\u00e9union et de Rotoc\u00e9an. Cette sortie a \u00e9t\u00e9 organis\u00e9e par Mme FELIX ; Mme ETHEVE et Mme DINNEWIL nous ont \u00e9galement accompagn\u00e9es.<\/span><\/span><\/p>\n<p align=\"JUSTIFY\"><span style=\"font-family: 'Times New Roman', serif\"><span style=\"font-size: large\">Nous avons ainsi d\u00e9couvert les diff\u00e9rents espaces de travail\u00a0: <\/span><\/span><\/p>\n<p align=\"JUSTIFY\"><span style=\"font-family: 'Times New Roman', serif\"><span style=\"font-size: large\">&#8211; l&rsquo;accueil o\u00f9 se trouve le standard t\u00e9l\u00e9phonique et o\u00f9 se d\u00e9posent les petites annonces\u00a0;<\/span><\/span><\/p>\n<p align=\"JUSTIFY\"><span style=\"font-family: 'Times New Roman', serif\"><span style=\"font-size: large\">&#8211; la salle des clavistes, des infographistes, des moniteurs et des maquettistes\u00a0;<\/span><\/span><\/p>\n<p align=\"JUSTIFY\"><span style=\"font-family: 'Times New Roman', serif\"><span style=\"font-size: large\">&#8211; la salle de r\u00e9daction o\u00f9 travaillent les secr\u00e9taires de r\u00e9daction, les r\u00e9dacteurs, les photographes et le r\u00e9dacteur en chef\u00a0;<\/span><\/span><\/p>\n<p align=\"JUSTIFY\"><span style=\"font-family: 'Times New Roman', serif\"><span style=\"font-size: large\">L&rsquo;imprimerie o\u00f9 nous avons pu voir les rotatives d&rsquo;impression feuille \u00e0 feuille et d\u00e9couvrir les m\u00e9tiers de l&rsquo;impression.<\/span><\/span><\/p>\n<p align=\"JUSTIFY\"><span style=\"font-family: 'Times New Roman', serif\"><span style=\"font-size: large\">Ensuite, nous avons pique-niqu\u00e9 dans le parc de Bois Madame \u00e0 Sainte-Marie.<\/span><\/span><\/p>\n<p align=\"JUSTIFY\"><span style=\"font-family: 'Times New Roman', serif\"><span style=\"font-size: large\">L&rsquo;apr\u00e8s-midi, nous avons visit\u00e9 Rotoc\u00e9an qui est une imprimerie num\u00e9rique. Elle imprime un certain nombre de journaux nationaux tels que <i>Le Monde<\/i> ou encore <i>Le Figaro.<\/i><\/span><\/span><\/p>\n<p align=\"JUSTIFY\"><span style=\"font-family: 'Times New Roman', serif\"><span style=\"font-size: large\">Dans cette sortie, j&rsquo;ai appris que \u00able QUOTIDIEN\u00bb existe depuis 39 ans, qu&rsquo;il y a des journalistes qui travaillent le jour et d&rsquo;autres la nuit, qu&rsquo;il faut 24 heures pour \u00e9crire un journal et plein d&rsquo;autres choses. <\/span><\/span><\/p>\n<p align=\"JUSTIFY\"><span style=\"font-family: 'Times New Roman', serif\"><span style=\"font-size: large\">Ce que j&rsquo;ai surtout aim\u00e9 c&rsquo;est la pause du midi dans le parc parce qu&rsquo;il y avait des jeux et nous avons jou\u00e9 comme si nous \u00e9tions des petits enfants =D.\u00a0\u00bb<\/span><\/span><\/p>\n<h3 style=\"text-align: right\" align=\"JUSTIFY\"><span style=\"font-family: 'Times New Roman', serif\"><span style=\"font-size: large\">Maimouna MROUDJAE, 4hib<\/span><\/span><\/h3>\n<h1 style=\"text-align: center\" align=\"JUSTIFY\">Les photos de la visite au Quotidien<\/h1>\n<h2 style=\"text-align: center\">Hall d&rsquo;entr\u00e9e<\/h2>\n<p align=\"JUSTIFY\">\u00a0<img decoding=\"async\" src=\"https:\/\/etab.ac-reunion.fr\/clg-tamarins\/wp-content\/uploads\/sites\/56\/2015\/04\/ART-SDLP-QUOTIDIEN-04-2015-9.jpg\" alt=\"Hall d'entr\u00e9e du quotidien\" width=\"100%\" height=\"100%\" \/><\/p>\n<h2 style=\"text-align: center\">Le premier num\u00e9ro du quotidien date de septembre 1976<\/h2>\n<p align=\"JUSTIFY\">\u00a0<img decoding=\"async\" src=\"https:\/\/etab.ac-reunion.fr\/clg-tamarins\/wp-content\/uploads\/sites\/56\/2015\/04\/ART-SDLP-QUOTIDIEN-04-2015-10.jpg\" alt=\"Hall d'entr\u00e9e du quotidien\" width=\"100%\" height=\"100%\" \/><\/p>\n<h2 style=\"text-align: center\">d\u00e9couverte du m\u00e9tier de claviste<\/h2>\n<p align=\"JUSTIFY\">\u00a0<img decoding=\"async\" src=\"https:\/\/etab.ac-reunion.fr\/clg-tamarins\/wp-content\/uploads\/sites\/56\/2015\/04\/ART-SDLP-QUOTIDIEN-04-2015-11.jpg\" alt=\"Hall d'entr\u00e9e du quotidien\" width=\"100%\" height=\"100%\" \/><\/p>\n<p align=\"JUSTIFY\">\u00a0<img decoding=\"async\" src=\"https:\/\/etab.ac-reunion.fr\/clg-tamarins\/wp-content\/uploads\/sites\/56\/2015\/04\/ART-SDLP-QUOTIDIEN-04-2015-12.jpg\" alt=\"Hall d'entr\u00e9e du quotidien\" width=\"100%\" height=\"100%\" \/><\/p>\n<h2 style=\"text-align: center\">d\u00e9couverte de la salle de r\u00e9daction et des diff\u00e9rents m\u00e9tiers:<\/h2>\n<p align=\"JUSTIFY\">\u00a0<img decoding=\"async\" src=\"https:\/\/etab.ac-reunion.fr\/clg-tamarins\/wp-content\/uploads\/sites\/56\/2015\/04\/ART-SDLP-QUOTIDIEN-04-2015-13.jpg\" alt=\"Hall d'entr\u00e9e du quotidien\" width=\"100%\" height=\"100%\" \/><\/p>\n<h2 style=\"text-align: center\">le photographe<\/h2>\n<p align=\"JUSTIFY\">\u00a0<img decoding=\"async\" src=\"https:\/\/etab.ac-reunion.fr\/clg-tamarins\/wp-content\/uploads\/sites\/56\/2015\/04\/ART-SDLP-QUOTIDIEN-04-2015-14.jpg\" alt=\"Hall d'entr\u00e9e du quotidien\" width=\"100%\" height=\"100%\" \/><\/p>\n<h2 style=\"text-align: center\">Le chemin de fer de la secr\u00e9taire de r\u00e9daction<\/h2>\n<p align=\"JUSTIFY\">\u00a0<img decoding=\"async\" src=\"https:\/\/etab.ac-reunion.fr\/clg-tamarins\/wp-content\/uploads\/sites\/56\/2015\/04\/ART-SDLP-QUOTIDIEN-04-2015-15.jpg\" alt=\"Hall d'entr\u00e9e du quotidien\" width=\"100%\" height=\"100%\" \/><\/p>\n<h2 style=\"text-align: center\">s\u00e9lection des articles de l&rsquo;AFP (agence France Press)<\/h2>\n<p align=\"JUSTIFY\">\u00a0<img decoding=\"async\" src=\"https:\/\/etab.ac-reunion.fr\/clg-tamarins\/wp-content\/uploads\/sites\/56\/2015\/04\/ART-SDLP-QUOTIDIEN-04-2015-16.jpg\" alt=\"Hall d'entr\u00e9e du quotidien\" width=\"100%\" height=\"100%\" \/><\/p>\n<h2 style=\"text-align: center\">Marie attentive<\/h2>\n<p align=\"JUSTIFY\">\u00a0<img decoding=\"async\" src=\"https:\/\/etab.ac-reunion.fr\/clg-tamarins\/wp-content\/uploads\/sites\/56\/2015\/04\/ART-SDLP-QUOTIDIEN-04-2015-17.jpg\" alt=\"Hall d'entr\u00e9e du quotidien\" width=\"100%\" height=\"100%\" \/><\/p>\n<h2 style=\"text-align: center\">les \u00e9normes rouleaux de papiers pour les rotatives<\/h2>\n<p align=\"JUSTIFY\">\u00a0<img decoding=\"async\" src=\"https:\/\/etab.ac-reunion.fr\/clg-tamarins\/wp-content\/uploads\/sites\/56\/2015\/04\/ART-SDLP-QUOTIDIEN-04-2015-1.jpg\" alt=\"Hall d'entr\u00e9e du quotidien\" width=\"100%\" height=\"100%\" \/><\/p>\n<h2 style=\"text-align: center\">les \u00e9tapes de l&rsquo;impression feuille \u00e0 feuille , les machines<\/h2>\n<p align=\"JUSTIFY\">\u00a0<img decoding=\"async\" src=\"https:\/\/etab.ac-reunion.fr\/clg-tamarins\/wp-content\/uploads\/sites\/56\/2015\/04\/ART-SDLP-QUOTIDIEN-04-2015-2.jpg\" alt=\"Hall d'entr\u00e9e du quotidien\" width=\"100%\" height=\"100%\" \/><\/p>\n<p align=\"JUSTIFY\">\u00a0<img decoding=\"async\" src=\"https:\/\/etab.ac-reunion.fr\/clg-tamarins\/wp-content\/uploads\/sites\/56\/2015\/04\/ART-SDLP-QUOTIDIEN-04-2015-3.jpg\" alt=\"Hall d'entr\u00e9e du quotidien\" width=\"100%\" height=\"100%\" \/><\/p>\n<p align=\"JUSTIFY\">\u00a0<img decoding=\"async\" src=\"https:\/\/etab.ac-reunion.fr\/clg-tamarins\/wp-content\/uploads\/sites\/56\/2015\/04\/ART-SDLP-QUOTIDIEN-04-2015-4.jpg\" alt=\"Hall d'entr\u00e9e du quotidien\" width=\"100%\" height=\"100%\" \/><\/p>\n<p align=\"JUSTIFY\">\u00a0<img decoding=\"async\" src=\"https:\/\/etab.ac-reunion.fr\/clg-tamarins\/wp-content\/uploads\/sites\/56\/2015\/04\/ART-SDLP-QUOTIDIEN-04-2015-5.jpg\" alt=\"Hall d'entr\u00e9e du quotidien\" width=\"100%\" height=\"100%\" \/><\/p>\n<p align=\"JUSTIFY\">\u00a0<img decoding=\"async\" src=\"https:\/\/etab.ac-reunion.fr\/clg-tamarins\/wp-content\/uploads\/sites\/56\/2015\/04\/ART-SDLP-QUOTIDIEN-04-2015-6.jpg\" alt=\"Hall d'entr\u00e9e du quotidien\" width=\"100%\" height=\"100%\" \/><\/p>\n<p align=\"JUSTIFY\">\u00a0<img decoding=\"async\" src=\"https:\/\/etab.ac-reunion.fr\/clg-tamarins\/wp-content\/uploads\/sites\/56\/2015\/04\/ART-SDLP-QUOTIDIEN-04-2015-7.jpg\" alt=\"Hall d'entr\u00e9e du quotidien\" width=\"100%\" height=\"100%\" \/><\/p>\n<h1 style=\"text-align: center\" align=\"JUSTIFY\">Les photos de la visite \u00e0 Rotoc\u00e9an<\/h1>\n<h2 style=\"text-align: center\">hall d&rsquo;entr\u00e9e de Rotoc\u00e9an<\/h2>\n<p align=\"JUSTIFY\">\u00a0<img decoding=\"async\" src=\"https:\/\/etab.ac-reunion.fr\/clg-tamarins\/wp-content\/uploads\/sites\/56\/2015\/04\/ART_SDLP_ROTOCEAN_04-2015_7869.jpg\" alt=\"hall d'entr\u00e9e de Rotoc\u00e9an\" width=\"100%\" height=\"100%\" \/><\/p>\n<h2 style=\"text-align: center\">les \u00e9tapes de l&rsquo;impression num\u00e9rique et les machines<\/h2>\n<p align=\"JUSTIFY\">\u00a0<img decoding=\"async\" src=\"https:\/\/etab.ac-reunion.fr\/clg-tamarins\/wp-content\/uploads\/sites\/56\/2015\/04\/ART_SDLP_ROTOCEAN_04-2015_7872.jpg\" alt=\"hall d'entr\u00e9e de Rotoc\u00e9an\" width=\"100%\" height=\"100%\" \/><\/p>\n<p align=\"JUSTIFY\">\u00a0<img decoding=\"async\" src=\"https:\/\/etab.ac-reunion.fr\/clg-tamarins\/wp-content\/uploads\/sites\/56\/2015\/04\/ART_SDLP_ROTOCEAN_04-2015_7874.jpg\" alt=\"hall d'entr\u00e9e de Rotoc\u00e9an\" width=\"100%\" height=\"100%\" \/><\/p>\n<p align=\"JUSTIFY\">\u00a0<img decoding=\"async\" src=\"https:\/\/etab.ac-reunion.fr\/clg-tamarins\/wp-content\/uploads\/sites\/56\/2015\/04\/ART_SDLP_ROTOCEAN_04-2015_7876.jpg\" alt=\"hall d'entr\u00e9e de Rotoc\u00e9an\" width=\"100%\" height=\"100%\" \/><\/p>\n<p align=\"JUSTIFY\">\u00a0<img decoding=\"async\" src=\"https:\/\/etab.ac-reunion.fr\/clg-tamarins\/wp-content\/uploads\/sites\/56\/2015\/04\/ART_SDLP_ROTOCEAN_04-2015_7877.jpg\" alt=\"hall d'entr\u00e9e de Rotoc\u00e9an\" width=\"100%\" height=\"100%\" \/><\/p>\n<p align=\"JUSTIFY\">\u00a0<img decoding=\"async\" src=\"https:\/\/etab.ac-reunion.fr\/clg-tamarins\/wp-content\/uploads\/sites\/56\/2015\/04\/ART_SDLP_ROTOCEAN_04-2015_7878.jpg\" alt=\"hall d'entr\u00e9e de Rotoc\u00e9an\" width=\"100%\" height=\"100%\" \/><\/p>\n<p align=\"JUSTIFY\">\u00a0<img decoding=\"async\" src=\"https:\/\/etab.ac-reunion.fr\/clg-tamarins\/wp-content\/uploads\/sites\/56\/2015\/04\/ART_SDLP_ROTOCEAN_04-2015_7887.jpg\" alt=\"hall d'entr\u00e9e de Rotoc\u00e9an\" width=\"100%\" height=\"100%\" \/><\/p>\n<p align=\"JUSTIFY\">\u00a0<img decoding=\"async\" src=\"https:\/\/etab.ac-reunion.fr\/clg-tamarins\/wp-content\/uploads\/sites\/56\/2015\/04\/ART_SDLP_ROTOCEAN_04-2015_7896.jpg\" alt=\"hall d'entr\u00e9e de Rotoc\u00e9an\" width=\"100%\" height=\"100%\" \/><\/p>\n","protected":false},"excerpt":{"rendered":"<p>VISITE DU QUOTIDIEN DE LA REUNION ET DE ROTOCEAN &nbsp; \u00ab\u00a0Le jeudi 2 avril 2015, ma classe la 4Hibisus et les \u00e9l\u00e8ves de l&rsquo;UPE2A avons visit\u00e9 les locaux du Quotidien de la R\u00e9union et de Rotoc\u00e9an. Cette sortie a \u00e9t\u00e9 organis\u00e9e par Mme FELIX ; Mme ETHEVE et Mme DINNEWIL\u2026<\/p>\n<p class=\"continue-reading-button\"> <a class=\"continue-reading-link\" href=\"https:\/\/etab.ac-reunion.fr\/clg-tamarins\/semaine-de-la-presse-2015\/\">Continuer \u00e0 lire<i class=\"crycon-right-dir\"><\/i><\/a><\/p>\n","protected":false},"author":3303,"featured_media":3923,"comment_status":"closed","ping_status":"closed","sticky":false,"template":"","format":"standard","meta":{"footnotes":""},"categories":[8],"tags":[],"class_list":["post-3910","post","type-post","status-publish","format-standard","has-post-thumbnail","hentry","category-options"],"_links":{"self":[{"href":"https:\/\/etab.ac-reunion.fr\/clg-tamarins\/wp-json\/wp\/v2\/posts\/3910","targetHints":{"allow":["GET"]}}],"collection":[{"href":"https:\/\/etab.ac-reunion.fr\/clg-tamarins\/wp-json\/wp\/v2\/posts"}],"about":[{"href":"https:\/\/etab.ac-reunion.fr\/clg-tamarins\/wp-json\/wp\/v2\/types\/post"}],"author":[{"embeddable":true,"href":"https:\/\/etab.ac-reunion.fr\/clg-tamarins\/wp-json\/wp\/v2\/users\/3303"}],"replies":[{"embeddable":true,"href":"https:\/\/etab.ac-reunion.fr\/clg-tamarins\/wp-json\/wp\/v2\/comments?post=3910"}],"version-history":[{"count":12,"href":"https:\/\/etab.ac-reunion.fr\/clg-tamarins\/wp-json\/wp\/v2\/posts\/3910\/revisions"}],"predecessor-version":[{"id":4186,"href":"https:\/\/etab.ac-reunion.fr\/clg-tamarins\/wp-json\/wp\/v2\/posts\/3910\/revisions\/4186"}],"wp:featuredmedia":[{"embeddable":true,"href":"https:\/\/etab.ac-reunion.fr\/clg-tamarins\/wp-json\/wp\/v2\/media\/3923"}],"wp:attachment":[{"href":"https:\/\/etab.ac-reunion.fr\/clg-tamarins\/wp-json\/wp\/v2\/media?parent=3910"}],"wp:term":[{"taxonomy":"category","embeddable":true,"href":"https:\/\/etab.ac-reunion.fr\/clg-tamarins\/wp-json\/wp\/v2\/categories?post=3910"},{"taxonomy":"post_tag","embeddable":true,"href":"https:\/\/etab.ac-reunion.fr\/clg-tamarins\/wp-json\/wp\/v2\/tags?post=3910"}],"curies":[{"name":"wp","href":"https:\/\/api.w.org\/{rel}","templated":true}]}}