{"id":3955,"date":"2015-06-29T18:16:31","date_gmt":"2015-06-29T14:16:31","guid":{"rendered":"http:\/\/college-les-tamarins.ac-reunion.fr\/?p=3955"},"modified":"2015-06-29T18:16:31","modified_gmt":"2015-06-29T14:16:31","slug":"poemes-de-la-5eme-letchis","status":"publish","type":"post","link":"https:\/\/etab.ac-reunion.fr\/clg-tamarins\/poemes-de-la-5eme-letchis\/","title":{"rendered":"Po\u00e8mes de la 5\u00e8me Letchis"},"content":{"rendered":"<h1>LE VOYAGE (Ariade &amp; Sophie)<\/h1>\n<p style=\"text-align: center\"><span style=\"font-family: 'trebuchet ms', geneva, sans-serif;font-size: 14pt;color: #800080\">Un jour, je suis parti<\/span><br \/>\n<span style=\"font-family: 'trebuchet ms', geneva, sans-serif;font-size: 14pt;color: #800080\">Sur un \u00eele imaginaire<\/span><br \/>\n<span style=\"font-family: 'trebuchet ms', geneva, sans-serif;font-size: 14pt;color: #800080\">Qui \u00e9tait vraiment jolie<\/span><br \/>\n<span style=\"font-family: 'trebuchet ms', geneva, sans-serif;font-size: 14pt;color: #800080\">Et au-dessus des airs<\/span><\/p>\n<p style=\"text-align: center\"><span style=\"font-family: 'trebuchet ms', geneva, sans-serif;font-size: 14pt;color: #800080\">Remplie avec des f\u00e9es magiques<\/span><br \/>\n<span style=\"font-family: 'trebuchet ms', geneva, sans-serif;font-size: 14pt;color: #800080\">Et des f\u00e9es mal\u00e9fiques <\/span><br \/>\n<span style=\"font-family: 'trebuchet ms', geneva, sans-serif;font-size: 14pt;color: #800080\">Il y avait la reine <\/span><br \/>\n<span style=\"font-family: 'trebuchet ms', geneva, sans-serif;font-size: 14pt;color: #800080\">Qui avait de la haine<\/span><\/p>\n<p style=\"text-align: center\"><span style=\"font-family: 'trebuchet ms', geneva, sans-serif;font-size: 14pt;color: #800080\">Sur cette \u00eele il y avait de jolies roses<\/span><br \/>\n<span style=\"font-family: 'trebuchet ms', geneva, sans-serif;font-size: 14pt;color: #800080\">Les f\u00e9es en cueillent tous les jours<\/span><br \/>\n<span style=\"font-family: 'trebuchet ms', geneva, sans-serif;font-size: 14pt;color: #800080\">En r\u00e9citant des jolies proses<\/span><br \/>\n<span style=\"font-family: 'trebuchet ms', geneva, sans-serif;font-size: 14pt;color: #800080\">Qui parlent toutes d\u2019amour\u2026<\/span><\/p>\n<p>&nbsp;<\/p>\n<h1>Le coll\u00e8ge (Noa et Kenjy)<\/h1>\n<p style=\"text-align: center\"><span style=\"font-family: 'trebuchet ms', geneva, sans-serif;font-size: 14pt;color: #993366\">J&rsquo;ai eu une heure de colle<\/span><br \/>\n<span style=\"font-family: 'trebuchet ms', geneva, sans-serif;font-size: 14pt;color: #993366\">A cause d&rsquo;un pot de colle,<\/span><br \/>\n<span style=\"font-family: 'trebuchet ms', geneva, sans-serif;font-size: 14pt;color: #993366\">Mon carnet est d\u00e9chir\u00e9<\/span><br \/>\n<span style=\"font-family: 'trebuchet ms', geneva, sans-serif;font-size: 14pt;color: #993366\">C&rsquo;est mon chien qui l\u2019a mang\u00e9\u2026<\/span><\/p>\n<p style=\"text-align: center\"><span style=\"font-family: 'trebuchet ms', geneva, sans-serif;font-size: 14pt;color: #993366\">Enfin, \u00e7a c&rsquo;est ce que je raconte,<\/span><br \/>\n<span style=\"font-family: 'trebuchet ms', geneva, sans-serif;font-size: 14pt;color: #993366\">Quand on me demande des comptes.<\/span><br \/>\n<span style=\"font-family: 'trebuchet ms', geneva, sans-serif;font-size: 14pt;color: #993366\">La vie scolaire m\u2019a convoqu\u00e9<\/span><br \/>\n<span style=\"font-family: 'trebuchet ms', geneva, sans-serif;font-size: 14pt;color: #993366\">Pour une histoire de stylo cass\u00e9\u2026<\/span><\/p>\n<p style=\"text-align: center\"><span style=\"font-family: 'trebuchet ms', geneva, sans-serif;font-size: 14pt;color: #993366\">C&rsquo;est mon camarde qui \u00e9tait \u00e9nerv\u00e9<\/span><br \/>\n<span style=\"font-family: 'trebuchet ms', geneva, sans-serif;font-size: 14pt;color: #993366\">Parce que son stylo a explos\u00e9.<\/span><br \/>\n<span style=\"font-family: 'trebuchet ms', geneva, sans-serif;font-size: 14pt;color: #993366\">La vie au coll\u00e8ge n&rsquo;est pas facile,<\/span><br \/>\n<span style=\"font-family: 'trebuchet ms', geneva, sans-serif;font-size: 14pt;color: #993366\">Les amies, les ennuis, c&rsquo;est pas toujours tranquille\u2026<\/span><\/p>\n<h1>L&rsquo;AMOUR (Deux po\u00e8tes de la 5\u00e8me Letchi)<\/h1>\n<p style=\"text-align: center\"><span style=\"font-family: 'trebuchet ms', geneva, sans-serif;font-size: 14pt;color: #0000ff\">Si j&rsquo;exprimais mes sentiment pour toi<\/span><br \/>\n<span style=\"font-family: 'trebuchet ms', geneva, sans-serif;font-size: 14pt;color: #0000ff\">La vie serait meilleure pour moi<\/span><br \/>\n<span style=\"font-family: 'trebuchet ms', geneva, sans-serif;font-size: 14pt;color: #0000ff\">Nous nous aimerons comme des fous<\/span><br \/>\n<span style=\"font-family: 'trebuchet ms', geneva, sans-serif;font-size: 14pt;color: #0000ff\">Rien ne comptera plus que nous<\/span><\/p>\n<p style=\"text-align: center\"><span style=\"font-family: 'trebuchet ms', geneva, sans-serif;font-size: 14pt;color: #0000ff\">M\u00eame si la distance nous \u00e9loignera <\/span><br \/>\n<span style=\"font-family: 'trebuchet ms', geneva, sans-serif;font-size: 14pt;color: #0000ff\">Ensemble on restera<\/span><br \/>\n<span style=\"font-family: 'trebuchet ms', geneva, sans-serif;font-size: 14pt;color: #0000ff\">Comme des petits oiseaux <\/span><br \/>\n<span style=\"font-family: 'trebuchet ms', geneva, sans-serif;font-size: 14pt;color: #0000ff\">Nous survoleront haut<\/span><\/p>\n<p style=\"text-align: center\"><span style=\"font-family: 'trebuchet ms', geneva, sans-serif;font-size: 14pt;color: #0000ff\">M\u00eame si on se s\u00e9parera <\/span><br \/>\n<span style=\"font-family: 'trebuchet ms', geneva, sans-serif;font-size: 14pt;color: #0000ff\">L&rsquo;amour que j&rsquo;ai pour toi restera en moi<\/span><br \/>\n<span style=\"font-family: 'trebuchet ms', geneva, sans-serif;font-size: 14pt;color: #0000ff\">Tu seras la plus belle de ma vie <\/span><br \/>\n<span style=\"font-family: 'trebuchet ms', geneva, sans-serif;font-size: 14pt;color: #0000ff\">Je t&rsquo;aimerai \u00e0 la folie\u2026<\/span><\/p>\n<p>&nbsp;<\/p>\n<h1>LES CHATS (Lisa &amp; Steven)<\/h1>\n<p style=\"text-align: center\"><span style=\"font-family: 'trebuchet ms', geneva, sans-serif;font-size: 14pt;color: #333399\">Les chats avec leurs pattes de velours<\/span><br \/>\n<span style=\"font-family: 'trebuchet ms', geneva, sans-serif;font-size: 14pt;color: #333399\">Jouent avec leurs pelotes<\/span><br \/>\n<span style=\"font-family: 'trebuchet ms', geneva, sans-serif;font-size: 14pt;color: #333399\">Et ils courent, ils courent<\/span><br \/>\n<span style=\"font-family: 'trebuchet ms', geneva, sans-serif;font-size: 14pt;color: #333399\">Et dans tout les sens, ils s&rsquo;enroulotent<\/span><\/p>\n<p><span style=\"font-family: 'trebuchet ms', geneva, sans-serif;font-size: 14pt;color: #333399\">En effet, ils sont tr\u00e8s tr\u00e8s joueurs<\/span><br \/>\n<span style=\"font-family: 'trebuchet ms', geneva, sans-serif;font-size: 14pt;color: #333399\">Et surtout ils aiment courir apr\u00e8s les souris<\/span><br \/>\n<span style=\"font-family: 'trebuchet ms', geneva, sans-serif;font-size: 14pt;color: #333399\">Ah ces chats de toutes les couleurs,<\/span><br \/>\n<span style=\"font-family: 'trebuchet ms', geneva, sans-serif;font-size: 14pt;color: #333399\">Orange, noir, cr\u00e8me, marron et gris\u00a0 !<\/span><\/p>\n<p style=\"text-align: center\"><span style=\"font-family: 'trebuchet ms', geneva, sans-serif;font-size: 14pt;color: #333399\">Ils sont gentils et si beaux,<\/span><br \/>\n<span style=\"font-family: 'trebuchet ms', geneva, sans-serif;font-size: 14pt;color: #333399\">Leurs yeux brillent le soir\u00a0 !<\/span><br \/>\n<span style=\"font-family: 'trebuchet ms', geneva, sans-serif;font-size: 14pt;color: #333399\">Je les d\u00e9cris avec des mots, <\/span><br \/>\n<span style=\"font-family: 'trebuchet ms', geneva, sans-serif;font-size: 14pt;color: #333399\">En esp\u00e9rant toujours les voir\u00a0 !<\/span><\/p>\n<h1>SOUVENIRS (Nancy &amp; Izack)<\/h1>\n<p style=\"text-align: center\"><span style=\"font-size: 14pt;font-family: 'trebuchet ms', geneva, sans-serif;color: #666699\">Ton nom est si facile \u00e0 dire, <\/span><br \/>\n<span style=\"font-size: 14pt;font-family: 'trebuchet ms', geneva, sans-serif;color: #666699\">Mais trop dur \u00e0 oublier, <\/span><br \/>\n<span style=\"font-size: 14pt;font-family: 'trebuchet ms', geneva, sans-serif;color: #666699\">Quand je pense \u00e0 tous ces souvenirs, <\/span><br \/>\n<span style=\"font-size: 14pt;font-family: 'trebuchet ms', geneva, sans-serif;color: #666699\">J&rsquo;aimerais tout recommencer.<\/span><\/p>\n<p style=\"text-align: center\"><span style=\"font-size: 14pt;font-family: 'trebuchet ms', geneva, sans-serif;color: #666699\">Tout reprendre \u00e0 z\u00e9ro, <\/span><br \/>\n<span style=\"font-size: 14pt;font-family: 'trebuchet ms', geneva, sans-serif;color: #666699\">Recommencer notre histoire,<\/span><br \/>\n<span style=\"font-size: 14pt;font-family: 'trebuchet ms', geneva, sans-serif;color: #666699\">Dans un monde plus beau, <\/span><br \/>\n<span style=\"font-size: 14pt;font-family: 'trebuchet ms', geneva, sans-serif;color: #666699\">Mais c&rsquo;est bien trop tard.<\/span><\/p>\n<p style=\"text-align: center\"><span style=\"font-size: 14pt;font-family: 'trebuchet ms', geneva, sans-serif;color: #666699\">Alors, je veux tout effacer,<\/span><br \/>\n<span style=\"font-size: 14pt;font-family: 'trebuchet ms', geneva, sans-serif;color: #666699\">Je veux oublier notre idylle,<\/span><br \/>\n<span style=\"font-size: 14pt;font-family: 'trebuchet ms', geneva, sans-serif;color: #666699\">Et pouvoir tout recommencer,<\/span><br \/>\n<span style=\"font-size: 14pt;font-family: 'trebuchet ms', geneva, sans-serif;color: #666699\">Dans un monde o\u00f9 tout est possible .<\/span><\/p>\n<h1>Penser \u00e0 toi&#8230; (Deux po\u00e8tes de la 5\u00e8me Letchi)<\/h1>\n<p style=\"text-align: center\"><span style=\"font-family: 'trebuchet ms', geneva, sans-serif;font-size: 14pt;color: #33cccc\">La nuit les astres me font penser \u00e0 toi, <\/span><br \/>\n<span style=\"font-family: 'trebuchet ms', geneva, sans-serif;font-size: 14pt;color: #33cccc\">Tu es la plus belle pour moi<\/span><br \/>\n<span style=\"font-family: 'trebuchet ms', geneva, sans-serif;font-size: 14pt;color: #33cccc\">Mon amour brille de mille feux<\/span><br \/>\n<span style=\"font-family: 'trebuchet ms', geneva, sans-serif;font-size: 14pt;color: #33cccc\">Je voudrais t&rsquo;offrir des roses&#8230;<\/span><\/p>\n<p><span style=\"font-family: 'trebuchet ms', geneva, sans-serif;font-size: 14pt;color: #33cccc\">Quand je d\u00e9clare mes sentiments <\/span><br \/>\n<span style=\"font-family: 'trebuchet ms', geneva, sans-serif;font-size: 14pt;color: #33cccc\">En l&rsquo;honneur de mon tendre amour<\/span><br \/>\n<span style=\"font-family: 'trebuchet ms', geneva, sans-serif;font-size: 14pt;color: #33cccc\">Mon c\u0153ur cesse de battre <\/span><br \/>\n<span style=\"font-family: 'trebuchet ms', geneva, sans-serif;font-size: 14pt;color: #33cccc\">Mon amour splendide, c&rsquo;est \u00e0 toi que je r\u00eave&#8230;<\/span><\/p>\n<p>&nbsp;<\/p>\n<h1>L&rsquo;amour (Deux po\u00e8tes de la 5\u00e8me Letchi)<\/h1>\n<p style=\"text-align: center\"><span style=\"font-family: 'trebuchet ms', geneva, sans-serif;font-size: 14pt;color: #008080\">L&rsquo;amour est un sentiment.<\/span><br \/>\n<span style=\"font-family: 'trebuchet ms', geneva, sans-serif;font-size: 14pt;color: #008080\">L&rsquo;amour vif qui pousse \u00e0 aimer, <\/span><br \/>\n<span style=\"font-family: 'trebuchet ms', geneva, sans-serif;font-size: 14pt;color: #008080\">A vouloir le bien de son aim\u00e9<\/span><br \/>\n<span style=\"font-family: 'trebuchet ms', geneva, sans-serif;font-size: 14pt;color: #008080\">De la tendresse et de l\u2019amiti\u00e9\u2026<\/span><\/p>\n<p style=\"text-align: center\"><span style=\"font-family: 'trebuchet ms', geneva, sans-serif;font-size: 14pt;color: #008080\">L&rsquo;amour peut nous rendre fous<\/span><br \/>\n<span style=\"font-family: 'trebuchet ms', geneva, sans-serif;font-size: 14pt;color: #008080\">Il fait partie de la vie<\/span><br \/>\n<span style=\"font-family: 'trebuchet ms', geneva, sans-serif;font-size: 14pt;color: #008080\">L&rsquo;amour reste dans notre coeur<\/span><br \/>\n<span style=\"font-family: 'trebuchet ms', geneva, sans-serif;font-size: 14pt;color: #008080\">Et nous remplit de bonheur.<\/span><\/p>\n<p style=\"text-align: center\"><span style=\"font-family: 'trebuchet ms', geneva, sans-serif;font-size: 14pt;color: #008080\">On peut \u00eatre jaloux et cruel, <\/span><br \/>\n<span style=\"font-family: 'trebuchet ms', geneva, sans-serif;font-size: 14pt;color: #008080\">l\u2019amour n\u2019est parfois pas \u00e9ternel, <\/span><br \/>\n<span style=\"font-family: 'trebuchet ms', geneva, sans-serif;font-size: 14pt;color: #008080\">Il peut devenir de l\u2019amiti\u00e9,<\/span><br \/>\n<span style=\"font-family: 'trebuchet ms', geneva, sans-serif;font-size: 14pt;color: #008080\">Mais m\u00eame s\u2019il s\u2019arr\u00eate, il rena\u00eet\u2026<\/span><\/p>\n<h1>L\u2019amour (Yann &amp; Cessprin )<\/h1>\n<p style=\"text-align: center\"><span style=\"font-family: 'trebuchet ms', geneva, sans-serif;font-size: 14pt;color: #339966\">L&rsquo;amour est l&rsquo;art de la po\u00e9sie <\/span><br \/>\n<span style=\"font-family: 'trebuchet ms', geneva, sans-serif;font-size: 14pt;color: #339966\">Les sentiments sont comme des notes de musique <\/span><br \/>\n<span style=\"font-family: 'trebuchet ms', geneva, sans-serif;font-size: 14pt;color: #339966\">Quand je te vois mon coeur bat plus vite <\/span><br \/>\n<span style=\"font-family: 'trebuchet ms', geneva, sans-serif;font-size: 14pt;color: #339966\">Et le monde devient bien plus jolie<\/span><\/p>\n<p style=\"text-align: center\"><span style=\"font-family: 'trebuchet ms', geneva, sans-serif;font-size: 14pt;color: #339966\">Tu es mon \u00e9toile pr\u00e9f\u00e9r\u00e9e <\/span><br \/>\n<span style=\"font-family: 'trebuchet ms', geneva, sans-serif;font-size: 14pt;color: #339966\">Tu illumines mes pens\u00e9s<\/span><br \/>\n<span style=\"font-family: 'trebuchet ms', geneva, sans-serif;font-size: 14pt;color: #339966\">Tu es mon rep\u00e8re dans la nuit <\/span><br \/>\n<span style=\"font-family: 'trebuchet ms', geneva, sans-serif;font-size: 14pt;color: #339966\">Celle pour qui je vis<\/span><\/p>\n<p style=\"text-align: center\"><span style=\"font-family: 'trebuchet ms', geneva, sans-serif;font-size: 14pt;color: #339966\">Pour toute la vie je t\u2019aimerai,<\/span><br \/>\n<span style=\"font-family: 'trebuchet ms', geneva, sans-serif;font-size: 14pt;color: #339966\">Rien dans l&rsquo;univers n\u2019est plus beau que toi <\/span><br \/>\n<span style=\"font-family: 'trebuchet ms', geneva, sans-serif;font-size: 14pt;color: #339966\">Je ne te quitterai jamais <\/span><br \/>\n<span style=\"font-family: 'trebuchet ms', geneva, sans-serif;font-size: 14pt;color: #339966\">Je t&rsquo;aime tellement, crois moi<\/span><\/p>\n<h1>La technologie (Albert et Hilani)<\/h1>\n<p style=\"text-align: center\"><span style=\"font-family: 'trebuchet ms', geneva, sans-serif;font-size: 14pt;color: #008000\">Je me suis r\u00e9veill\u00e9 dans un monde de technologie <\/span><br \/>\n<span style=\"font-family: 'trebuchet ms', geneva, sans-serif;font-size: 14pt;color: #008000\">Dans un monde plus facile<\/span><br \/>\n<span style=\"font-family: 'trebuchet ms', geneva, sans-serif;font-size: 14pt;color: #008000\">O\u00f9 on ne s&rsquo;\u00e9claire plus \u00e0 la bougie <\/span><br \/>\n<span style=\"font-family: 'trebuchet ms', geneva, sans-serif;font-size: 14pt;color: #008000\">O\u00f9 on peut jouer tranquille.<\/span><\/p>\n<p style=\"text-align: center\"><span style=\"font-family: 'trebuchet ms', geneva, sans-serif;font-size: 14pt;color: #008000\">Quand je suis sorti dehors, j&rsquo;ai vu les choses \u00e9voluer<\/span><br \/>\n<span style=\"font-family: 'trebuchet ms', geneva, sans-serif;font-size: 14pt;color: #008000\">J&rsquo;ai vu la technologie r\u00e9gner sur le monde <\/span><br \/>\n<span style=\"font-family: 'trebuchet ms', geneva, sans-serif;font-size: 14pt;color: #008000\">L&rsquo;\u00e9lectricit\u00e9, la vitesse, tout \u00e9tait connect\u00e9<\/span><br \/>\n<span style=\"font-family: 'trebuchet ms', geneva, sans-serif;font-size: 14pt;color: #008000\">La terre \u00e9tait soumise aux ondes<\/span><\/p>\n<p style=\"text-align: center\"><span style=\"font-family: 'trebuchet ms', geneva, sans-serif;font-size: 14pt;color: #008000\">Je veux conna\u00eetre le monde o\u00f9 la technologie ne r\u00e9gnait pas <\/span><br \/>\n<span style=\"font-family: 'trebuchet ms', geneva, sans-serif;font-size: 14pt;color: #008000\">O\u00f9 la technologie est effac\u00e9e <\/span><br \/>\n<span style=\"font-family: 'trebuchet ms', geneva, sans-serif;font-size: 14pt;color: #008000\">O\u00f9 je pourrais marcher pas \u00e0 pas <\/span><br \/>\n<span style=\"font-family: 'trebuchet ms', geneva, sans-serif;font-size: 14pt;color: #008000\">Et respirer de l&rsquo;air non pollu\u00e9&#8230;<\/span><\/p>\n<h1>L&rsquo; \u00e9cole (Maxime)<\/h1>\n<p style=\"text-align: center\"><span style=\"font-family: 'trebuchet ms', geneva, sans-serif;font-size: 14pt;color: #ff6600\">Ce matin je suis arriv\u00e9 en retard<\/span><br \/>\n<span style=\"font-family: 'trebuchet ms', geneva, sans-serif;font-size: 14pt;color: #ff6600\">Les bonnes raisons ne me viennent pas<\/span><br \/>\n<span style=\"font-family: 'trebuchet ms', geneva, sans-serif;font-size: 14pt;color: #ff6600\">Le prof m&rsquo;a demand\u00e9 pourquoi <\/span><br \/>\n<span style=\"font-family: 'trebuchet ms', geneva, sans-serif;font-size: 14pt;color: #ff6600\">R\u00e9veil tardif\u00a0 ? c&rsquo; est le trou noir&#8230;<\/span><\/p>\n<p style=\"text-align: center\"><span style=\"font-family: 'trebuchet ms', geneva, sans-serif;font-size: 14pt;color: #ff6600\">Alors j&rsquo;ai eu une heure de colle,<\/span><br \/>\n<span style=\"font-family: 'trebuchet ms', geneva, sans-serif;font-size: 14pt;color: #ff6600\">J&rsquo; ai suppli\u00e9 le prof c&rsquo; \u00e9tait mol\u00a0 !<\/span><br \/>\n<span style=\"font-family: 'trebuchet ms', geneva, sans-serif;font-size: 14pt;color: #ff6600\">Mais \u00e7a n&rsquo; a pas march\u00e9<\/span><br \/>\n<span style=\"font-family: 'trebuchet ms', geneva, sans-serif;font-size: 14pt;color: #ff6600\">L&rsquo; heure de colle je l&rsquo;ai ramass\u00e9e\u00a0 !<\/span><\/p>\n<p style=\"text-align: center\"><span style=\"font-family: 'trebuchet ms', geneva, sans-serif;font-size: 14pt;color: #ff6600\">C&rsquo; est injuste je ne m\u00e9rite pas \u00e7a,<\/span><br \/>\n<span style=\"font-family: 'trebuchet ms', geneva, sans-serif;font-size: 14pt;color: #ff6600\">Le professeur me demande pourquoi<\/span><br \/>\n<span style=\"font-family: 'trebuchet ms', geneva, sans-serif;font-size: 14pt;color: #ff6600\">Parce que j&rsquo; \u00e9tais en retard d&rsquo;une seconde, <\/span><br \/>\n<span style=\"font-family: 'trebuchet ms', geneva, sans-serif;font-size: 14pt;color: #ff6600\">Mais y\u2019a rien \u00e0 faire, c&rsquo;est le monde\u00a0 !<\/span><\/p>\n","protected":false},"excerpt":{"rendered":"<p>LE VOYAGE (Ariade &amp; Sophie) Un jour, je suis parti Sur un \u00eele imaginaire Qui \u00e9tait vraiment jolie Et au-dessus des airs Remplie avec des f\u00e9es magiques Et des f\u00e9es mal\u00e9fiques Il y avait la reine Qui avait de la haine Sur cette \u00eele il y avait de jolies roses\u2026<\/p>\n<p class=\"continue-reading-button\"> <a class=\"continue-reading-link\" href=\"https:\/\/etab.ac-reunion.fr\/clg-tamarins\/poemes-de-la-5eme-letchis\/\">Continuer \u00e0 lire<i class=\"crycon-right-dir\"><\/i><\/a><\/p>\n","protected":false},"author":3694,"featured_media":3983,"comment_status":"closed","ping_status":"closed","sticky":false,"template":"","format":"standard","meta":{"footnotes":""},"categories":[260,250,256],"tags":[259,258,257],"class_list":["post-3955","post","type-post","status-publish","format-standard","has-post-thumbnail","hentry","category-5eme-letchis","category-francais","category-poesie","tag-amitie","tag-amour","tag-poesie"],"_links":{"self":[{"href":"https:\/\/etab.ac-reunion.fr\/clg-tamarins\/wp-json\/wp\/v2\/posts\/3955","targetHints":{"allow":["GET"]}}],"collection":[{"href":"https:\/\/etab.ac-reunion.fr\/clg-tamarins\/wp-json\/wp\/v2\/posts"}],"about":[{"href":"https:\/\/etab.ac-reunion.fr\/clg-tamarins\/wp-json\/wp\/v2\/types\/post"}],"author":[{"embeddable":true,"href":"https:\/\/etab.ac-reunion.fr\/clg-tamarins\/wp-json\/wp\/v2\/users\/3694"}],"replies":[{"embeddable":true,"href":"https:\/\/etab.ac-reunion.fr\/clg-tamarins\/wp-json\/wp\/v2\/comments?post=3955"}],"version-history":[{"count":3,"href":"https:\/\/etab.ac-reunion.fr\/clg-tamarins\/wp-json\/wp\/v2\/posts\/3955\/revisions"}],"predecessor-version":[{"id":3958,"href":"https:\/\/etab.ac-reunion.fr\/clg-tamarins\/wp-json\/wp\/v2\/posts\/3955\/revisions\/3958"}],"wp:featuredmedia":[{"embeddable":true,"href":"https:\/\/etab.ac-reunion.fr\/clg-tamarins\/wp-json\/wp\/v2\/media\/3983"}],"wp:attachment":[{"href":"https:\/\/etab.ac-reunion.fr\/clg-tamarins\/wp-json\/wp\/v2\/media?parent=3955"}],"wp:term":[{"taxonomy":"category","embeddable":true,"href":"https:\/\/etab.ac-reunion.fr\/clg-tamarins\/wp-json\/wp\/v2\/categories?post=3955"},{"taxonomy":"post_tag","embeddable":true,"href":"https:\/\/etab.ac-reunion.fr\/clg-tamarins\/wp-json\/wp\/v2\/tags?post=3955"}],"curies":[{"name":"wp","href":"https:\/\/api.w.org\/{rel}","templated":true}]}}