{"id":4011,"date":"2015-06-29T18:11:17","date_gmt":"2015-06-29T14:11:17","guid":{"rendered":"http:\/\/college-les-tamarins.ac-reunion.fr\/?p=4011"},"modified":"2015-06-30T08:42:19","modified_gmt":"2015-06-30T04:42:19","slug":"les-videos-du-spectacle-theatre-chorale","status":"publish","type":"post","link":"https:\/\/etab.ac-reunion.fr\/clg-tamarins\/les-videos-du-spectacle-theatre-chorale\/","title":{"rendered":"Les vid\u00e9os du spectacle th\u00e9\u00e2tre &#8211; chorale"},"content":{"rendered":"<h1>Th\u00e9\u00e2tre<\/h1>\n<div style=\"width:100%px\"><div id=\"su_video_player_69f1ede42b162\" class=\"su-video jp-video su-video-controls-yes\" data-id=\"su_video_player_69f1ede42b162\" data-video=\"http:\/\/www.papangue.fr\/tamarins\/wpetab\/videos\/orchestre\/2015-06-09-theatre.flv\" data-swf=\"https:\/\/etab.ac-reunion.fr\/clg-tamarins\/wp-content\/plugins\/shortcodes-ultimate\/vendor\/jplayer\/jplayer.swf\" data-autoplay=\"no\" data-loop=\"no\" data-poster=\"https:\/\/etab.ac-reunion.fr\/clg-tamarins\/wp-content\/uploads\/sites\/56\/2015\/06\/MINIATURE-2015-06-09-theatre-01.jpg\"><div id=\"su_video_player_69f1ede42b162_player\" class=\"jp-jplayer\" style=\"width:100%px;height:720px\"><\/div><div class=\"jp-title\"><\/div><div class=\"jp-start jp-play\"><\/div><div class=\"jp-gui\"><div class=\"jp-interface\"><div class=\"jp-progress\"><div class=\"jp-seek-bar\"><div class=\"jp-play-bar\"><\/div><\/div><\/div><div class=\"jp-current-time\"><\/div><div class=\"jp-duration\"><\/div><div class=\"jp-controls-holder\"><span class=\"jp-play\"><\/span><span class=\"jp-pause\"><\/span><span class=\"jp-mute\"><\/span><span class=\"jp-unmute\"><\/span><span class=\"jp-full-screen\"><\/span><span class=\"jp-restore-screen\"><\/span><div class=\"jp-volume-bar\"><div class=\"jp-volume-bar-value\"><\/div><\/div><\/div><\/div><\/div><\/div><\/div>\n<p>&nbsp;<\/p>\n<h1>Chorale<\/h1>\n<div style=\"width:100%px\"><div id=\"su_video_player_69f1ede42b1c7\" class=\"su-video jp-video su-video-controls-yes\" data-id=\"su_video_player_69f1ede42b1c7\" data-video=\"http:\/\/www.papangue.fr\/tamarins\/wpetab\/videos\/orchestre\/2015-06-09-chorale.flv\" data-swf=\"https:\/\/etab.ac-reunion.fr\/clg-tamarins\/wp-content\/plugins\/shortcodes-ultimate\/vendor\/jplayer\/jplayer.swf\" data-autoplay=\"no\" data-loop=\"no\" data-poster=\"https:\/\/etab.ac-reunion.fr\/clg-tamarins\/wp-content\/uploads\/sites\/56\/2015\/06\/MINIATURE-2015-06-09-chorale-10.jpg\"><div id=\"su_video_player_69f1ede42b1c7_player\" class=\"jp-jplayer\" style=\"width:100%px;height:720px\"><\/div><div class=\"jp-title\"><\/div><div class=\"jp-start jp-play\"><\/div><div class=\"jp-gui\"><div class=\"jp-interface\"><div class=\"jp-progress\"><div class=\"jp-seek-bar\"><div class=\"jp-play-bar\"><\/div><\/div><\/div><div class=\"jp-current-time\"><\/div><div class=\"jp-duration\"><\/div><div class=\"jp-controls-holder\"><span class=\"jp-play\"><\/span><span class=\"jp-pause\"><\/span><span class=\"jp-mute\"><\/span><span class=\"jp-unmute\"><\/span><span class=\"jp-full-screen\"><\/span><span class=\"jp-restore-screen\"><\/span><div class=\"jp-volume-bar\"><div class=\"jp-volume-bar-value\"><\/div><\/div><\/div><\/div><\/div><\/div><\/div>\n","protected":false},"excerpt":{"rendered":"<p>Th\u00e9\u00e2tre &nbsp; Chorale<\/p>\n<p class=\"continue-reading-button\"> <a class=\"continue-reading-link\" href=\"https:\/\/etab.ac-reunion.fr\/clg-tamarins\/les-videos-du-spectacle-theatre-chorale\/\">Continuer \u00e0 lire<i class=\"crycon-right-dir\"><\/i><\/a><\/p>\n","protected":false},"author":3691,"featured_media":4061,"comment_status":"closed","ping_status":"closed","sticky":false,"template":"","format":"standard","meta":{"footnotes":""},"categories":[85,261],"tags":[],"class_list":["post-4011","post","type-post","status-publish","format-standard","has-post-thumbnail","hentry","category-chorale","category-theatre"],"_links":{"self":[{"href":"https:\/\/etab.ac-reunion.fr\/clg-tamarins\/wp-json\/wp\/v2\/posts\/4011","targetHints":{"allow":["GET"]}}],"collection":[{"href":"https:\/\/etab.ac-reunion.fr\/clg-tamarins\/wp-json\/wp\/v2\/posts"}],"about":[{"href":"https:\/\/etab.ac-reunion.fr\/clg-tamarins\/wp-json\/wp\/v2\/types\/post"}],"author":[{"embeddable":true,"href":"https:\/\/etab.ac-reunion.fr\/clg-tamarins\/wp-json\/wp\/v2\/users\/3691"}],"replies":[{"embeddable":true,"href":"https:\/\/etab.ac-reunion.fr\/clg-tamarins\/wp-json\/wp\/v2\/comments?post=4011"}],"version-history":[{"count":16,"href":"https:\/\/etab.ac-reunion.fr\/clg-tamarins\/wp-json\/wp\/v2\/posts\/4011\/revisions"}],"predecessor-version":[{"id":4031,"href":"https:\/\/etab.ac-reunion.fr\/clg-tamarins\/wp-json\/wp\/v2\/posts\/4011\/revisions\/4031"}],"wp:featuredmedia":[{"embeddable":true,"href":"https:\/\/etab.ac-reunion.fr\/clg-tamarins\/wp-json\/wp\/v2\/media\/4061"}],"wp:attachment":[{"href":"https:\/\/etab.ac-reunion.fr\/clg-tamarins\/wp-json\/wp\/v2\/media?parent=4011"}],"wp:term":[{"taxonomy":"category","embeddable":true,"href":"https:\/\/etab.ac-reunion.fr\/clg-tamarins\/wp-json\/wp\/v2\/categories?post=4011"},{"taxonomy":"post_tag","embeddable":true,"href":"https:\/\/etab.ac-reunion.fr\/clg-tamarins\/wp-json\/wp\/v2\/tags?post=4011"}],"curies":[{"name":"wp","href":"https:\/\/api.w.org\/{rel}","templated":true}]}}