{"id":4033,"date":"2015-06-29T18:07:15","date_gmt":"2015-06-29T14:07:15","guid":{"rendered":"http:\/\/college-les-tamarins.ac-reunion.fr\/?p=4033"},"modified":"2015-06-29T18:07:15","modified_gmt":"2015-06-29T14:07:15","slug":"vernissage-des-travaux-deleves-de-3emes-idd-et-creation-artistique","status":"publish","type":"post","link":"https:\/\/etab.ac-reunion.fr\/clg-tamarins\/vernissage-des-travaux-deleves-de-3emes-idd-et-creation-artistique\/","title":{"rendered":"Vernissage des travaux d\u2019\u00e9l\u00e8ves de \u00ab\u00a03\u00e8mes IDD et cr\u00e9ation artistique\u00a0\u00bb"},"content":{"rendered":"<p>Le vendredi 05 juin 2015 a eu lieu le vernissage de l\u2019exposition de travaux d\u2019\u00e9l\u00e8ves issus des projets de la CREATION ARTISTIQUE des 3ACACIA en collaboration avec la classe de CP de Mme Lakermance de l\u2019\u00e9cole Lisley Geoffroy ainsi que de l\u2019IDD des 3BANIAN ET 3FLAMBOYANT non europ\u00e9enne. Ce fut l\u2019occasion pour eux de pr\u00e9senter aux invit\u00e9s leurs productions \u00e0 la M\u00e9diath\u00e8que de Saint-Pierre.<\/p>\n<p>Les 3ACACIA ont choisi cette ann\u00e9e le th\u00e8me de l\u2019Afrique comme fil conducteur de l\u2019ensemble de leurs productions artistiques\u00a0:<br \/>\n&#8211; la fabrication de masques avec Mme LAKERMANCE professeur des \u00e9coles \u00e0 l&rsquo;\u00e9cole Lislet Geoffroy,<br \/>\n&#8211; des panneaux explicatifs sur les masques avec Mme GARINO professeur de fran\u00e7ais au coll\u00e8ge<br \/>\n&#8211; l\u2019\u00e9criture d\u2019un album illustr\u00e9 avec Mme FELIX, professeur-documentaliste au coll\u00e8ge<\/p>\n<p>La classe IDD quant \u00e0 elle s\u2019est attel\u00e9e \u00e0 pr\u00e9senter une vid\u00e9o synth\u00e9tisant leurs deux ann\u00e9es de travail sur l\u2019histoire de la R\u00e9union ainsi qu\u2019une dizaine de panneaux sur les th\u00e8mes les plus importants de leur itin\u00e9raire de d\u00e9couverte.<\/p>\n<p>&nbsp;<\/p>\n<div class=\"su-custom-gallery su-custom-gallery-align-left su-custom-gallery-title-never su-lightbox-gallery\"><div class=\"su-custom-gallery-slide\" style=\"width:150px;height:150px\"><a href=\"https:\/\/etab.ac-reunion.fr\/clg-tamarins\/wp-content\/uploads\/sites\/56\/2015\/06\/ART-IDD-VERN-06-2015-6.jpg\" title=\"ART-IDD-VERN-06-2015-6\"><img loading=\"lazy\" decoding=\"async\" src=\"https:\/\/etab.ac-reunion.fr\/clg-tamarins\/wp-content\/uploads\/sites\/56\/2015\/06\/ART-IDD-VERN-06-2015-6.jpg\" alt=\"ART-IDD-VERN-06-2015-6\" width=\"150\" height=\"150\" \/><span class=\"su-custom-gallery-title\">ART-IDD-VERN-06-2015-6<\/span><\/a><\/div><div class=\"su-custom-gallery-slide\" style=\"width:150px;height:150px\"><a href=\"https:\/\/etab.ac-reunion.fr\/clg-tamarins\/wp-content\/uploads\/sites\/56\/2015\/06\/ART-IDD-VERN-06-2015-5.jpg\" title=\"ART-IDD-VERN-06-2015-5\"><img loading=\"lazy\" decoding=\"async\" src=\"https:\/\/etab.ac-reunion.fr\/clg-tamarins\/wp-content\/uploads\/sites\/56\/2015\/06\/ART-IDD-VERN-06-2015-5.jpg\" alt=\"ART-IDD-VERN-06-2015-5\" width=\"150\" height=\"150\" \/><span class=\"su-custom-gallery-title\">ART-IDD-VERN-06-2015-5<\/span><\/a><\/div><div class=\"su-custom-gallery-slide\" style=\"width:150px;height:150px\"><a href=\"https:\/\/etab.ac-reunion.fr\/clg-tamarins\/wp-content\/uploads\/sites\/56\/2015\/06\/ART-IDD-VERN-06-2015-4.jpg\" title=\"ART-IDD-VERN-06-2015-4\"><img loading=\"lazy\" decoding=\"async\" src=\"https:\/\/etab.ac-reunion.fr\/clg-tamarins\/wp-content\/uploads\/sites\/56\/2015\/06\/ART-IDD-VERN-06-2015-4.jpg\" alt=\"ART-IDD-VERN-06-2015-4\" width=\"150\" height=\"150\" \/><span class=\"su-custom-gallery-title\">ART-IDD-VERN-06-2015-4<\/span><\/a><\/div><div class=\"su-custom-gallery-slide\" style=\"width:150px;height:150px\"><a href=\"https:\/\/etab.ac-reunion.fr\/clg-tamarins\/wp-content\/uploads\/sites\/56\/2015\/06\/ART-IDD-VERN-06-2015-3.jpg\" title=\"ART-IDD-VERN-06-2015-3\"><img loading=\"lazy\" decoding=\"async\" src=\"https:\/\/etab.ac-reunion.fr\/clg-tamarins\/wp-content\/uploads\/sites\/56\/2015\/06\/ART-IDD-VERN-06-2015-3.jpg\" alt=\"ART-IDD-VERN-06-2015-3\" width=\"150\" height=\"150\" \/><span class=\"su-custom-gallery-title\">ART-IDD-VERN-06-2015-3<\/span><\/a><\/div><div class=\"su-custom-gallery-slide\" style=\"width:150px;height:150px\"><a href=\"https:\/\/etab.ac-reunion.fr\/clg-tamarins\/wp-content\/uploads\/sites\/56\/2015\/06\/ART-IDD-VERN-06-2015-2.jpg\" title=\"ART-IDD-VERN-06-2015-2\"><img loading=\"lazy\" decoding=\"async\" src=\"https:\/\/etab.ac-reunion.fr\/clg-tamarins\/wp-content\/uploads\/sites\/56\/2015\/06\/ART-IDD-VERN-06-2015-2.jpg\" alt=\"ART-IDD-VERN-06-2015-2\" width=\"150\" height=\"150\" \/><span class=\"su-custom-gallery-title\">ART-IDD-VERN-06-2015-2<\/span><\/a><\/div><div class=\"su-custom-gallery-slide\" style=\"width:150px;height:150px\"><a href=\"https:\/\/etab.ac-reunion.fr\/clg-tamarins\/wp-content\/uploads\/sites\/56\/2015\/06\/ART-IDD-VERN-06-2015-1.jpg\" title=\"ART-IDD-VERN-06-2015-1\"><img loading=\"lazy\" decoding=\"async\" src=\"https:\/\/etab.ac-reunion.fr\/clg-tamarins\/wp-content\/uploads\/sites\/56\/2015\/06\/ART-IDD-VERN-06-2015-1.jpg\" alt=\"ART-IDD-VERN-06-2015-1\" width=\"150\" height=\"150\" \/><span class=\"su-custom-gallery-title\">ART-IDD-VERN-06-2015-1<\/span><\/a><\/div><div class=\"su-custom-gallery-slide\" style=\"width:150px;height:150px\"><a href=\"https:\/\/etab.ac-reunion.fr\/clg-tamarins\/wp-content\/uploads\/sites\/56\/2015\/06\/ART-IDD-VERN-06-2015-presentation-album-distribution-MINIATURE.jpg\" title=\"ART-IDD-VERN-06-2015-presentation-album-distribution-MINIATURE\"><img loading=\"lazy\" decoding=\"async\" src=\"https:\/\/etab.ac-reunion.fr\/clg-tamarins\/wp-content\/uploads\/sites\/56\/2015\/06\/ART-IDD-VERN-06-2015-presentation-album-distribution-MINIATURE.jpg\" alt=\"ART-IDD-VERN-06-2015-presentation-album-distribution-MINIATURE\" width=\"150\" height=\"150\" \/><span class=\"su-custom-gallery-title\">ART-IDD-VERN-06-2015-presentation-album-distribution-MINIATURE<\/span><\/a><\/div><div class=\"su-custom-gallery-slide\" style=\"width:150px;height:150px\"><a href=\"https:\/\/etab.ac-reunion.fr\/clg-tamarins\/wp-content\/uploads\/sites\/56\/2015\/06\/ART-IDD-VERN-06-2015-les-petits-chantent-MINIATURE.jpg\" title=\"ART-IDD-VERN-06-2015-les-petits-chantent-MINIATURE\"><img loading=\"lazy\" decoding=\"async\" src=\"https:\/\/etab.ac-reunion.fr\/clg-tamarins\/wp-content\/uploads\/sites\/56\/2015\/06\/ART-IDD-VERN-06-2015-les-petits-chantent-MINIATURE.jpg\" alt=\"ART-IDD-VERN-06-2015-les-petits-chantent-MINIATURE\" width=\"150\" height=\"150\" \/><span class=\"su-custom-gallery-title\">ART-IDD-VERN-06-2015-les-petits-chantent-MINIATURE<\/span><\/a><\/div><div class=\"su-custom-gallery-slide\" style=\"width:150px;height:150px\"><a href=\"https:\/\/etab.ac-reunion.fr\/clg-tamarins\/wp-content\/uploads\/sites\/56\/2015\/06\/ART-IDD-VERN-06-2015-lakermance-presente-leparrainage-MINIATURE.jpg\" title=\"ART-IDD-VERN-06-2015-lakermance-presente-leparrainage-MINIATURE\"><img loading=\"lazy\" decoding=\"async\" src=\"https:\/\/etab.ac-reunion.fr\/clg-tamarins\/wp-content\/uploads\/sites\/56\/2015\/06\/ART-IDD-VERN-06-2015-lakermance-presente-leparrainage-MINIATURE.jpg\" alt=\"ART-IDD-VERN-06-2015-lakermance-presente-leparrainage-MINIATURE\" width=\"150\" height=\"150\" \/><span class=\"su-custom-gallery-title\">ART-IDD-VERN-06-2015-lakermance-presente-leparrainage-MINIATURE<\/span><\/a><\/div><div class=\"su-custom-gallery-slide\" style=\"width:150px;height:150px\"><a href=\"https:\/\/etab.ac-reunion.fr\/clg-tamarins\/wp-content\/uploads\/sites\/56\/2015\/06\/ART-IDD-VERN-06-2015-garino-presente-le-projet-MINIATURE.jpg\" title=\"ART-IDD-VERN-06-2015-garino-presente-le-projet-MINIATURE\"><img loading=\"lazy\" decoding=\"async\" src=\"https:\/\/etab.ac-reunion.fr\/clg-tamarins\/wp-content\/uploads\/sites\/56\/2015\/06\/ART-IDD-VERN-06-2015-garino-presente-le-projet-MINIATURE.jpg\" alt=\"ART-IDD-VERN-06-2015-garino-presente-le-projet-MINIATURE\" width=\"150\" height=\"150\" \/><span class=\"su-custom-gallery-title\">ART-IDD-VERN-06-2015-garino-presente-le-projet-MINIATURE<\/span><\/a><\/div><div class=\"su-custom-gallery-slide\" style=\"width:150px;height:150px\"><a href=\"https:\/\/etab.ac-reunion.fr\/clg-tamarins\/wp-content\/uploads\/sites\/56\/2015\/06\/ART-IDD-VERN-06-2015-12.jpg\" title=\"ART-IDD-VERN-06-2015-12\"><img loading=\"lazy\" decoding=\"async\" src=\"https:\/\/etab.ac-reunion.fr\/clg-tamarins\/wp-content\/uploads\/sites\/56\/2015\/06\/ART-IDD-VERN-06-2015-12.jpg\" alt=\"ART-IDD-VERN-06-2015-12\" width=\"150\" height=\"150\" \/><span class=\"su-custom-gallery-title\">ART-IDD-VERN-06-2015-12<\/span><\/a><\/div><div class=\"su-custom-gallery-slide\" style=\"width:150px;height:150px\"><a href=\"https:\/\/etab.ac-reunion.fr\/clg-tamarins\/wp-content\/uploads\/sites\/56\/2015\/06\/ART-IDD-VERN-06-2015-11.jpg\" title=\"ART-IDD-VERN-06-2015-11\"><img loading=\"lazy\" decoding=\"async\" src=\"https:\/\/etab.ac-reunion.fr\/clg-tamarins\/wp-content\/uploads\/sites\/56\/2015\/06\/ART-IDD-VERN-06-2015-11.jpg\" alt=\"ART-IDD-VERN-06-2015-11\" width=\"150\" height=\"150\" \/><span class=\"su-custom-gallery-title\">ART-IDD-VERN-06-2015-11<\/span><\/a><\/div><div class=\"su-custom-gallery-slide\" style=\"width:150px;height:150px\"><a href=\"https:\/\/etab.ac-reunion.fr\/clg-tamarins\/wp-content\/uploads\/sites\/56\/2015\/06\/ART-IDD-VERN-06-2015-10.jpg\" title=\"ART-IDD-VERN-06-2015-10\"><img loading=\"lazy\" decoding=\"async\" src=\"https:\/\/etab.ac-reunion.fr\/clg-tamarins\/wp-content\/uploads\/sites\/56\/2015\/06\/ART-IDD-VERN-06-2015-10.jpg\" alt=\"ART-IDD-VERN-06-2015-10\" width=\"150\" height=\"150\" \/><span class=\"su-custom-gallery-title\">ART-IDD-VERN-06-2015-10<\/span><\/a><\/div><div class=\"su-custom-gallery-slide\" style=\"width:150px;height:150px\"><a href=\"https:\/\/etab.ac-reunion.fr\/clg-tamarins\/wp-content\/uploads\/sites\/56\/2015\/06\/ART-IDD-VERN-06-2015-9.jpg\" title=\"ART-IDD-VERN-06-2015-9\"><img loading=\"lazy\" decoding=\"async\" src=\"https:\/\/etab.ac-reunion.fr\/clg-tamarins\/wp-content\/uploads\/sites\/56\/2015\/06\/ART-IDD-VERN-06-2015-9.jpg\" alt=\"ART-IDD-VERN-06-2015-9\" width=\"150\" height=\"150\" \/><span class=\"su-custom-gallery-title\">ART-IDD-VERN-06-2015-9<\/span><\/a><\/div><div class=\"su-custom-gallery-slide\" style=\"width:150px;height:150px\"><a href=\"https:\/\/etab.ac-reunion.fr\/clg-tamarins\/wp-content\/uploads\/sites\/56\/2015\/06\/ART-IDD-VERN-06-2015-8.jpg\" title=\"ART-IDD-VERN-06-2015-8\"><img loading=\"lazy\" decoding=\"async\" src=\"https:\/\/etab.ac-reunion.fr\/clg-tamarins\/wp-content\/uploads\/sites\/56\/2015\/06\/ART-IDD-VERN-06-2015-8.jpg\" alt=\"ART-IDD-VERN-06-2015-8\" width=\"150\" height=\"150\" \/><span class=\"su-custom-gallery-title\">ART-IDD-VERN-06-2015-8<\/span><\/a><\/div><div class=\"su-custom-gallery-slide\" style=\"width:150px;height:150px\"><a href=\"https:\/\/etab.ac-reunion.fr\/clg-tamarins\/wp-content\/uploads\/sites\/56\/2015\/06\/ART-IDD-VERN-06-2015-7.jpg\" title=\"ART-IDD-VERN-06-2015-7\"><img loading=\"lazy\" decoding=\"async\" src=\"https:\/\/etab.ac-reunion.fr\/clg-tamarins\/wp-content\/uploads\/sites\/56\/2015\/06\/ART-IDD-VERN-06-2015-7.jpg\" alt=\"ART-IDD-VERN-06-2015-7\" width=\"150\" height=\"150\" \/><span class=\"su-custom-gallery-title\">ART-IDD-VERN-06-2015-7<\/span><\/a><\/div><div class=\"su-clear\"><\/div><\/div>\n<h1>Pr\u00e9sentation du projet par Mme Garino et Mme Lakermance<\/h1>\n<div style=\"width:800px\"><div id=\"su_video_player_69f1fa6e933b6\" class=\"su-video jp-video su-video-controls-yes\" data-id=\"su_video_player_69f1fa6e933b6\" data-video=\"http:\/\/www.papangue.fr\/tamarins\/wpetab\/videos\/idd\/IDD-ART-VERN-2015-06-garino-presente-le-projet.flv\" data-swf=\"https:\/\/etab.ac-reunion.fr\/clg-tamarins\/wp-content\/plugins\/shortcodes-ultimate\/vendor\/jplayer\/jplayer.swf\" data-autoplay=\"no\" data-loop=\"no\" data-poster=\"https:\/\/etab.ac-reunion.fr\/clg-tamarins\/wp-content\/uploads\/sites\/56\/2015\/06\/ART-IDD-VERN-06-2015-garino-presente-le-projet-MINIATURE.jpg\"><div id=\"su_video_player_69f1fa6e933b6_player\" class=\"jp-jplayer\" style=\"width:800px;height:450px\"><\/div><div class=\"jp-title\"><\/div><div class=\"jp-start jp-play\"><\/div><div class=\"jp-gui\"><div class=\"jp-interface\"><div class=\"jp-progress\"><div class=\"jp-seek-bar\"><div class=\"jp-play-bar\"><\/div><\/div><\/div><div class=\"jp-current-time\"><\/div><div class=\"jp-duration\"><\/div><div class=\"jp-controls-holder\"><span class=\"jp-play\"><\/span><span class=\"jp-pause\"><\/span><span class=\"jp-mute\"><\/span><span class=\"jp-unmute\"><\/span><span class=\"jp-full-screen\"><\/span><span class=\"jp-restore-screen\"><\/span><div class=\"jp-volume-bar\"><div class=\"jp-volume-bar-value\"><\/div><\/div><\/div><\/div><\/div><\/div><\/div>\n<div style=\"width:800px\"><div id=\"su_video_player_69f1fa6e93406\" class=\"su-video jp-video su-video-controls-yes\" data-id=\"su_video_player_69f1fa6e93406\" data-video=\"http:\/\/www.papangue.fr\/tamarins\/wpetab\/videos\/idd\/IDD-ART-VERN-2015-06-lakermance-presente-leparrainage.flv\" data-swf=\"https:\/\/etab.ac-reunion.fr\/clg-tamarins\/wp-content\/plugins\/shortcodes-ultimate\/vendor\/jplayer\/jplayer.swf\" data-autoplay=\"no\" data-loop=\"no\" data-poster=\"https:\/\/etab.ac-reunion.fr\/clg-tamarins\/wp-content\/uploads\/sites\/56\/2015\/06\/ART-IDD-VERN-06-2015-lakermance-presente-leparrainage-MINIATURE.jpg\"><div id=\"su_video_player_69f1fa6e93406_player\" class=\"jp-jplayer\" style=\"width:800px;height:450px\"><\/div><div class=\"jp-title\"><\/div><div class=\"jp-start jp-play\"><\/div><div class=\"jp-gui\"><div class=\"jp-interface\"><div class=\"jp-progress\"><div class=\"jp-seek-bar\"><div class=\"jp-play-bar\"><\/div><\/div><\/div><div class=\"jp-current-time\"><\/div><div class=\"jp-duration\"><\/div><div class=\"jp-controls-holder\"><span class=\"jp-play\"><\/span><span class=\"jp-pause\"><\/span><span class=\"jp-mute\"><\/span><span class=\"jp-unmute\"><\/span><span class=\"jp-full-screen\"><\/span><span class=\"jp-restore-screen\"><\/span><div class=\"jp-volume-bar\"><div class=\"jp-volume-bar-value\"><\/div><\/div><\/div><\/div><\/div><\/div><\/div>\n<h1>Distribution de l&rsquo;album<\/h1>\n<div style=\"width:800px\"><div id=\"su_video_player_69f1fa6e9343c\" class=\"su-video jp-video su-video-controls-yes\" data-id=\"su_video_player_69f1fa6e9343c\" data-video=\"http:\/\/www.papangue.fr\/tamarins\/wpetab\/videos\/idd\/IDD-ART-VERN-2015-06-presentation-album-distribution.flv\" data-swf=\"https:\/\/etab.ac-reunion.fr\/clg-tamarins\/wp-content\/plugins\/shortcodes-ultimate\/vendor\/jplayer\/jplayer.swf\" data-autoplay=\"no\" data-loop=\"no\" data-poster=\"https:\/\/etab.ac-reunion.fr\/clg-tamarins\/wp-content\/uploads\/sites\/56\/2015\/06\/ART-IDD-VERN-06-2015-presentation-album-distribution-MINIATURE.jpg\"><div id=\"su_video_player_69f1fa6e9343c_player\" class=\"jp-jplayer\" style=\"width:800px;height:450px\"><\/div><div class=\"jp-title\"><\/div><div class=\"jp-start jp-play\"><\/div><div class=\"jp-gui\"><div class=\"jp-interface\"><div class=\"jp-progress\"><div class=\"jp-seek-bar\"><div class=\"jp-play-bar\"><\/div><\/div><\/div><div class=\"jp-current-time\"><\/div><div class=\"jp-duration\"><\/div><div class=\"jp-controls-holder\"><span class=\"jp-play\"><\/span><span class=\"jp-pause\"><\/span><span class=\"jp-mute\"><\/span><span class=\"jp-unmute\"><\/span><span class=\"jp-full-screen\"><\/span><span class=\"jp-restore-screen\"><\/span><div class=\"jp-volume-bar\"><div class=\"jp-volume-bar-value\"><\/div><\/div><\/div><\/div><\/div><\/div><\/div>\n<h1>Les CP chantent<\/h1>\n<div style=\"width:800px\"><div id=\"su_video_player_69f1fa6e9346b\" class=\"su-video jp-video su-video-controls-yes\" data-id=\"su_video_player_69f1fa6e9346b\" data-video=\"http:\/\/www.papangue.fr\/tamarins\/wpetab\/videos\/idd\/IDD-ART-VERN-2015-06-les-petits-chantent.flv\" data-swf=\"https:\/\/etab.ac-reunion.fr\/clg-tamarins\/wp-content\/plugins\/shortcodes-ultimate\/vendor\/jplayer\/jplayer.swf\" data-autoplay=\"no\" data-loop=\"no\" data-poster=\"https:\/\/etab.ac-reunion.fr\/clg-tamarins\/wp-content\/uploads\/sites\/56\/2015\/06\/ART-IDD-VERN-06-2015-les-petits-chantent-MINIATURE.jpg\"><div id=\"su_video_player_69f1fa6e9346b_player\" class=\"jp-jplayer\" style=\"width:800px;height:450px\"><\/div><div class=\"jp-title\"><\/div><div class=\"jp-start jp-play\"><\/div><div class=\"jp-gui\"><div class=\"jp-interface\"><div class=\"jp-progress\"><div class=\"jp-seek-bar\"><div class=\"jp-play-bar\"><\/div><\/div><\/div><div class=\"jp-current-time\"><\/div><div class=\"jp-duration\"><\/div><div class=\"jp-controls-holder\"><span class=\"jp-play\"><\/span><span class=\"jp-pause\"><\/span><span class=\"jp-mute\"><\/span><span class=\"jp-unmute\"><\/span><span class=\"jp-full-screen\"><\/span><span class=\"jp-restore-screen\"><\/span><div class=\"jp-volume-bar\"><div class=\"jp-volume-bar-value\"><\/div><\/div><\/div><\/div><\/div><\/div><\/div>\n<p>&nbsp;<\/p>\n","protected":false},"excerpt":{"rendered":"<p>Le vendredi 05 juin 2015 a eu lieu le vernissage de l\u2019exposition de travaux d\u2019\u00e9l\u00e8ves issus des projets de la CREATION ARTISTIQUE des 3ACACIA en collaboration avec la classe de CP de Mme Lakermance de l\u2019\u00e9cole Lisley Geoffroy ainsi que de l\u2019IDD des 3BANIAN ET 3FLAMBOYANT non europ\u00e9enne. Ce fut\u2026<\/p>\n<p class=\"continue-reading-button\"> <a class=\"continue-reading-link\" href=\"https:\/\/etab.ac-reunion.fr\/clg-tamarins\/vernissage-des-travaux-deleves-de-3emes-idd-et-creation-artistique\/\">Continuer \u00e0 lire<i class=\"crycon-right-dir\"><\/i><\/a><\/p>\n","protected":false},"author":3303,"featured_media":4099,"comment_status":"closed","ping_status":"closed","sticky":false,"template":"","format":"standard","meta":{"footnotes":""},"categories":[12,81],"tags":[],"class_list":["post-4033","post","type-post","status-publish","format-standard","has-post-thumbnail","hentry","category-optionidd","category-parrainage-3emecp"],"_links":{"self":[{"href":"https:\/\/etab.ac-reunion.fr\/clg-tamarins\/wp-json\/wp\/v2\/posts\/4033","targetHints":{"allow":["GET"]}}],"collection":[{"href":"https:\/\/etab.ac-reunion.fr\/clg-tamarins\/wp-json\/wp\/v2\/posts"}],"about":[{"href":"https:\/\/etab.ac-reunion.fr\/clg-tamarins\/wp-json\/wp\/v2\/types\/post"}],"author":[{"embeddable":true,"href":"https:\/\/etab.ac-reunion.fr\/clg-tamarins\/wp-json\/wp\/v2\/users\/3303"}],"replies":[{"embeddable":true,"href":"https:\/\/etab.ac-reunion.fr\/clg-tamarins\/wp-json\/wp\/v2\/comments?post=4033"}],"version-history":[{"count":15,"href":"https:\/\/etab.ac-reunion.fr\/clg-tamarins\/wp-json\/wp\/v2\/posts\/4033\/revisions"}],"predecessor-version":[{"id":4113,"href":"https:\/\/etab.ac-reunion.fr\/clg-tamarins\/wp-json\/wp\/v2\/posts\/4033\/revisions\/4113"}],"wp:featuredmedia":[{"embeddable":true,"href":"https:\/\/etab.ac-reunion.fr\/clg-tamarins\/wp-json\/wp\/v2\/media\/4099"}],"wp:attachment":[{"href":"https:\/\/etab.ac-reunion.fr\/clg-tamarins\/wp-json\/wp\/v2\/media?parent=4033"}],"wp:term":[{"taxonomy":"category","embeddable":true,"href":"https:\/\/etab.ac-reunion.fr\/clg-tamarins\/wp-json\/wp\/v2\/categories?post=4033"},{"taxonomy":"post_tag","embeddable":true,"href":"https:\/\/etab.ac-reunion.fr\/clg-tamarins\/wp-json\/wp\/v2\/tags?post=4033"}],"curies":[{"name":"wp","href":"https:\/\/api.w.org\/{rel}","templated":true}]}}