{"id":4039,"date":"2015-06-24T11:23:03","date_gmt":"2015-06-24T07:23:03","guid":{"rendered":"http:\/\/college-les-tamarins.ac-reunion.fr\/?p=4039"},"modified":"2015-06-24T11:23:03","modified_gmt":"2015-06-24T07:23:03","slug":"sortie-ponts-paysages-de-rivieres-mardi-5-mai-2015","status":"publish","type":"post","link":"https:\/\/etab.ac-reunion.fr\/clg-tamarins\/sortie-ponts-paysages-de-rivieres-mardi-5-mai-2015\/","title":{"rendered":"Sortie Ponts &amp; Paysages de rivi\u00e8res (Mardi 5 Mai 2015)"},"content":{"rendered":"<h2><span style=\"color: #0000ff\">Des 5\u00e8mes au-dessus du vide&#8230;<\/span><\/h2>\n<p>&nbsp;<\/p>\n<p><span style=\"color: #808080\"><span style=\"font-size: 18pt\"><strong>C<\/strong><\/span>\u2019\u00e9tait avec beaucoup d\u2019impatience que nos 2 classes de 5\u00e8mes (5\u00e8me Letchis, 5\u00e8me Bilimbi) attendaient cette sortie totalement d\u00e9paysante, ainsi, malgr\u00e9 un l\u00e9ger retard du bus ce matin-l\u00e0, l\u2019entrain des \u00e9l\u00e8ves \u00e9tait palpable pour aller \u00e0 l\u2019aventure.<!--more--><\/span><\/p>\n<p><span style=\"color: #808080\">Au programme la d\u00e9couverte d\u2019un panel complet de ponts et rivi\u00e8res :<\/span><br \/>\n<span style=\"color: #808080\"> &#8211; Passage par le sud sauvage -&gt; Pont ou Passerelle de la Pile (Saint-Joseph) au-dessus de la Rivi\u00e8re des Remparts,<\/span><br \/>\n<span style=\"color: #808080\"> &#8211; Direction l\u2019Entre-Deux -&gt; Pont du Bras de la Plaine, plus commun\u00e9ment appel\u00e9 le Pont de l\u2019Entre-Deux (liaison Entre-Deux \/ Ravine des Cabris) surplombant le Bras de la Plaine<\/span><br \/>\n<span style=\"color: #808080\"> &#8211; Pique-nique dans le bas de La Rivi\u00e8re Saint-Louis -&gt; Pont du Ouaki (liaison Rivi\u00e8re Saint-Louis \/ Ravine des Cabris) traversant aussi le Bras de la Plaine mais \u00e0 moindre altitude,<\/span><br \/>\n<span style=\"color: #808080\"> &#8211; Terminus des visites Saint-Louis -&gt; Nouveau pont de la Rivi\u00e8re Saint-Etienne (jonction Saint-Louis \/ Saint-Pierre) au-dessus de la Rivi\u00e8re Saint-Etienne (Convergence du Bras de la Plaine et du Bras de Cilaos).<\/span><\/p>\n<p><span style=\"color: #808080\">Malgr\u00e9 un soleil de plomb et un dossier p\u00e9dagogique \u00e0 remplir les \u00e9l\u00e8ves se sont donn\u00e9 \u00e0 c\u0153ur-joie et participaient relativement bien aux diff\u00e9rents modules propos\u00e9s. Outre les franchissements de rivi\u00e8res, les sauts d\u2019obstacles, les descentes dans les sentiers et une lutte contre le vertige, nos jeunes aventuriers en herbe en ont vu plein des yeux sur les diff\u00e9rents sites y compris lorsque certains ponts et m\u00eame notre bus nous affichent des peintures de \u00ab Gouzous \u00bb, figures embl\u00e9matiques de JACE (Artiste parrain du coll\u00e8ge) tant appr\u00e9ci\u00e9es par nos \u00e9l\u00e8ves. Ce f\u00fbt l\u2019occasion pour eux de d\u00e9couvrir des paysages pas si lointains mais bien souvent inconnus ou inexplor\u00e9s mais aussi de rassembler diff\u00e9rents enseignants de diff\u00e9rentes disciplines autour d\u2019un m\u00eame projet.<\/span><\/p>\n<p><span style=\"color: #808080\">L\u2019exploration des sites n\u00e9cessitaient un passage obligatoire vers les 4 animateurs de modules, \u00e0 savoir Mr RABOUILLE nous contant comme jamais l\u2019histoire de ces sites et nous partageant ses connaissances, Mr LEVEQUE en v\u00e9ritable chef de chantier avec ses prises de mesures sur chaque ouvrage d\u2019art, Mme FIEGENWALD experte de des ressources naturelles, explorant les sols et les rivi\u00e8res environnantes et Mr HOARAU laissant parler les talents d\u2019artiste des \u00e9l\u00e8ves \u00e0 travers des dessins d\u2019ouvrages et leur analyse.<\/span><\/p>\n<p><span style=\"color: #808080\">Les \u00e9l\u00e8ves ont eu plaisir \u00e0 d\u00e9couvrir ou red\u00e9couvrir ces diff\u00e9rents sites, et quitter leur quotidien juste avant un d\u00e9part en vacances, bien m\u00e9rit\u00e9 pour tous\u2026 et malgr\u00e9 quelques \u00e9l\u00e8ves ayant du mal \u00e0 canaliser leur excitation, certains oubliant de se chausser correctement et d\u2019autres pr\u00e9sentant quelques malaises sur les d\u00e9placements, ce f\u00fbt une tr\u00e8s belle journ\u00e9e o\u00f9 l\u2019\u00e9merveillement dans les yeux de certains \u00e9l\u00e8ves et les relations diff\u00e9rentes hors \u00e9tablissement scolaire en valaient bien le d\u00e9tour.<\/span><\/p>\n<p>&nbsp;<\/p>\n<h3 style=\"text-align: center\"><span style=\"text-decoration: underline\">Pour conclure voici quelques commentaires laiss\u00e9s par nos \u00e9l\u00e8ves<\/span> :<\/h3>\n<p>&nbsp;<\/p>\n<p style=\"text-align: center\"><span style=\"color: #99cc00\">\u00ab Ce que j\u2019ai le plus appr\u00e9ci\u00e9 dans la sortie c\u2019\u00e9tait le Pont de L\u2019Entre-Deux. \u00bb (ABOUBACAR Ariade \u2013 5\u00e8me Letchis)<\/span><br \/>\n<span style=\"color: #800080\">\u00ab C\u2019\u00e9tait une grande d\u00e9couverte, c\u2019\u00e9tait cool, extraordinaire, j\u2019ai pu d\u00e9couvrir des choses sur La R\u00e9union. \u00bb (THOMAS Marie-Yvonne \u2013 5\u00e8me Bilimbi)<\/span><br \/>\n<span style=\"color: #99cc00\"> \u00ab On a bien rigol\u00e9, on s\u2019est amus\u00e9, c\u2019\u00e9tait super ! \u00bb (PAIUS Nancy \u2013 5\u00e8me Letchis)<\/span><br \/>\n<span style=\"color: #800080\"> \u00ab C\u2019\u00e9tait chouette d\u2019apprendre des choses sur les ponts. \u00bb (FONTAINE Am\u00e9lie \u2013 5\u00e8me Bilimbi)<\/span><br \/>\n<span style=\"color: #99cc00\"> \u00ab C\u2019\u00e9tait g\u00e9nial, on a appris beaucoup de choses ! \u00bb (DJAMBAE Rouquayya \u2013 5\u00e8me Letchis)<\/span><br \/>\n<span style=\"color: #800080\"> \u00ab \u2026 quand on \u00e9tait sous le pont du Ouaki, juste magnifique ! \u00bb (SIMANS Yndrani \u2013 5\u00e8me Bilimbi)<\/span><br \/>\n<span style=\"color: #99cc00\"> \u00ab C\u2019\u00e9tait bien d\u2019apprendre plusieurs choses sur les ponts. \u00bb (RUCHON Thomas)<\/span><br \/>\n<span style=\"color: #800080\"> \u00ab C\u2019\u00e9tait cool et magnifique ! \u00bb (CHAMPY Alicia \u2013 5\u00e8me Bilimbi)<\/span><br \/>\n<span style=\"color: #99cc00\"> \u00ab On a appris beaucoup de choses, les noms des ponts\u2026 \u00bb (BUREL Sophie \u2013 5\u00e8me Letchis)<\/span><br \/>\n<span style=\"color: #800080\"> \u00ab A refaire ! \u00bb (MOUNIR Hudayfa \u2013 5\u00e8me Bilimbi)<\/span><br \/>\n<span style=\"color: #99cc00\"> \u00ab C\u2019\u00e9tait bien, on s\u2019est amus\u00e9, on a bien rit et travaill\u00e9 ! \u00bb (LATUF Izack \u2013 5\u00e8me Letchis)<\/span><br \/>\n<span style=\"color: #800080\"> \u00ab Super cool ! sauf quand on m\u2019a pouss\u00e9 dans l\u2019eau\u2026 \u00bb (FRAKSO Adib \u2013 5\u00e8me Bilimbi)<\/span><br \/>\n<span style=\"color: #99cc00\"> \u00ab On s\u2019est bien amus\u00e9, on a bien rit, c\u2019\u00e9taient des ponts qu\u2019on avait jamais vu. \u00bb (FRISSUR Reydja \u2013 5\u00e8me Letchis)<\/span><\/p>\n<p style=\"text-align: center\"><span style=\"color: #ff6600;font-size: 16pt\"><strong>Par ici les photos !!!<\/strong><\/span><\/p>\n\n\t\t<style type=\"text\/css\">\n\t\t\t#gallery-1 {\n\t\t\t\tmargin: auto;\n\t\t\t}\n\t\t\t#gallery-1 .gallery-item {\n\t\t\t\tfloat: left;\n\t\t\t\tmargin-top: 10px;\n\t\t\t\ttext-align: center;\n\t\t\t\twidth: 33%;\n\t\t\t}\n\t\t\t#gallery-1 img {\n\t\t\t\tborder: 2px solid #cfcfcf;\n\t\t\t}\n\t\t\t#gallery-1 .gallery-caption {\n\t\t\t\tmargin-left: 0;\n\t\t\t}\n\t\t\t\/* see gallery_shortcode() in wp-includes\/media.php *\/\n\t\t<\/style>\n\t\t<div id='gallery-1' class='gallery galleryid-4039 gallery-columns-3 gallery-size-thumbnail'><dl class='gallery-item'>\n\t\t\t<dt class='gallery-icon landscape'>\n\t\t\t\t<a href='https:\/\/etab.ac-reunion.fr\/clg-tamarins\/sortie-ponts-paysages-de-rivieres-mardi-5-mai-2015\/pont-de-la-pile\/'><img loading=\"lazy\" decoding=\"async\" width=\"150\" height=\"150\" src=\"https:\/\/etab.ac-reunion.fr\/clg-tamarins\/wp-content\/uploads\/sites\/56\/2015\/06\/Pont-de-la-pile-150x150.jpg\" class=\"attachment-thumbnail size-thumbnail\" alt=\"\" aria-describedby=\"gallery-1-4080\" srcset=\"https:\/\/etab.ac-reunion.fr\/clg-tamarins\/wp-content\/uploads\/sites\/56\/2015\/06\/Pont-de-la-pile-150x150.jpg 150w, https:\/\/etab.ac-reunion.fr\/clg-tamarins\/wp-content\/uploads\/sites\/56\/2015\/06\/Pont-de-la-pile-140x140.jpg 140w, https:\/\/etab.ac-reunion.fr\/clg-tamarins\/wp-content\/uploads\/sites\/56\/2015\/06\/Pont-de-la-pile-74x74.jpg 74w, https:\/\/etab.ac-reunion.fr\/clg-tamarins\/wp-content\/uploads\/sites\/56\/2015\/06\/Pont-de-la-pile-184x184.jpg 184w\" sizes=\"auto, (max-width: 150px) 100vw, 150px\" \/><\/a>\n\t\t\t<\/dt>\n\t\t\t\t<dd class='wp-caption-text gallery-caption' id='gallery-1-4080'>\n\t\t\t\tPont de la Pile\n\t\t\t\t<\/dd><\/dl><dl class='gallery-item'>\n\t\t\t<dt class='gallery-icon portrait'>\n\t\t\t\t<a href='https:\/\/etab.ac-reunion.fr\/clg-tamarins\/sortie-ponts-paysages-de-rivieres-mardi-5-mai-2015\/petite-pause-au-dessus-de-la-riviere-des-remparts\/'><img loading=\"lazy\" decoding=\"async\" width=\"150\" height=\"150\" src=\"https:\/\/etab.ac-reunion.fr\/clg-tamarins\/wp-content\/uploads\/sites\/56\/2015\/06\/Petite-pause-au-dessus-de-la-Rivi\u00e8re-des-Remparts-e1435129424872-150x150.jpg\" class=\"attachment-thumbnail size-thumbnail\" alt=\"\" aria-describedby=\"gallery-1-4076\" srcset=\"https:\/\/etab.ac-reunion.fr\/clg-tamarins\/wp-content\/uploads\/sites\/56\/2015\/06\/Petite-pause-au-dessus-de-la-Rivi\u00e8re-des-Remparts-e1435129424872-150x150.jpg 150w, https:\/\/etab.ac-reunion.fr\/clg-tamarins\/wp-content\/uploads\/sites\/56\/2015\/06\/Petite-pause-au-dessus-de-la-Rivi\u00e8re-des-Remparts-e1435129424872-140x140.jpg 140w, https:\/\/etab.ac-reunion.fr\/clg-tamarins\/wp-content\/uploads\/sites\/56\/2015\/06\/Petite-pause-au-dessus-de-la-Rivi\u00e8re-des-Remparts-e1435129424872-74x74.jpg 74w, https:\/\/etab.ac-reunion.fr\/clg-tamarins\/wp-content\/uploads\/sites\/56\/2015\/06\/Petite-pause-au-dessus-de-la-Rivi\u00e8re-des-Remparts-e1435129424872-184x184.jpg 184w\" sizes=\"auto, (max-width: 150px) 100vw, 150px\" \/><\/a>\n\t\t\t<\/dt>\n\t\t\t\t<dd class='wp-caption-text gallery-caption' id='gallery-1-4076'>\n\t\t\t\tPetite pause au-dessus de la Rivi\u00e8re des Remparts\n\t\t\t\t<\/dd><\/dl><dl class='gallery-item'>\n\t\t\t<dt class='gallery-icon landscape'>\n\t\t\t\t<a href='https:\/\/etab.ac-reunion.fr\/clg-tamarins\/sortie-ponts-paysages-de-rivieres-mardi-5-mai-2015\/pont-du-bras-de-la-plaine\/'><img loading=\"lazy\" decoding=\"async\" width=\"150\" height=\"150\" src=\"https:\/\/etab.ac-reunion.fr\/clg-tamarins\/wp-content\/uploads\/sites\/56\/2015\/06\/Pont-du-Bras-de-la-Plaine-150x150.jpg\" class=\"attachment-thumbnail size-thumbnail\" alt=\"\" aria-describedby=\"gallery-1-4081\" srcset=\"https:\/\/etab.ac-reunion.fr\/clg-tamarins\/wp-content\/uploads\/sites\/56\/2015\/06\/Pont-du-Bras-de-la-Plaine-150x150.jpg 150w, https:\/\/etab.ac-reunion.fr\/clg-tamarins\/wp-content\/uploads\/sites\/56\/2015\/06\/Pont-du-Bras-de-la-Plaine-140x140.jpg 140w, https:\/\/etab.ac-reunion.fr\/clg-tamarins\/wp-content\/uploads\/sites\/56\/2015\/06\/Pont-du-Bras-de-la-Plaine-74x74.jpg 74w, https:\/\/etab.ac-reunion.fr\/clg-tamarins\/wp-content\/uploads\/sites\/56\/2015\/06\/Pont-du-Bras-de-la-Plaine-184x184.jpg 184w\" sizes=\"auto, (max-width: 150px) 100vw, 150px\" \/><\/a>\n\t\t\t<\/dt>\n\t\t\t\t<dd class='wp-caption-text gallery-caption' id='gallery-1-4081'>\n\t\t\t\tPont du Bras de la Plaine\n\t\t\t\t<\/dd><\/dl><br style=\"clear: both\" \/><dl class='gallery-item'>\n\t\t\t<dt class='gallery-icon portrait'>\n\t\t\t\t<a href='https:\/\/etab.ac-reunion.fr\/clg-tamarins\/sortie-ponts-paysages-de-rivieres-mardi-5-mai-2015\/briefing-sur-le-parking-du-pont-du-bras-de-la-plaine\/'><img loading=\"lazy\" decoding=\"async\" width=\"150\" height=\"150\" src=\"https:\/\/etab.ac-reunion.fr\/clg-tamarins\/wp-content\/uploads\/sites\/56\/2015\/06\/Briefing-sur-le-parking-du-Pont-du-Bras-de-la-Plaine-e1435129384394-150x150.jpg\" class=\"attachment-thumbnail size-thumbnail\" alt=\"\" aria-describedby=\"gallery-1-4073\" srcset=\"https:\/\/etab.ac-reunion.fr\/clg-tamarins\/wp-content\/uploads\/sites\/56\/2015\/06\/Briefing-sur-le-parking-du-Pont-du-Bras-de-la-Plaine-e1435129384394-150x150.jpg 150w, https:\/\/etab.ac-reunion.fr\/clg-tamarins\/wp-content\/uploads\/sites\/56\/2015\/06\/Briefing-sur-le-parking-du-Pont-du-Bras-de-la-Plaine-e1435129384394-140x140.jpg 140w, https:\/\/etab.ac-reunion.fr\/clg-tamarins\/wp-content\/uploads\/sites\/56\/2015\/06\/Briefing-sur-le-parking-du-Pont-du-Bras-de-la-Plaine-e1435129384394-74x74.jpg 74w, https:\/\/etab.ac-reunion.fr\/clg-tamarins\/wp-content\/uploads\/sites\/56\/2015\/06\/Briefing-sur-le-parking-du-Pont-du-Bras-de-la-Plaine-e1435129384394-184x184.jpg 184w\" sizes=\"auto, (max-width: 150px) 100vw, 150px\" \/><\/a>\n\t\t\t<\/dt>\n\t\t\t\t<dd class='wp-caption-text gallery-caption' id='gallery-1-4073'>\n\t\t\t\tBriefing sur le parking du Pont du Bras de la Plaine\n\t\t\t\t<\/dd><\/dl><dl class='gallery-item'>\n\t\t\t<dt class='gallery-icon portrait'>\n\t\t\t\t<a href='https:\/\/etab.ac-reunion.fr\/clg-tamarins\/sortie-ponts-paysages-de-rivieres-mardi-5-mai-2015\/prise-de-notes-pont-du-bras-de-la-plaine\/'><img loading=\"lazy\" decoding=\"async\" width=\"150\" height=\"150\" src=\"https:\/\/etab.ac-reunion.fr\/clg-tamarins\/wp-content\/uploads\/sites\/56\/2015\/06\/Prise-de-notes-Pont-du-Bras-de-la-Plaine-e1435129404751-150x150.jpg\" class=\"attachment-thumbnail size-thumbnail\" alt=\"\" aria-describedby=\"gallery-1-4083\" srcset=\"https:\/\/etab.ac-reunion.fr\/clg-tamarins\/wp-content\/uploads\/sites\/56\/2015\/06\/Prise-de-notes-Pont-du-Bras-de-la-Plaine-e1435129404751-150x150.jpg 150w, https:\/\/etab.ac-reunion.fr\/clg-tamarins\/wp-content\/uploads\/sites\/56\/2015\/06\/Prise-de-notes-Pont-du-Bras-de-la-Plaine-e1435129404751-140x140.jpg 140w, https:\/\/etab.ac-reunion.fr\/clg-tamarins\/wp-content\/uploads\/sites\/56\/2015\/06\/Prise-de-notes-Pont-du-Bras-de-la-Plaine-e1435129404751-74x74.jpg 74w, https:\/\/etab.ac-reunion.fr\/clg-tamarins\/wp-content\/uploads\/sites\/56\/2015\/06\/Prise-de-notes-Pont-du-Bras-de-la-Plaine-e1435129404751-184x184.jpg 184w\" sizes=\"auto, (max-width: 150px) 100vw, 150px\" \/><\/a>\n\t\t\t<\/dt>\n\t\t\t\t<dd class='wp-caption-text gallery-caption' id='gallery-1-4083'>\n\t\t\t\tPrise de notes Pont du Bras de la Plaine\n\t\t\t\t<\/dd><\/dl><dl class='gallery-item'>\n\t\t\t<dt class='gallery-icon landscape'>\n\t\t\t\t<a href='https:\/\/etab.ac-reunion.fr\/clg-tamarins\/sortie-ponts-paysages-de-rivieres-mardi-5-mai-2015\/pont-du-ouaki\/'><img loading=\"lazy\" decoding=\"async\" width=\"150\" height=\"150\" src=\"https:\/\/etab.ac-reunion.fr\/clg-tamarins\/wp-content\/uploads\/sites\/56\/2015\/06\/Pont-du-Ouaki-150x150.jpg\" class=\"attachment-thumbnail size-thumbnail\" alt=\"\" aria-describedby=\"gallery-1-4082\" srcset=\"https:\/\/etab.ac-reunion.fr\/clg-tamarins\/wp-content\/uploads\/sites\/56\/2015\/06\/Pont-du-Ouaki-150x150.jpg 150w, https:\/\/etab.ac-reunion.fr\/clg-tamarins\/wp-content\/uploads\/sites\/56\/2015\/06\/Pont-du-Ouaki-140x140.jpg 140w, https:\/\/etab.ac-reunion.fr\/clg-tamarins\/wp-content\/uploads\/sites\/56\/2015\/06\/Pont-du-Ouaki-74x74.jpg 74w, https:\/\/etab.ac-reunion.fr\/clg-tamarins\/wp-content\/uploads\/sites\/56\/2015\/06\/Pont-du-Ouaki-184x184.jpg 184w\" sizes=\"auto, (max-width: 150px) 100vw, 150px\" \/><\/a>\n\t\t\t<\/dt>\n\t\t\t\t<dd class='wp-caption-text gallery-caption' id='gallery-1-4082'>\n\t\t\t\tPont du Ouaki\n\t\t\t\t<\/dd><\/dl><br style=\"clear: both\" \/><dl class='gallery-item'>\n\t\t\t<dt class='gallery-icon landscape'>\n\t\t\t\t<a href='https:\/\/etab.ac-reunion.fr\/clg-tamarins\/sortie-ponts-paysages-de-rivieres-mardi-5-mai-2015\/pile-gouzous-du-pont-du-ouaki\/'><img loading=\"lazy\" decoding=\"async\" width=\"150\" height=\"150\" src=\"https:\/\/etab.ac-reunion.fr\/clg-tamarins\/wp-content\/uploads\/sites\/56\/2015\/06\/Pile-Gouzous-du-Pont-du-Ouaki-150x150.jpg\" class=\"attachment-thumbnail size-thumbnail\" alt=\"\" aria-describedby=\"gallery-1-4078\" srcset=\"https:\/\/etab.ac-reunion.fr\/clg-tamarins\/wp-content\/uploads\/sites\/56\/2015\/06\/Pile-Gouzous-du-Pont-du-Ouaki-150x150.jpg 150w, https:\/\/etab.ac-reunion.fr\/clg-tamarins\/wp-content\/uploads\/sites\/56\/2015\/06\/Pile-Gouzous-du-Pont-du-Ouaki-140x140.jpg 140w, https:\/\/etab.ac-reunion.fr\/clg-tamarins\/wp-content\/uploads\/sites\/56\/2015\/06\/Pile-Gouzous-du-Pont-du-Ouaki-74x74.jpg 74w, https:\/\/etab.ac-reunion.fr\/clg-tamarins\/wp-content\/uploads\/sites\/56\/2015\/06\/Pile-Gouzous-du-Pont-du-Ouaki-184x184.jpg 184w\" sizes=\"auto, (max-width: 150px) 100vw, 150px\" \/><\/a>\n\t\t\t<\/dt>\n\t\t\t\t<dd class='wp-caption-text gallery-caption' id='gallery-1-4078'>\n\t\t\t\tPile Gouzous du Pont du Ouaki\n\t\t\t\t<\/dd><\/dl><dl class='gallery-item'>\n\t\t\t<dt class='gallery-icon portrait'>\n\t\t\t\t<a href='https:\/\/etab.ac-reunion.fr\/clg-tamarins\/sortie-ponts-paysages-de-rivieres-mardi-5-mai-2015\/pile-temoin-pont-riviere-saint-etienne\/'><img loading=\"lazy\" decoding=\"async\" width=\"150\" height=\"150\" src=\"https:\/\/etab.ac-reunion.fr\/clg-tamarins\/wp-content\/uploads\/sites\/56\/2015\/06\/Pile-t\u00e9moin-Pont-Rivi\u00e8re-Saint-Etienne-e1435129451534-150x150.jpg\" class=\"attachment-thumbnail size-thumbnail\" alt=\"\" aria-describedby=\"gallery-1-4079\" srcset=\"https:\/\/etab.ac-reunion.fr\/clg-tamarins\/wp-content\/uploads\/sites\/56\/2015\/06\/Pile-t\u00e9moin-Pont-Rivi\u00e8re-Saint-Etienne-e1435129451534-150x150.jpg 150w, https:\/\/etab.ac-reunion.fr\/clg-tamarins\/wp-content\/uploads\/sites\/56\/2015\/06\/Pile-t\u00e9moin-Pont-Rivi\u00e8re-Saint-Etienne-e1435129451534-140x140.jpg 140w, https:\/\/etab.ac-reunion.fr\/clg-tamarins\/wp-content\/uploads\/sites\/56\/2015\/06\/Pile-t\u00e9moin-Pont-Rivi\u00e8re-Saint-Etienne-e1435129451534-74x74.jpg 74w, https:\/\/etab.ac-reunion.fr\/clg-tamarins\/wp-content\/uploads\/sites\/56\/2015\/06\/Pile-t\u00e9moin-Pont-Rivi\u00e8re-Saint-Etienne-e1435129451534-184x184.jpg 184w\" sizes=\"auto, (max-width: 150px) 100vw, 150px\" \/><\/a>\n\t\t\t<\/dt>\n\t\t\t\t<dd class='wp-caption-text gallery-caption' id='gallery-1-4079'>\n\t\t\t\tPile t\u00e9moin Pont Rivi\u00e8re Saint-Etienne\n\t\t\t\t<\/dd><\/dl><dl class='gallery-item'>\n\t\t\t<dt class='gallery-icon landscape'>\n\t\t\t\t<a href='https:\/\/etab.ac-reunion.fr\/clg-tamarins\/sortie-ponts-paysages-de-rivieres-mardi-5-mai-2015\/ecriture-humaine-tamarins\/'><img loading=\"lazy\" decoding=\"async\" width=\"150\" height=\"150\" src=\"https:\/\/etab.ac-reunion.fr\/clg-tamarins\/wp-content\/uploads\/sites\/56\/2015\/06\/Ecriture-humaine-TAMARINS-150x150.jpg\" class=\"attachment-thumbnail size-thumbnail\" alt=\"\" aria-describedby=\"gallery-1-4074\" srcset=\"https:\/\/etab.ac-reunion.fr\/clg-tamarins\/wp-content\/uploads\/sites\/56\/2015\/06\/Ecriture-humaine-TAMARINS-150x150.jpg 150w, https:\/\/etab.ac-reunion.fr\/clg-tamarins\/wp-content\/uploads\/sites\/56\/2015\/06\/Ecriture-humaine-TAMARINS-140x140.jpg 140w, https:\/\/etab.ac-reunion.fr\/clg-tamarins\/wp-content\/uploads\/sites\/56\/2015\/06\/Ecriture-humaine-TAMARINS-74x74.jpg 74w, https:\/\/etab.ac-reunion.fr\/clg-tamarins\/wp-content\/uploads\/sites\/56\/2015\/06\/Ecriture-humaine-TAMARINS-184x184.jpg 184w\" sizes=\"auto, (max-width: 150px) 100vw, 150px\" \/><\/a>\n\t\t\t<\/dt>\n\t\t\t\t<dd class='wp-caption-text gallery-caption' id='gallery-1-4074'>\n\t\t\t\tEcriture humaine TAMARINS\n\t\t\t\t<\/dd><\/dl><br style=\"clear: both\" \/><dl class='gallery-item'>\n\t\t\t<dt class='gallery-icon portrait'>\n\t\t\t\t<a href='https:\/\/etab.ac-reunion.fr\/clg-tamarins\/sortie-ponts-paysages-de-rivieres-mardi-5-mai-2015\/hommage-au-college-sous-la-pile-temoin\/'><img loading=\"lazy\" decoding=\"async\" width=\"150\" height=\"150\" src=\"https:\/\/etab.ac-reunion.fr\/clg-tamarins\/wp-content\/uploads\/sites\/56\/2015\/06\/Hommage-au-Coll\u00e8ge-sous-la-pile-t\u00e9moin-150x150.jpg\" class=\"attachment-thumbnail size-thumbnail\" alt=\"\" aria-describedby=\"gallery-1-4075\" srcset=\"https:\/\/etab.ac-reunion.fr\/clg-tamarins\/wp-content\/uploads\/sites\/56\/2015\/06\/Hommage-au-Coll\u00e8ge-sous-la-pile-t\u00e9moin-150x150.jpg 150w, https:\/\/etab.ac-reunion.fr\/clg-tamarins\/wp-content\/uploads\/sites\/56\/2015\/06\/Hommage-au-Coll\u00e8ge-sous-la-pile-t\u00e9moin-140x140.jpg 140w, https:\/\/etab.ac-reunion.fr\/clg-tamarins\/wp-content\/uploads\/sites\/56\/2015\/06\/Hommage-au-Coll\u00e8ge-sous-la-pile-t\u00e9moin-74x74.jpg 74w, https:\/\/etab.ac-reunion.fr\/clg-tamarins\/wp-content\/uploads\/sites\/56\/2015\/06\/Hommage-au-Coll\u00e8ge-sous-la-pile-t\u00e9moin-184x184.jpg 184w\" sizes=\"auto, (max-width: 150px) 100vw, 150px\" \/><\/a>\n\t\t\t<\/dt>\n\t\t\t\t<dd class='wp-caption-text gallery-caption' id='gallery-1-4075'>\n\t\t\t\tHommage au Coll\u00e8ge sous la pile t\u00e9moin\n\t\t\t\t<\/dd><\/dl><dl class='gallery-item'>\n\t\t\t<dt class='gallery-icon landscape'>\n\t\t\t\t<a href='https:\/\/etab.ac-reunion.fr\/clg-tamarins\/sortie-ponts-paysages-de-rivieres-mardi-5-mai-2015\/pile-et-bus-assortis-a-limage-des-gouzous\/'><img loading=\"lazy\" decoding=\"async\" width=\"150\" height=\"150\" src=\"https:\/\/etab.ac-reunion.fr\/clg-tamarins\/wp-content\/uploads\/sites\/56\/2015\/06\/Pile-et-Bus-assortis-\u00e0-limage-des-Gouzous-150x150.jpg\" class=\"attachment-thumbnail size-thumbnail\" alt=\"\" aria-describedby=\"gallery-1-4077\" srcset=\"https:\/\/etab.ac-reunion.fr\/clg-tamarins\/wp-content\/uploads\/sites\/56\/2015\/06\/Pile-et-Bus-assortis-\u00e0-limage-des-Gouzous-150x150.jpg 150w, https:\/\/etab.ac-reunion.fr\/clg-tamarins\/wp-content\/uploads\/sites\/56\/2015\/06\/Pile-et-Bus-assortis-\u00e0-limage-des-Gouzous-140x140.jpg 140w, https:\/\/etab.ac-reunion.fr\/clg-tamarins\/wp-content\/uploads\/sites\/56\/2015\/06\/Pile-et-Bus-assortis-\u00e0-limage-des-Gouzous-74x74.jpg 74w, https:\/\/etab.ac-reunion.fr\/clg-tamarins\/wp-content\/uploads\/sites\/56\/2015\/06\/Pile-et-Bus-assortis-\u00e0-limage-des-Gouzous-184x184.jpg 184w\" sizes=\"auto, (max-width: 150px) 100vw, 150px\" \/><\/a>\n\t\t\t<\/dt>\n\t\t\t\t<dd class='wp-caption-text gallery-caption' id='gallery-1-4077'>\n\t\t\t\tPile et Bus assortis \u00e0 l&rsquo;image des Gouzous\n\t\t\t\t<\/dd><\/dl>\n\t\t\t<br style='clear: both' \/>\n\t\t<\/div>\n\n","protected":false},"excerpt":{"rendered":"<p>Des 5\u00e8mes au-dessus du vide&#8230; &nbsp; C\u2019\u00e9tait avec beaucoup d\u2019impatience que nos 2 classes de 5\u00e8mes (5\u00e8me Letchis, 5\u00e8me Bilimbi) attendaient cette sortie totalement d\u00e9paysante, ainsi, malgr\u00e9 un l\u00e9ger retard du bus ce matin-l\u00e0, l\u2019entrain des \u00e9l\u00e8ves \u00e9tait palpable pour aller \u00e0 l\u2019aventure.<\/p>\n<p class=\"continue-reading-button\"> <a class=\"continue-reading-link\" href=\"https:\/\/etab.ac-reunion.fr\/clg-tamarins\/sortie-ponts-paysages-de-rivieres-mardi-5-mai-2015\/\">Continuer \u00e0 lire<i class=\"crycon-right-dir\"><\/i><\/a><\/p>\n","protected":false},"author":3103,"featured_media":4079,"comment_status":"closed","ping_status":"closed","sticky":false,"template":"","format":"standard","meta":{"footnotes":""},"categories":[91],"tags":[],"class_list":["post-4039","post","type-post","status-publish","format-standard","has-post-thumbnail","hentry","category-ponts-rivieres"],"_links":{"self":[{"href":"https:\/\/etab.ac-reunion.fr\/clg-tamarins\/wp-json\/wp\/v2\/posts\/4039","targetHints":{"allow":["GET"]}}],"collection":[{"href":"https:\/\/etab.ac-reunion.fr\/clg-tamarins\/wp-json\/wp\/v2\/posts"}],"about":[{"href":"https:\/\/etab.ac-reunion.fr\/clg-tamarins\/wp-json\/wp\/v2\/types\/post"}],"author":[{"embeddable":true,"href":"https:\/\/etab.ac-reunion.fr\/clg-tamarins\/wp-json\/wp\/v2\/users\/3103"}],"replies":[{"embeddable":true,"href":"https:\/\/etab.ac-reunion.fr\/clg-tamarins\/wp-json\/wp\/v2\/comments?post=4039"}],"version-history":[{"count":10,"href":"https:\/\/etab.ac-reunion.fr\/clg-tamarins\/wp-json\/wp\/v2\/posts\/4039\/revisions"}],"predecessor-version":[{"id":4085,"href":"https:\/\/etab.ac-reunion.fr\/clg-tamarins\/wp-json\/wp\/v2\/posts\/4039\/revisions\/4085"}],"wp:featuredmedia":[{"embeddable":true,"href":"https:\/\/etab.ac-reunion.fr\/clg-tamarins\/wp-json\/wp\/v2\/media\/4079"}],"wp:attachment":[{"href":"https:\/\/etab.ac-reunion.fr\/clg-tamarins\/wp-json\/wp\/v2\/media?parent=4039"}],"wp:term":[{"taxonomy":"category","embeddable":true,"href":"https:\/\/etab.ac-reunion.fr\/clg-tamarins\/wp-json\/wp\/v2\/categories?post=4039"},{"taxonomy":"post_tag","embeddable":true,"href":"https:\/\/etab.ac-reunion.fr\/clg-tamarins\/wp-json\/wp\/v2\/tags?post=4039"}],"curies":[{"name":"wp","href":"https:\/\/api.w.org\/{rel}","templated":true}]}}