{"id":4248,"date":"2015-11-23T14:01:49","date_gmt":"2015-11-23T10:01:49","guid":{"rendered":"http:\/\/college-les-tamarins.ac-reunion.fr\/?p=4248"},"modified":"2015-11-23T14:01:49","modified_gmt":"2015-11-23T10:01:49","slug":"la-visite-a-la-mosquee","status":"publish","type":"post","link":"https:\/\/etab.ac-reunion.fr\/clg-tamarins\/la-visite-a-la-mosquee\/","title":{"rendered":"La visite \u00e0 la mosqu\u00e9e"},"content":{"rendered":"<p align=\"CENTER\"><span style=\"color: #c5000b\"> <span style=\"font-size: large\">la mosqu\u00e9e vue par les 5\u00b0 BILIMBIS<\/span><\/span><\/p>\n<p align=\"JUSTIFY\"><span style=\"color: #000000\"> Le mercredi 4 novembre, sur n\u00f4tre heure de cours habituelle, nous sommes all\u00e9s avec notre la classe \u00e0 la mosqu\u00e9e de Saint-Pierre qui se nomme ATYABOU-MASSADJ dont la construction remonte \u00e0 1970 et a \u00e9t\u00e9 termin\u00e9e en 1975\u00a0. De l&rsquo;ext\u00e9rieur, la premi\u00e8re chose qui a frapp\u00e9 notre regard, a \u00e9t\u00e9 le minaret\u00a0: Avec, \u00e0 son sommet une \u00e9toile \u00e0 cinq branches et un croissant de lune.<\/span><\/p>\n<p align=\"JUSTIFY\"><span style=\"color: #000000\">Nous sommes entr\u00e9s dans la mosqu\u00e9e o\u00f9 nous devions quitter nos chaussures, il y avait des tapis verts qui font penser \u00e0 la nature, \u00e0 l&rsquo;eau, aux plantes (que l&rsquo;on retrouve dans les oasis du d\u00e9sert d&rsquo;Arabie!)\u00a0\u2026Toujours dans l&rsquo;entr\u00e9e nous avons vu, sur un tableau, \u00e9crites leurs heures de pri\u00e8res et on a vu \u00e9galement qu&rsquo;ils n&rsquo;avaient pas la m\u00eame ann\u00e9e que nous\u2026. ils sont en 1437. <\/span><\/p>\n<p align=\"JUSTIFY\"><span style=\"color: #000000\">Apr\u00e8s nous avons d\u00e9couvert la salle de pri\u00e8re Mme CARDENAS nous a fait remarquer le minbar et le Mihrab ainsi que les 99 noms de Allah transcrits sur la coupole (le centi\u00e8me nom sera r\u00e9v\u00e9l\u00e9 aux musulmans apr\u00e8s leur mort.). Avant de prier (cinq fois par jour) les musulmans doivent \u00ab\u00a0se laver\u00a0\u00bb dans les bassins aux ablutions, on a appris que leur religion n&rsquo;\u00e9tait pas facile car il faut je\u00fbner durant le mois du ramadan (ne rien manger ni boire du lever au coucher du soleil), qu&rsquo;il faut faire le p\u00e8lerinage au moins une fois dans sa vie, mais avant tout il faut croire en Allah et son proph\u00e8te et il faut \u00e9galement faire l&rsquo;aum\u00f4ne aux pauvres\u00a0: Voil\u00e0 les 5 PILIERS de l&rsquo;Islam. Leur livre sacr\u00e9 qui se nomme le Coran se lit de fa\u00e7on sp\u00e9ciale\u00a0.On a bien aim\u00e9 cette sortie et on a appr\u00e9ci\u00e9 Mme CARDENAS car elle nous a bien tout expliqu\u00e9 et merci \u00e0 Mme ETHEVE qui nous a permis de d\u00e9couvrir un lieu de culte \u00e9tudi\u00e9 en classe. Nous esp\u00e9rons qu&rsquo;on en refera d&rsquo;autres\u2026&#8230;<\/span><\/p>\n<p align=\"CENTER\"><span style=\"color: #000000\">PRUDENCE ET OCEANE 5\u00b0 BILIMBIS<\/span><\/p>\n<p align=\"CENTER\">\n\n\t\t<style type=\"text\/css\">\n\t\t\t#gallery-1 {\n\t\t\t\tmargin: auto;\n\t\t\t}\n\t\t\t#gallery-1 .gallery-item {\n\t\t\t\tfloat: left;\n\t\t\t\tmargin-top: 10px;\n\t\t\t\ttext-align: center;\n\t\t\t\twidth: 33%;\n\t\t\t}\n\t\t\t#gallery-1 img {\n\t\t\t\tborder: 2px solid #cfcfcf;\n\t\t\t}\n\t\t\t#gallery-1 .gallery-caption {\n\t\t\t\tmargin-left: 0;\n\t\t\t}\n\t\t\t\/* see gallery_shortcode() in wp-includes\/media.php *\/\n\t\t<\/style>\n\t\t<div id='gallery-1' class='gallery galleryid-4248 gallery-columns-3 gallery-size-thumbnail'><dl class='gallery-item'>\n\t\t\t<dt class='gallery-icon landscape'>\n\t\t\t\t<a href='https:\/\/etab.ac-reunion.fr\/clg-tamarins\/la-visite-a-la-mosquee\/en-attendant-mme-cardenas\/'><img loading=\"lazy\" decoding=\"async\" width=\"150\" height=\"150\" src=\"https:\/\/etab.ac-reunion.fr\/clg-tamarins\/wp-content\/uploads\/sites\/56\/2015\/11\/En-attendant-Mme-CARDENAS-150x150.jpg\" class=\"attachment-thumbnail size-thumbnail\" alt=\"\" srcset=\"https:\/\/etab.ac-reunion.fr\/clg-tamarins\/wp-content\/uploads\/sites\/56\/2015\/11\/En-attendant-Mme-CARDENAS-150x150.jpg 150w, https:\/\/etab.ac-reunion.fr\/clg-tamarins\/wp-content\/uploads\/sites\/56\/2015\/11\/En-attendant-Mme-CARDENAS-140x140.jpg 140w, https:\/\/etab.ac-reunion.fr\/clg-tamarins\/wp-content\/uploads\/sites\/56\/2015\/11\/En-attendant-Mme-CARDENAS-74x74.jpg 74w, https:\/\/etab.ac-reunion.fr\/clg-tamarins\/wp-content\/uploads\/sites\/56\/2015\/11\/En-attendant-Mme-CARDENAS-184x184.jpg 184w\" sizes=\"auto, (max-width: 150px) 100vw, 150px\" \/><\/a>\n\t\t\t<\/dt><\/dl><dl class='gallery-item'>\n\t\t\t<dt class='gallery-icon landscape'>\n\t\t\t\t<a href='https:\/\/etab.ac-reunion.fr\/clg-tamarins\/la-visite-a-la-mosquee\/tous-attentifs-aux-explications\/'><img loading=\"lazy\" decoding=\"async\" width=\"150\" height=\"150\" src=\"https:\/\/etab.ac-reunion.fr\/clg-tamarins\/wp-content\/uploads\/sites\/56\/2015\/11\/Tous-attentifs-aux-explications-150x150.jpg\" class=\"attachment-thumbnail size-thumbnail\" alt=\"\" srcset=\"https:\/\/etab.ac-reunion.fr\/clg-tamarins\/wp-content\/uploads\/sites\/56\/2015\/11\/Tous-attentifs-aux-explications-150x150.jpg 150w, https:\/\/etab.ac-reunion.fr\/clg-tamarins\/wp-content\/uploads\/sites\/56\/2015\/11\/Tous-attentifs-aux-explications-140x140.jpg 140w, https:\/\/etab.ac-reunion.fr\/clg-tamarins\/wp-content\/uploads\/sites\/56\/2015\/11\/Tous-attentifs-aux-explications-74x74.jpg 74w, https:\/\/etab.ac-reunion.fr\/clg-tamarins\/wp-content\/uploads\/sites\/56\/2015\/11\/Tous-attentifs-aux-explications-184x184.jpg 184w\" sizes=\"auto, (max-width: 150px) 100vw, 150px\" \/><\/a>\n\t\t\t<\/dt><\/dl><dl class='gallery-item'>\n\t\t\t<dt class='gallery-icon landscape'>\n\t\t\t\t<a href='https:\/\/etab.ac-reunion.fr\/clg-tamarins\/la-visite-a-la-mosquee\/le-tableau-a-lentree\/'><img loading=\"lazy\" decoding=\"async\" width=\"150\" height=\"150\" src=\"https:\/\/etab.ac-reunion.fr\/clg-tamarins\/wp-content\/uploads\/sites\/56\/2015\/11\/Le-tableau-\u00e0-lentr\u00e9e-150x150.jpg\" class=\"attachment-thumbnail size-thumbnail\" alt=\"\" srcset=\"https:\/\/etab.ac-reunion.fr\/clg-tamarins\/wp-content\/uploads\/sites\/56\/2015\/11\/Le-tableau-\u00e0-lentr\u00e9e-150x150.jpg 150w, https:\/\/etab.ac-reunion.fr\/clg-tamarins\/wp-content\/uploads\/sites\/56\/2015\/11\/Le-tableau-\u00e0-lentr\u00e9e-140x140.jpg 140w, https:\/\/etab.ac-reunion.fr\/clg-tamarins\/wp-content\/uploads\/sites\/56\/2015\/11\/Le-tableau-\u00e0-lentr\u00e9e-74x74.jpg 74w, https:\/\/etab.ac-reunion.fr\/clg-tamarins\/wp-content\/uploads\/sites\/56\/2015\/11\/Le-tableau-\u00e0-lentr\u00e9e-184x184.jpg 184w\" sizes=\"auto, (max-width: 150px) 100vw, 150px\" \/><\/a>\n\t\t\t<\/dt><\/dl><br style=\"clear: both\" \/>\n\t\t<\/div>\n\n<p><a href=\"https:\/\/etab.ac-reunion.fr\/clg-tamarins\/wp-content\/uploads\/sites\/56\/2015\/11\/Le-minaret1.jpg\"><img loading=\"lazy\" decoding=\"async\" class=\"alignnone size-medium wp-image-4254\" src=\"https:\/\/etab.ac-reunion.fr\/clg-tamarins\/wp-content\/uploads\/sites\/56\/2015\/11\/Le-minaret1-300x200.jpg\" alt=\"Le minaret\" width=\"300\" height=\"200\" srcset=\"https:\/\/etab.ac-reunion.fr\/clg-tamarins\/wp-content\/uploads\/sites\/56\/2015\/11\/Le-minaret1-300x200.jpg 300w, https:\/\/etab.ac-reunion.fr\/clg-tamarins\/wp-content\/uploads\/sites\/56\/2015\/11\/Le-minaret1-1024x683.jpg 1024w, https:\/\/etab.ac-reunion.fr\/clg-tamarins\/wp-content\/uploads\/sites\/56\/2015\/11\/Le-minaret1-140x94.jpg 140w\" sizes=\"auto, (max-width: 300px) 100vw, 300px\" \/><\/a><\/p>\n","protected":false},"excerpt":{"rendered":"<p>la mosqu\u00e9e vue par les 5\u00b0 BILIMBIS Le mercredi 4 novembre, sur n\u00f4tre heure de cours habituelle, nous sommes all\u00e9s avec notre la classe \u00e0 la mosqu\u00e9e de Saint-Pierre qui se nomme ATYABOU-MASSADJ dont la construction remonte \u00e0 1970 et a \u00e9t\u00e9 termin\u00e9e en 1975\u00a0. De l&rsquo;ext\u00e9rieur, la premi\u00e8re chose\u2026<\/p>\n<p class=\"continue-reading-button\"> <a class=\"continue-reading-link\" href=\"https:\/\/etab.ac-reunion.fr\/clg-tamarins\/la-visite-a-la-mosquee\/\">Continuer \u00e0 lire<i class=\"crycon-right-dir\"><\/i><\/a><\/p>\n","protected":false},"author":9112,"featured_media":4250,"comment_status":"closed","ping_status":"closed","sticky":false,"template":"","format":"standard","meta":{"footnotes":""},"categories":[1],"tags":[],"class_list":["post-4248","post","type-post","status-publish","format-standard","has-post-thumbnail","hentry","category-non-classe"],"_links":{"self":[{"href":"https:\/\/etab.ac-reunion.fr\/clg-tamarins\/wp-json\/wp\/v2\/posts\/4248","targetHints":{"allow":["GET"]}}],"collection":[{"href":"https:\/\/etab.ac-reunion.fr\/clg-tamarins\/wp-json\/wp\/v2\/posts"}],"about":[{"href":"https:\/\/etab.ac-reunion.fr\/clg-tamarins\/wp-json\/wp\/v2\/types\/post"}],"author":[{"embeddable":true,"href":"https:\/\/etab.ac-reunion.fr\/clg-tamarins\/wp-json\/wp\/v2\/users\/9112"}],"replies":[{"embeddable":true,"href":"https:\/\/etab.ac-reunion.fr\/clg-tamarins\/wp-json\/wp\/v2\/comments?post=4248"}],"version-history":[{"count":2,"href":"https:\/\/etab.ac-reunion.fr\/clg-tamarins\/wp-json\/wp\/v2\/posts\/4248\/revisions"}],"predecessor-version":[{"id":4255,"href":"https:\/\/etab.ac-reunion.fr\/clg-tamarins\/wp-json\/wp\/v2\/posts\/4248\/revisions\/4255"}],"wp:featuredmedia":[{"embeddable":true,"href":"https:\/\/etab.ac-reunion.fr\/clg-tamarins\/wp-json\/wp\/v2\/media\/4250"}],"wp:attachment":[{"href":"https:\/\/etab.ac-reunion.fr\/clg-tamarins\/wp-json\/wp\/v2\/media?parent=4248"}],"wp:term":[{"taxonomy":"category","embeddable":true,"href":"https:\/\/etab.ac-reunion.fr\/clg-tamarins\/wp-json\/wp\/v2\/categories?post=4248"},{"taxonomy":"post_tag","embeddable":true,"href":"https:\/\/etab.ac-reunion.fr\/clg-tamarins\/wp-json\/wp\/v2\/tags?post=4248"}],"curies":[{"name":"wp","href":"https:\/\/api.w.org\/{rel}","templated":true}]}}