{"id":4346,"date":"2016-02-25T09:42:17","date_gmt":"2016-02-25T05:42:17","guid":{"rendered":"http:\/\/college-les-tamarins.ac-reunion.fr\/?p=4346"},"modified":"2016-02-25T13:48:31","modified_gmt":"2016-02-25T09:48:31","slug":"le-conte-de-lequipe-1-hansel-et-gretel","status":"publish","type":"post","link":"https:\/\/etab.ac-reunion.fr\/clg-tamarins\/le-conte-de-lequipe-1-hansel-et-gretel\/","title":{"rendered":"Le conte de l&rsquo;\u00e9quipe 1 : HANSEL ET GRETEL"},"content":{"rendered":"<p align=\"CENTER\"><b>La cape magique<\/b><\/p>\n<p>Il \u00e9tait une fois, une princesse qui r\u00eavait d&rsquo;aventures. Elle habitait dans un ch\u00e2teau avec ses parents et ses deux s\u0153urs. C&rsquo;\u00e9tait la plus jeune.<\/p>\n<p>Un jour de printemps, elle demanda \u00e0 ses parents si elle pouvait s&rsquo;aventurer dans la for\u00eat. Ses parents ne voulaient pas qu&rsquo;elle y aille car ils savaient que la for\u00eat enchant\u00e9e \u00e9tait dangereuse. Alors, elle s&rsquo;\u00e9chappa pour y aller quand m\u00eame.<\/p>\n<p>Dans cette for\u00eat, il y avait un vieux mage. Il avait une cape magique et comme femme une f\u00e9e. Cette cape magique rendait le jeunesse \u00e0 qui la portait, elle \u00e9tait tr\u00e8s pr\u00e9cieuse.<\/p>\n<p>Un jour, alors que le mage s&rsquo;entra\u00eenait \u00e0 faire des tours de magie, en partant, il oublia la cape sur une souche&#8230;. Apr\u00e8s quelques heures de marche, la princesse trouva la cape allong\u00e9e par terre, elle la prit. La f\u00e9e, qui voulait \u00e9pouser le p\u00e8re de la princesse, r\u00eavait de se venger. En sortant de sa demeure, elle vit la princesse dans la for\u00eat enchant\u00e9e \u00e0 travers les yeux de son hibou. Quand elle r\u00e9alisa que la princesse avait la cape, elle fut furieuse. Alors elle alla \u00e0 sa rencontre en vain.<\/p>\n<p>La f\u00e9e, encore plus furieuse, voulut, pour se venger, attaquer le ch\u00e2teau de la princesse. Le mage \u00e9tant dans le ch\u00e2teau, il le d\u00e9fendit, mais il \u00e9choua. La princesse prit le relais\u00a0: de nouveaux pouvoirs magiques se r\u00e9veillaient en elle. Elle envoya la f\u00e9e dans une prison ensorcel\u00e9e puis ils eurent la paix dans la for\u00eat enchant\u00e9e et ils v\u00e9curent heureux.<img loading=\"lazy\" decoding=\"async\" class=\"alignnone size-medium wp-image-4348\" src=\"https:\/\/etab.ac-reunion.fr\/clg-tamarins\/wp-content\/uploads\/sites\/56\/2016\/02\/equipe1image-300x200.jpg\" alt=\"equipe1image\" width=\"300\" height=\"200\" srcset=\"https:\/\/etab.ac-reunion.fr\/clg-tamarins\/wp-content\/uploads\/sites\/56\/2016\/02\/equipe1image-300x200.jpg 300w, https:\/\/etab.ac-reunion.fr\/clg-tamarins\/wp-content\/uploads\/sites\/56\/2016\/02\/equipe1image-1024x683.jpg 1024w, https:\/\/etab.ac-reunion.fr\/clg-tamarins\/wp-content\/uploads\/sites\/56\/2016\/02\/equipe1image-140x94.jpg 140w\" sizes=\"auto, (max-width: 300px) 100vw, 300px\" \/><\/p>\n","protected":false},"excerpt":{"rendered":"<p>La cape magique Il \u00e9tait une fois, une princesse qui r\u00eavait d&rsquo;aventures. Elle habitait dans un ch\u00e2teau avec ses parents et ses deux s\u0153urs. C&rsquo;\u00e9tait la plus jeune. Un jour de printemps, elle demanda \u00e0 ses parents si elle pouvait s&rsquo;aventurer dans la for\u00eat. Ses parents ne voulaient pas qu&rsquo;elle\u2026<\/p>\n<p class=\"continue-reading-button\"> <a class=\"continue-reading-link\" href=\"https:\/\/etab.ac-reunion.fr\/clg-tamarins\/le-conte-de-lequipe-1-hansel-et-gretel\/\">Continuer \u00e0 lire<i class=\"crycon-right-dir\"><\/i><\/a><\/p>\n","protected":false},"author":9112,"featured_media":4347,"comment_status":"closed","ping_status":"closed","sticky":false,"template":"","format":"standard","meta":{"footnotes":""},"categories":[1],"tags":[],"class_list":["post-4346","post","type-post","status-publish","format-standard","has-post-thumbnail","hentry","category-non-classe"],"_links":{"self":[{"href":"https:\/\/etab.ac-reunion.fr\/clg-tamarins\/wp-json\/wp\/v2\/posts\/4346","targetHints":{"allow":["GET"]}}],"collection":[{"href":"https:\/\/etab.ac-reunion.fr\/clg-tamarins\/wp-json\/wp\/v2\/posts"}],"about":[{"href":"https:\/\/etab.ac-reunion.fr\/clg-tamarins\/wp-json\/wp\/v2\/types\/post"}],"author":[{"embeddable":true,"href":"https:\/\/etab.ac-reunion.fr\/clg-tamarins\/wp-json\/wp\/v2\/users\/9112"}],"replies":[{"embeddable":true,"href":"https:\/\/etab.ac-reunion.fr\/clg-tamarins\/wp-json\/wp\/v2\/comments?post=4346"}],"version-history":[{"count":4,"href":"https:\/\/etab.ac-reunion.fr\/clg-tamarins\/wp-json\/wp\/v2\/posts\/4346\/revisions"}],"predecessor-version":[{"id":4372,"href":"https:\/\/etab.ac-reunion.fr\/clg-tamarins\/wp-json\/wp\/v2\/posts\/4346\/revisions\/4372"}],"wp:featuredmedia":[{"embeddable":true,"href":"https:\/\/etab.ac-reunion.fr\/clg-tamarins\/wp-json\/wp\/v2\/media\/4347"}],"wp:attachment":[{"href":"https:\/\/etab.ac-reunion.fr\/clg-tamarins\/wp-json\/wp\/v2\/media?parent=4346"}],"wp:term":[{"taxonomy":"category","embeddable":true,"href":"https:\/\/etab.ac-reunion.fr\/clg-tamarins\/wp-json\/wp\/v2\/categories?post=4346"},{"taxonomy":"post_tag","embeddable":true,"href":"https:\/\/etab.ac-reunion.fr\/clg-tamarins\/wp-json\/wp\/v2\/tags?post=4346"}],"curies":[{"name":"wp","href":"https:\/\/api.w.org\/{rel}","templated":true}]}}