{"id":4352,"date":"2016-02-25T10:34:10","date_gmt":"2016-02-25T06:34:10","guid":{"rendered":"http:\/\/college-les-tamarins.ac-reunion.fr\/?p=4352"},"modified":"2016-02-25T13:38:54","modified_gmt":"2016-02-25T09:38:54","slug":"le-conte-de-lequipe-2-fee-clochette","status":"publish","type":"post","link":"https:\/\/etab.ac-reunion.fr\/clg-tamarins\/le-conte-de-lequipe-2-fee-clochette\/","title":{"rendered":"Le conte de l&rsquo;\u00e9quipe 2: F\u00c9E  CLOCHETTE"},"content":{"rendered":"<p align=\"CENTER\"><span style=\"font-size: medium\"><b>Le dresseur de dragons <\/b><\/span><\/p>\n<p><span style=\"font-size: medium\"> Il \u00e9tait une fois un jeune homme qui s&rsquo;appelait Niska. Il avait des cheveux blancs et des yeux bleus, il \u00e9tait dresseur de dragons.<\/span><\/p>\n<p><span style=\"font-size: medium\">Son dragon \u00e9tait l\u00e9gendaire et rare. La couleur du dragon \u00e9tait noire et il crachait du feu bleu.<\/span><\/p>\n<p><span style=\"font-size: medium\"> Dans une for\u00eat enchant\u00e9e vivait pr\u00e8s de la maison de Niska une sorci\u00e8re nomm\u00e9e Sorcila.<\/span><\/p>\n<p><span style=\"font-size: medium\">Sorcila avait une robe noire, des cheveux verts, elle \u00e9tait jolie \u00e0 l&rsquo;ext\u00e9rieur et laide \u00e0 l&rsquo;int\u00e9rieur, elle collectionnait des dragons rares pour prendre leurs pouvoirs. <\/span><\/p>\n<p><span style=\"font-size: medium\"> Un jour, la sorci\u00e8re vola le dragon de Niska. Elle emmena le dragon dans son ch\u00e2teau mal\u00e9fique dans la foret enchant\u00e9e. Niska rencontra un lutin qui s&rsquo;appelait Gargouille, il \u00e9tait petit, il avait des ailes et des cornes mal\u00e9fiques car Sorcila l&rsquo;avait ensorcel\u00e9. Le lutin donna \u00e0 Niska une cape rouge qui permettait de voler.<\/span><\/p>\n<p><span style=\"font-size: medium\"> Le gar\u00e7on s&rsquo;envola et partit \u00e0 l&rsquo;aventure. Il rencontra en chemin des dragons mal\u00e9fiques et il se rendit compte que l&rsquo;un de ces dragons \u00e9tait Flamme. Il l&rsquo;attaqua avec une \u00e9p\u00e9e. Les dragons servaient \u00e0 prot\u00e9ger la sorci\u00e8re Sorcila.<\/span><\/p>\n<p><span style=\"font-size: medium\"> Niska gagna le combat, Flamme perdit parce qu&rsquo; il \u00e9tait ensorcel\u00e9. Niska essaya de faire reprendre ses esprits \u00e0 Flamme, mais il \u00e9choua. Gargouille se sacrifia pour que le dragon retrouve ses esprits.<\/span><\/p>\n<p><span style=\"font-size: medium\"> Niska pleura parce que son ami \u00e9tait mort pour lui. Flamme \u00e9tait tr\u00e8s intelligent et avait tout compris. Il partit se venger et \u00e9limina la sorci\u00e8re \u00e0 jamais.<\/span><\/p>\n<p>&nbsp;<\/p>\n<p>&nbsp;<\/p>\n<p><img loading=\"lazy\" decoding=\"async\" class=\"alignnone size-medium wp-image-4354\" src=\"https:\/\/etab.ac-reunion.fr\/clg-tamarins\/wp-content\/uploads\/sites\/56\/2016\/02\/equipe2image1-300x200.jpg\" alt=\"equipe2image1\" width=\"300\" height=\"200\" srcset=\"https:\/\/etab.ac-reunion.fr\/clg-tamarins\/wp-content\/uploads\/sites\/56\/2016\/02\/equipe2image1-300x200.jpg 300w, https:\/\/etab.ac-reunion.fr\/clg-tamarins\/wp-content\/uploads\/sites\/56\/2016\/02\/equipe2image1-1024x683.jpg 1024w, https:\/\/etab.ac-reunion.fr\/clg-tamarins\/wp-content\/uploads\/sites\/56\/2016\/02\/equipe2image1-140x94.jpg 140w\" sizes=\"auto, (max-width: 300px) 100vw, 300px\" \/> <img loading=\"lazy\" decoding=\"async\" class=\"alignnone size-medium wp-image-4355\" src=\"https:\/\/etab.ac-reunion.fr\/clg-tamarins\/wp-content\/uploads\/sites\/56\/2016\/02\/equipe2image2-300x225.png\" alt=\"equipe2image2\" width=\"300\" height=\"225\" srcset=\"https:\/\/etab.ac-reunion.fr\/clg-tamarins\/wp-content\/uploads\/sites\/56\/2016\/02\/equipe2image2-300x225.png 300w, https:\/\/etab.ac-reunion.fr\/clg-tamarins\/wp-content\/uploads\/sites\/56\/2016\/02\/equipe2image2.png 640w\" sizes=\"auto, (max-width: 300px) 100vw, 300px\" \/><\/p>\n","protected":false},"excerpt":{"rendered":"<p>Le dresseur de dragons Il \u00e9tait une fois un jeune homme qui s&rsquo;appelait Niska. Il avait des cheveux blancs et des yeux bleus, il \u00e9tait dresseur de dragons. Son dragon \u00e9tait l\u00e9gendaire et rare. La couleur du dragon \u00e9tait noire et il crachait du feu bleu. Dans une for\u00eat enchant\u00e9e\u2026<\/p>\n<p class=\"continue-reading-button\"> <a class=\"continue-reading-link\" href=\"https:\/\/etab.ac-reunion.fr\/clg-tamarins\/le-conte-de-lequipe-2-fee-clochette\/\">Continuer \u00e0 lire<i class=\"crycon-right-dir\"><\/i><\/a><\/p>\n","protected":false},"author":9112,"featured_media":4353,"comment_status":"closed","ping_status":"closed","sticky":false,"template":"","format":"standard","meta":{"footnotes":""},"categories":[1],"tags":[],"class_list":["post-4352","post","type-post","status-publish","format-standard","has-post-thumbnail","hentry","category-non-classe"],"_links":{"self":[{"href":"https:\/\/etab.ac-reunion.fr\/clg-tamarins\/wp-json\/wp\/v2\/posts\/4352","targetHints":{"allow":["GET"]}}],"collection":[{"href":"https:\/\/etab.ac-reunion.fr\/clg-tamarins\/wp-json\/wp\/v2\/posts"}],"about":[{"href":"https:\/\/etab.ac-reunion.fr\/clg-tamarins\/wp-json\/wp\/v2\/types\/post"}],"author":[{"embeddable":true,"href":"https:\/\/etab.ac-reunion.fr\/clg-tamarins\/wp-json\/wp\/v2\/users\/9112"}],"replies":[{"embeddable":true,"href":"https:\/\/etab.ac-reunion.fr\/clg-tamarins\/wp-json\/wp\/v2\/comments?post=4352"}],"version-history":[{"count":2,"href":"https:\/\/etab.ac-reunion.fr\/clg-tamarins\/wp-json\/wp\/v2\/posts\/4352\/revisions"}],"predecessor-version":[{"id":4368,"href":"https:\/\/etab.ac-reunion.fr\/clg-tamarins\/wp-json\/wp\/v2\/posts\/4352\/revisions\/4368"}],"wp:featuredmedia":[{"embeddable":true,"href":"https:\/\/etab.ac-reunion.fr\/clg-tamarins\/wp-json\/wp\/v2\/media\/4353"}],"wp:attachment":[{"href":"https:\/\/etab.ac-reunion.fr\/clg-tamarins\/wp-json\/wp\/v2\/media?parent=4352"}],"wp:term":[{"taxonomy":"category","embeddable":true,"href":"https:\/\/etab.ac-reunion.fr\/clg-tamarins\/wp-json\/wp\/v2\/categories?post=4352"},{"taxonomy":"post_tag","embeddable":true,"href":"https:\/\/etab.ac-reunion.fr\/clg-tamarins\/wp-json\/wp\/v2\/tags?post=4352"}],"curies":[{"name":"wp","href":"https:\/\/api.w.org\/{rel}","templated":true}]}}