{"id":4357,"date":"2016-02-25T13:16:53","date_gmt":"2016-02-25T09:16:53","guid":{"rendered":"http:\/\/college-les-tamarins.ac-reunion.fr\/?p=4357"},"modified":"2016-02-25T13:16:53","modified_gmt":"2016-02-25T09:16:53","slug":"le-conte-de-lequipe-3-blanche-neige","status":"publish","type":"post","link":"https:\/\/etab.ac-reunion.fr\/clg-tamarins\/le-conte-de-lequipe-3-blanche-neige\/","title":{"rendered":"Le conte de l&rsquo;\u00e9quipe 3: BLANCHE NEIGE"},"content":{"rendered":"<p align=\"CENTER\"><b>La bataille d&rsquo;Azcart<\/b><\/p>\n<p>Il \u00e9tait une fois un royaume lointain nomm\u00e9\u00a0\u00ab\u00a0Azcart\u00a0\u00bb o\u00f9 vivait deux princes jumeaux qui se d\u00e9testaient\u00a0. Leurs parents \u00e9taient morts \u00e0 cause d&rsquo;une exp\u00e9rience qui termina mal et leurs \u00e2mes erraient dans le ch\u00e2teau. L&rsquo;un d&rsquo;eux qui se nommait S\u00e9bastien avait h\u00e9rit\u00e9 des meilleures qualit\u00e9s de sa m\u00e8re et Eliot des pires d\u00e9fauts de son p\u00e8re.<\/p>\n<p>Quatre ans apr\u00e8s, la cour du royaume souhaitait un nouveau roi. Eliot le m\u00e9chant fr\u00e8re jumeau trouva le testament o\u00f9 les parents avaient choisi S\u00e9bastien pour leur succession. Eliot devint fou de rage. Il d\u00e9cida de d\u00e9truire le testament et tuer son fr\u00e8re.<\/p>\n<p>Pour \u00e9liminer son fr\u00e8re, il chercha une m\u00e9chante f\u00e9e. Il alla dans la for\u00eat mal\u00e9fique la plus sinistre du monde. Sur son chemin il trouva une f\u00e9e qui se nommait Scarlett. La f\u00e9e qui \u00e9tait tomb\u00e9e amoureuse d&rsquo;Eliot lui demanda ce qu&rsquo;il cherchait: \u00ab\u00a0une f\u00e9e mal\u00e9fique\u00a0\u00bb\u00a0! La f\u00e9e dit sans attendre\u00a0: \u00ab\u00a0Moi! Je suis mal\u00e9fique!\u00a0\u00bb Eliot dit\u00a0: \u00ab\u00a0Non, pas vous, d\u00e9j\u00e0 que mon manoir et en train de se<\/p>\n<p align=\"CENTER\">d\u00e9truire.\u00a0\u00bb La f\u00e9e lui dit qu&rsquo;elle allait tuer S\u00e9bastien. Elle voulait en \u00e9change \u00eatre la sorci\u00e8re du manoir. Le prince n&rsquo; ayant plus le choix accepta le pacte de la f\u00e9e. Elle alla au dessus du ch\u00e2teau pendant qu&rsquo; Eliot entra\u00eena son fr\u00e8re dans le manoir. Elle transforma le manoir en labyrinthe sans issue et enferma le prince S\u00e9bastien. S\u00e9bastien chercha d\u2019abord si son fr\u00e8re \u00e9tait \u00e0 l\u2019int\u00e9rieur puis il paniqua. S\u00e9bastien rencontra un dragon encha\u00een\u00e9, il lui dit que s&rsquo;il l&rsquo;aidait \u00e0 sortir de ce labyrinthe et \u00e0 se d\u00e9barrasser de la f\u00e9e, il le lib\u00e9rerait. Pendant ce temps, Eliot se r\u00e9jouissait, mais il ne savait pas que son fr\u00e8re s&rsquo;\u00e9tait sauv\u00e9&#8230;<\/p>\n<p align=\"CENTER\">\n<p align=\"CENTER\">\u00a0<img loading=\"lazy\" decoding=\"async\" class=\"alignnone size-medium wp-image-4359\" src=\"https:\/\/etab.ac-reunion.fr\/clg-tamarins\/wp-content\/uploads\/sites\/56\/2016\/02\/equipe3images2-300x225.png\" alt=\"equipe3images2\" width=\"300\" height=\"225\" srcset=\"https:\/\/etab.ac-reunion.fr\/clg-tamarins\/wp-content\/uploads\/sites\/56\/2016\/02\/equipe3images2-300x225.png 300w, https:\/\/etab.ac-reunion.fr\/clg-tamarins\/wp-content\/uploads\/sites\/56\/2016\/02\/equipe3images2.png 640w\" sizes=\"auto, (max-width: 300px) 100vw, 300px\" \/> <img loading=\"lazy\" decoding=\"async\" class=\"alignnone size-medium wp-image-4360\" src=\"https:\/\/etab.ac-reunion.fr\/clg-tamarins\/wp-content\/uploads\/sites\/56\/2016\/02\/equipe3images1-300x200.jpg\" alt=\"equipe3images1\" width=\"300\" height=\"200\" srcset=\"https:\/\/etab.ac-reunion.fr\/clg-tamarins\/wp-content\/uploads\/sites\/56\/2016\/02\/equipe3images1-300x200.jpg 300w, https:\/\/etab.ac-reunion.fr\/clg-tamarins\/wp-content\/uploads\/sites\/56\/2016\/02\/equipe3images1-1024x683.jpg 1024w, https:\/\/etab.ac-reunion.fr\/clg-tamarins\/wp-content\/uploads\/sites\/56\/2016\/02\/equipe3images1-140x94.jpg 140w\" sizes=\"auto, (max-width: 300px) 100vw, 300px\" \/><\/p>\n","protected":false},"excerpt":{"rendered":"<p>La bataille d&rsquo;Azcart Il \u00e9tait une fois un royaume lointain nomm\u00e9\u00a0\u00ab\u00a0Azcart\u00a0\u00bb o\u00f9 vivait deux princes jumeaux qui se d\u00e9testaient\u00a0. Leurs parents \u00e9taient morts \u00e0 cause d&rsquo;une exp\u00e9rience qui termina mal et leurs \u00e2mes erraient dans le ch\u00e2teau. L&rsquo;un d&rsquo;eux qui se nommait S\u00e9bastien avait h\u00e9rit\u00e9 des meilleures qualit\u00e9s de sa\u2026<\/p>\n<p class=\"continue-reading-button\"> <a class=\"continue-reading-link\" href=\"https:\/\/etab.ac-reunion.fr\/clg-tamarins\/le-conte-de-lequipe-3-blanche-neige\/\">Continuer \u00e0 lire<i class=\"crycon-right-dir\"><\/i><\/a><\/p>\n","protected":false},"author":9112,"featured_media":4358,"comment_status":"closed","ping_status":"closed","sticky":false,"template":"","format":"standard","meta":{"footnotes":""},"categories":[1],"tags":[],"class_list":["post-4357","post","type-post","status-publish","format-standard","has-post-thumbnail","hentry","category-non-classe"],"_links":{"self":[{"href":"https:\/\/etab.ac-reunion.fr\/clg-tamarins\/wp-json\/wp\/v2\/posts\/4357","targetHints":{"allow":["GET"]}}],"collection":[{"href":"https:\/\/etab.ac-reunion.fr\/clg-tamarins\/wp-json\/wp\/v2\/posts"}],"about":[{"href":"https:\/\/etab.ac-reunion.fr\/clg-tamarins\/wp-json\/wp\/v2\/types\/post"}],"author":[{"embeddable":true,"href":"https:\/\/etab.ac-reunion.fr\/clg-tamarins\/wp-json\/wp\/v2\/users\/9112"}],"replies":[{"embeddable":true,"href":"https:\/\/etab.ac-reunion.fr\/clg-tamarins\/wp-json\/wp\/v2\/comments?post=4357"}],"version-history":[{"count":1,"href":"https:\/\/etab.ac-reunion.fr\/clg-tamarins\/wp-json\/wp\/v2\/posts\/4357\/revisions"}],"predecessor-version":[{"id":4361,"href":"https:\/\/etab.ac-reunion.fr\/clg-tamarins\/wp-json\/wp\/v2\/posts\/4357\/revisions\/4361"}],"wp:featuredmedia":[{"embeddable":true,"href":"https:\/\/etab.ac-reunion.fr\/clg-tamarins\/wp-json\/wp\/v2\/media\/4358"}],"wp:attachment":[{"href":"https:\/\/etab.ac-reunion.fr\/clg-tamarins\/wp-json\/wp\/v2\/media?parent=4357"}],"wp:term":[{"taxonomy":"category","embeddable":true,"href":"https:\/\/etab.ac-reunion.fr\/clg-tamarins\/wp-json\/wp\/v2\/categories?post=4357"},{"taxonomy":"post_tag","embeddable":true,"href":"https:\/\/etab.ac-reunion.fr\/clg-tamarins\/wp-json\/wp\/v2\/tags?post=4357"}],"curies":[{"name":"wp","href":"https:\/\/api.w.org\/{rel}","templated":true}]}}