{"id":4362,"date":"2016-02-25T13:25:01","date_gmt":"2016-02-25T09:25:01","guid":{"rendered":"http:\/\/college-les-tamarins.ac-reunion.fr\/?p=4362"},"modified":"2016-02-25T13:42:03","modified_gmt":"2016-02-25T09:42:03","slug":"le-conte-de-lequipe-4-peter-pan","status":"publish","type":"post","link":"https:\/\/etab.ac-reunion.fr\/clg-tamarins\/le-conte-de-lequipe-4-peter-pan\/","title":{"rendered":"le conte de l&rsquo;\u00e9quipe 4:  PETER PAN"},"content":{"rendered":"<p align=\"CENTER\"><b>Le grimoire magique<\/b><\/p>\n<p>Il \u00e9tait une fois, une princesse qui r\u00eavait d&rsquo;aventures. Elle \u00e9tait passionn\u00e9e par les livres mais r\u00eavait aussi d&rsquo; aventure. Elle vivait dans un ch\u00e2teau pr\u00e8s d&rsquo;une for\u00eat sombre. La princesse avait de magnifiques cheveux ch\u00e2tains clairs et des yeux verts . Son ch\u00e2teau \u00e9tait d\u00e9cor\u00e9 de lustres, de diamants et elle avait de la vaisselle en porcelaine. Son jardin \u00e9tait parsem\u00e9 d&rsquo;arbres de toutes les esp\u00e8ces et pourtant tout \u00e7a ne lui plaisait pas, son vrai r\u00eave \u00e9tait de partir \u00e0 l&rsquo;aventure.<\/p>\n<p>Un jour, alors qu&rsquo;elle lisait \u00e0 la biblioth\u00e8que du ch\u00e2teau, elle remarqua un livre qu&rsquo;elle n&rsquo;avait jamais lu auparavant, ce livre \u00e9tait fait en cuir de couleur marron, sur le dos du livre \u00e9tait dessin\u00e9e une baguette magique. Elle le prit et aussit\u00f4t une porte s&rsquo;ouvrit et elle vit un escalier en colima\u00e7on, elle descendit et vit une carte. Elle prit la carte et en se retournant elle vit un dragon\u00a0! L&rsquo;animal commen\u00e7a \u00e0 lui crier dessus, alors elle courut le plus vite possible, tira une fl\u00e8che sur le dragon qui mourut.<\/p>\n<p>Le lendemain, elle commen\u00e7a \u00e0 lire la carte et vit que le tr\u00e9sor \u00e9tait un grimoire, elle d\u00e9cida d&rsquo;aller le chercher, elle commen\u00e7a \u00e0 suivre les \u00e9tapes de la carte, la premi\u00e8re \u00e9tape \u00e9tait de passer devant l&rsquo;arbre des pens\u00e9es, quand elle passa devant l&rsquo;arbre, elle entendit toutes les pens\u00e9es des gens qu&rsquo;elle aimait.<\/p>\n<p>La deuxi\u00e8me \u00e9tape \u00e9tait de passer dans la vall\u00e9e des f\u00e9es. En passant dans la vall\u00e9e, elle vit toutes les f\u00e9es venir. Elles lu fit une magnifique coiffure.<\/p>\n<p>La troisi\u00e8me \u00e9tape \u00e9tait de passer dans la rivi\u00e8re des sir\u00e8nes. Elle avait tellement soif qu&rsquo;elle but de l&rsquo;eau. Une sir\u00e8ne s&rsquo;approcha d&rsquo;elle et l&rsquo;entra\u00eena au fond de l&rsquo;eau. L&rsquo;elfe, son ange gardien l&rsquo;aper\u00e7ut et tira une fl\u00e8che sur la sir\u00e8ne et sauva la princesse. La princesse vit l&rsquo;elfe et le remercia de l&rsquo;avoir sauver et ils finirent le chemin ensemble. Ils arriv\u00e8rent \u00e0 un royaume perch\u00e9 dans la montagne et trouv\u00e8rent le deuxi\u00e8me dragon endormi. La princesse et l&rsquo;elfe prirent le livre et repartirent dans le ch\u00e2teau de la princesse. Le dragon se r\u00e9veilla et ne vit plus le livre. Il alla au royaume voisin et commen\u00e7a \u00e0 br\u00fbler toutes les maisons.<\/p>\n<p align=\"CENTER\">La princesse prit son grimoire et r\u00e9cita la formule magique \u00ab\u00a0Zimbouya\u00a0\u00bb et le dragon devint gentil. L&rsquo;elfe et la princesse se mari\u00e8rent et la dragon devint gardien du royaume<\/p>\n<p>&nbsp;<\/p>\n<p>&nbsp;<\/p>\n<p><img loading=\"lazy\" decoding=\"async\" class=\"alignnone size-medium wp-image-4364\" src=\"https:\/\/etab.ac-reunion.fr\/clg-tamarins\/wp-content\/uploads\/sites\/56\/2016\/02\/equipe4images2-300x225.png\" alt=\"equipe4images2\" width=\"300\" height=\"225\" srcset=\"https:\/\/etab.ac-reunion.fr\/clg-tamarins\/wp-content\/uploads\/sites\/56\/2016\/02\/equipe4images2-300x225.png 300w, https:\/\/etab.ac-reunion.fr\/clg-tamarins\/wp-content\/uploads\/sites\/56\/2016\/02\/equipe4images2.png 640w\" sizes=\"auto, (max-width: 300px) 100vw, 300px\" \/> <img loading=\"lazy\" decoding=\"async\" class=\"alignnone size-medium wp-image-4365\" src=\"https:\/\/etab.ac-reunion.fr\/clg-tamarins\/wp-content\/uploads\/sites\/56\/2016\/02\/equipe4images1-300x200.jpg\" alt=\"equipe4images1\" width=\"300\" height=\"200\" srcset=\"https:\/\/etab.ac-reunion.fr\/clg-tamarins\/wp-content\/uploads\/sites\/56\/2016\/02\/equipe4images1-300x200.jpg 300w, https:\/\/etab.ac-reunion.fr\/clg-tamarins\/wp-content\/uploads\/sites\/56\/2016\/02\/equipe4images1-1024x683.jpg 1024w, https:\/\/etab.ac-reunion.fr\/clg-tamarins\/wp-content\/uploads\/sites\/56\/2016\/02\/equipe4images1-140x94.jpg 140w\" sizes=\"auto, (max-width: 300px) 100vw, 300px\" \/><\/p>\n","protected":false},"excerpt":{"rendered":"<p>Le grimoire magique Il \u00e9tait une fois, une princesse qui r\u00eavait d&rsquo;aventures. Elle \u00e9tait passionn\u00e9e par les livres mais r\u00eavait aussi d&rsquo; aventure. Elle vivait dans un ch\u00e2teau pr\u00e8s d&rsquo;une for\u00eat sombre. La princesse avait de magnifiques cheveux ch\u00e2tains clairs et des yeux verts . Son ch\u00e2teau \u00e9tait d\u00e9cor\u00e9 de\u2026<\/p>\n<p class=\"continue-reading-button\"> <a class=\"continue-reading-link\" href=\"https:\/\/etab.ac-reunion.fr\/clg-tamarins\/le-conte-de-lequipe-4-peter-pan\/\">Continuer \u00e0 lire<i class=\"crycon-right-dir\"><\/i><\/a><\/p>\n","protected":false},"author":9112,"featured_media":4363,"comment_status":"closed","ping_status":"closed","sticky":false,"template":"","format":"standard","meta":{"footnotes":""},"categories":[1],"tags":[],"class_list":["post-4362","post","type-post","status-publish","format-standard","has-post-thumbnail","hentry","category-non-classe"],"_links":{"self":[{"href":"https:\/\/etab.ac-reunion.fr\/clg-tamarins\/wp-json\/wp\/v2\/posts\/4362","targetHints":{"allow":["GET"]}}],"collection":[{"href":"https:\/\/etab.ac-reunion.fr\/clg-tamarins\/wp-json\/wp\/v2\/posts"}],"about":[{"href":"https:\/\/etab.ac-reunion.fr\/clg-tamarins\/wp-json\/wp\/v2\/types\/post"}],"author":[{"embeddable":true,"href":"https:\/\/etab.ac-reunion.fr\/clg-tamarins\/wp-json\/wp\/v2\/users\/9112"}],"replies":[{"embeddable":true,"href":"https:\/\/etab.ac-reunion.fr\/clg-tamarins\/wp-json\/wp\/v2\/comments?post=4362"}],"version-history":[{"count":3,"href":"https:\/\/etab.ac-reunion.fr\/clg-tamarins\/wp-json\/wp\/v2\/posts\/4362\/revisions"}],"predecessor-version":[{"id":4370,"href":"https:\/\/etab.ac-reunion.fr\/clg-tamarins\/wp-json\/wp\/v2\/posts\/4362\/revisions\/4370"}],"wp:featuredmedia":[{"embeddable":true,"href":"https:\/\/etab.ac-reunion.fr\/clg-tamarins\/wp-json\/wp\/v2\/media\/4363"}],"wp:attachment":[{"href":"https:\/\/etab.ac-reunion.fr\/clg-tamarins\/wp-json\/wp\/v2\/media?parent=4362"}],"wp:term":[{"taxonomy":"category","embeddable":true,"href":"https:\/\/etab.ac-reunion.fr\/clg-tamarins\/wp-json\/wp\/v2\/categories?post=4362"},{"taxonomy":"post_tag","embeddable":true,"href":"https:\/\/etab.ac-reunion.fr\/clg-tamarins\/wp-json\/wp\/v2\/tags?post=4362"}],"curies":[{"name":"wp","href":"https:\/\/api.w.org\/{rel}","templated":true}]}}