{"id":4367,"date":"2016-02-25T13:56:10","date_gmt":"2016-02-25T09:56:10","guid":{"rendered":"http:\/\/college-les-tamarins.ac-reunion.fr\/?p=4367"},"modified":"2016-02-25T13:56:10","modified_gmt":"2016-02-25T09:56:10","slug":"le-conte-de-lequipe-5-chat-potte","status":"publish","type":"post","link":"https:\/\/etab.ac-reunion.fr\/clg-tamarins\/le-conte-de-lequipe-5-chat-potte\/","title":{"rendered":"le conte de l&rsquo;\u00e9quipe 5 : CHAT POTT\u00c9"},"content":{"rendered":"<p align=\"CENTER\"><b>Arthur, le dresseur de dragon <\/b><\/p>\n<p>Il \u00e9tait une fois, une for\u00eat enchant\u00e9e qui \u00e9tait habit\u00e9e par des dragons et des elfes. Dans cette for\u00eat enchant\u00e9e, il y avait une tr\u00e8s grande vall\u00e9e o\u00f9 se trouvait un roi et une reine. Le roi poss\u00e9dait une cape magique qui donnait le pouvoir de contr\u00f4ler les dragons de la for\u00eat. La reine donna naissance \u00e0 un gar\u00e7on. Mais par malheur la reine mourut. Le roi v\u00e9cut seul avec son fils le prince Arthur. Un an plus tard, le roi se trouva une nouvelle femme.<\/p>\n<p>Un jour, la mar\u00e2tre d\u00e9couvrit la cape magique de son mari. Cette cape rendait invisible. Elle s&rsquo;en servit pour contr\u00f4ler les dragons. Sur ses ordres, les dragons saccag\u00e8rent la ville. La m\u00e9chante mar\u00e2tre empoisonna le roi en mettant du poison dans son verre. La mar\u00e2tre fit semblant de chasser les dragons et le peuple l&rsquo;acclama.<\/p>\n<p>Quand il fut adolescent, Arthur re\u00e7ut la visite d&rsquo;un elfe. Cet elfe lui fit une r\u00e9v\u00e9lation. Il lui confia que son p\u00e8re avait eu un cadeau de la part des elfes, une cape magique qui donne l&rsquo;invisibilit\u00e9. Il lui dit qu&rsquo;\u00e0 la mort de son p\u00e8re, la mar\u00e2tre avait pris la cape et que les elfes ne purent jamais la r\u00e9cup\u00e9rer car ils \u00e9taient trop petits. Arthur fut surpris de cette r\u00e9v\u00e9lation. C&rsquo;est \u00e0 ce moment l\u00e0 que la mar\u00e2tre arriva et mit l&rsquo;elfe dans une cage. Pendant toutes ces ann\u00e9e, elle avait essay\u00e9 de garder le secret et cet elfe venait de tout r\u00e9v\u00e9ler \u00e0 son beau-fils. La mar\u00e2tre enleva sa ceinture et \u00e9tait pr\u00eate \u00e0 \u00e9trangler Arthur mais il eut le temps de s&rsquo;enfuir dans la for\u00eat enchant\u00e9e&#8230;<\/p>\n<p>Arthur marcha longtemps et tomba sur un autre elfe \u00e0 qui il raconta son histoire. L&rsquo;elfe voulut l&rsquo;aider \u00e0 reprendre la cape et \u00e0 dresser le dragon de la mar\u00e2tre.<\/p>\n<p>Ils partirent au ch\u00e2teau et lorsque la mar\u00e2tre partit se coucher, le jeune homme entra, il r\u00e9ussit \u00e0 reprendre la cape. Il dressa le dragon mais la mar\u00e2tre entendit du bruit et elle descendit voir. Arthur vit la mar\u00e2tre. Le prince se couvrit il s&rsquo;en alla lib\u00e9rer son ami l&rsquo;elfe. Pendant ce temps, le dragon se jeta sur la mar\u00e2tre. La mar\u00e2tre cria: \u00ab\u00a0A l&rsquo;aide\u00a0! Aidez-moi\u00a0!\u00bb, le dragon cracha du feu et la mar\u00e2tre fut br\u00fbl\u00e9e aux cheveux. Le dragon envoya la mar\u00e2tre dans le ciel et on la revit plus jamais.<\/p>\n<p>Le prince monta sur le tr\u00f4ne. Il organisa une grande f\u00eate, tous les villageois \u00e9taient contents de revoir le prince.<\/p>\n<p>&nbsp;<\/p>\n<p><img loading=\"lazy\" decoding=\"async\" class=\"alignnone size-medium wp-image-4375\" src=\"https:\/\/etab.ac-reunion.fr\/clg-tamarins\/wp-content\/uploads\/sites\/56\/2016\/02\/equipe5images1-300x200.jpg\" alt=\"equipe5images1\" width=\"300\" height=\"200\" srcset=\"https:\/\/etab.ac-reunion.fr\/clg-tamarins\/wp-content\/uploads\/sites\/56\/2016\/02\/equipe5images1-300x200.jpg 300w, https:\/\/etab.ac-reunion.fr\/clg-tamarins\/wp-content\/uploads\/sites\/56\/2016\/02\/equipe5images1-1024x683.jpg 1024w, https:\/\/etab.ac-reunion.fr\/clg-tamarins\/wp-content\/uploads\/sites\/56\/2016\/02\/equipe5images1-140x94.jpg 140w\" sizes=\"auto, (max-width: 300px) 100vw, 300px\" \/><\/p>\n<p><img loading=\"lazy\" decoding=\"async\" class=\"alignnone size-medium wp-image-4374\" src=\"https:\/\/etab.ac-reunion.fr\/clg-tamarins\/wp-content\/uploads\/sites\/56\/2016\/02\/equipe5images3-300x225.png\" alt=\"equipe5images3\" width=\"300\" height=\"225\" srcset=\"https:\/\/etab.ac-reunion.fr\/clg-tamarins\/wp-content\/uploads\/sites\/56\/2016\/02\/equipe5images3-300x225.png 300w, https:\/\/etab.ac-reunion.fr\/clg-tamarins\/wp-content\/uploads\/sites\/56\/2016\/02\/equipe5images3.png 640w\" sizes=\"auto, (max-width: 300px) 100vw, 300px\" \/><img loading=\"lazy\" decoding=\"async\" class=\"alignnone size-medium wp-image-4376\" src=\"https:\/\/etab.ac-reunion.fr\/clg-tamarins\/wp-content\/uploads\/sites\/56\/2016\/02\/equipe5images2-300x225.png\" alt=\"equipe5images2\" width=\"300\" height=\"225\" srcset=\"https:\/\/etab.ac-reunion.fr\/clg-tamarins\/wp-content\/uploads\/sites\/56\/2016\/02\/equipe5images2-300x225.png 300w, https:\/\/etab.ac-reunion.fr\/clg-tamarins\/wp-content\/uploads\/sites\/56\/2016\/02\/equipe5images2.png 640w\" sizes=\"auto, (max-width: 300px) 100vw, 300px\" \/><\/p>\n","protected":false},"excerpt":{"rendered":"<p>Arthur, le dresseur de dragon Il \u00e9tait une fois, une for\u00eat enchant\u00e9e qui \u00e9tait habit\u00e9e par des dragons et des elfes. Dans cette for\u00eat enchant\u00e9e, il y avait une tr\u00e8s grande vall\u00e9e o\u00f9 se trouvait un roi et une reine. Le roi poss\u00e9dait une cape magique qui donnait le pouvoir\u2026<\/p>\n<p class=\"continue-reading-button\"> <a class=\"continue-reading-link\" href=\"https:\/\/etab.ac-reunion.fr\/clg-tamarins\/le-conte-de-lequipe-5-chat-potte\/\">Continuer \u00e0 lire<i class=\"crycon-right-dir\"><\/i><\/a><\/p>\n","protected":false},"author":9112,"featured_media":4373,"comment_status":"closed","ping_status":"closed","sticky":false,"template":"","format":"standard","meta":{"footnotes":""},"categories":[1],"tags":[],"class_list":["post-4367","post","type-post","status-publish","format-standard","has-post-thumbnail","hentry","category-non-classe"],"_links":{"self":[{"href":"https:\/\/etab.ac-reunion.fr\/clg-tamarins\/wp-json\/wp\/v2\/posts\/4367","targetHints":{"allow":["GET"]}}],"collection":[{"href":"https:\/\/etab.ac-reunion.fr\/clg-tamarins\/wp-json\/wp\/v2\/posts"}],"about":[{"href":"https:\/\/etab.ac-reunion.fr\/clg-tamarins\/wp-json\/wp\/v2\/types\/post"}],"author":[{"embeddable":true,"href":"https:\/\/etab.ac-reunion.fr\/clg-tamarins\/wp-json\/wp\/v2\/users\/9112"}],"replies":[{"embeddable":true,"href":"https:\/\/etab.ac-reunion.fr\/clg-tamarins\/wp-json\/wp\/v2\/comments?post=4367"}],"version-history":[{"count":3,"href":"https:\/\/etab.ac-reunion.fr\/clg-tamarins\/wp-json\/wp\/v2\/posts\/4367\/revisions"}],"predecessor-version":[{"id":4379,"href":"https:\/\/etab.ac-reunion.fr\/clg-tamarins\/wp-json\/wp\/v2\/posts\/4367\/revisions\/4379"}],"wp:featuredmedia":[{"embeddable":true,"href":"https:\/\/etab.ac-reunion.fr\/clg-tamarins\/wp-json\/wp\/v2\/media\/4373"}],"wp:attachment":[{"href":"https:\/\/etab.ac-reunion.fr\/clg-tamarins\/wp-json\/wp\/v2\/media?parent=4367"}],"wp:term":[{"taxonomy":"category","embeddable":true,"href":"https:\/\/etab.ac-reunion.fr\/clg-tamarins\/wp-json\/wp\/v2\/categories?post=4367"},{"taxonomy":"post_tag","embeddable":true,"href":"https:\/\/etab.ac-reunion.fr\/clg-tamarins\/wp-json\/wp\/v2\/tags?post=4367"}],"curies":[{"name":"wp","href":"https:\/\/api.w.org\/{rel}","templated":true}]}}