{"id":4385,"date":"2016-02-29T16:13:09","date_gmt":"2016-02-29T12:13:09","guid":{"rendered":"http:\/\/college-les-tamarins.ac-reunion.fr\/?p=4385"},"modified":"2016-02-29T16:13:09","modified_gmt":"2016-02-29T12:13:09","slug":"komidi-le-festival-du-sud-de-la-reunion","status":"publish","type":"post","link":"https:\/\/etab.ac-reunion.fr\/clg-tamarins\/komidi-le-festival-du-sud-de-la-reunion\/","title":{"rendered":"KOMIDI &#8211; Le Festival du Sud de la R\u00e9union"},"content":{"rendered":"<p style=\"text-align: center\"><span style=\"font-family: arial, helvetica, sans-serif;font-size: 22pt\"><strong><em>Festival Komidi 2016- 9\u00e8me Edition<\/em><\/strong><\/span><\/p>\n<p style=\"text-align: center\">\n<h3 style=\"text-align: center\"><span style=\"font-family: arial, helvetica, sans-serif;font-size: 14pt\"><strong>Cette ann\u00e9e, le festival aura lieu du 21 avril au 4 mai.<br \/>\n<\/strong><\/span><\/h3>\n<p style=\"text-align: center\">\n<p style=\"text-align: center\">\n<h3 style=\"text-align: center\"><span style=\"font-family: arial, helvetica, sans-serif;font-size: 14pt\"><strong>L&rsquo;association <em>Komidi Ensemb<\/em> propose aux \u00e9l\u00e8ves et \u00e0 leur famille un certain nombre de <\/strong><\/span><\/h3>\n<h3 style=\"text-align: center\"><span style=\"font-family: arial, helvetica, sans-serif;font-size: 14pt\"><strong>repr\u00e9sentations \u00e0 1\u20ac le billet.<\/strong><\/span><\/h3>\n<p style=\"text-align: center\">\n<p style=\"text-align: center\">\n<h3 style=\"text-align: center\"><span style=\"font-family: arial, helvetica, sans-serif;font-size: 14pt\"><strong>L&rsquo;inscription peut se faire aupr\u00e8s de votre documentaliste. Pour en savoir plus sur les <\/strong><\/span><\/h3>\n<h3 style=\"text-align: center\"><span style=\"font-family: arial, helvetica, sans-serif;font-size: 14pt\"><strong>pi\u00e8ces propos\u00e9es,\u00a0<a href=\"http:\/\/9740576h.esidoc.fr\/rubrique\/view\/id\/37\" target=\"_blank\">cliquez ici<\/a>.\u00a0<\/strong><\/span><\/h3>\n<p style=\"text-align: center\">\n<p style=\"text-align: center\">\n<p style=\"text-align: center\"><strong><span style=\"font-family: arial, helvetica, sans-serif;font-size: 16pt\"><span style=\"font-size: 14pt\">Toutes les informations sur le festival komidi sur leur site\u00a0<a href=\"http:\/\/komidi.re\/\" target=\"_blank\">http:\/\/komidi.re\/<\/a><\/span>\u00a0<\/span><\/strong><\/p>\n<p style=\"text-align: center\">\n","protected":false},"excerpt":{"rendered":"<p>Festival Komidi 2016- 9\u00e8me Edition Cette ann\u00e9e, le festival aura lieu du 21 avril au 4 mai. L&rsquo;association Komidi Ensemb propose aux \u00e9l\u00e8ves et \u00e0 leur famille un certain nombre de repr\u00e9sentations \u00e0 1\u20ac le billet. L&rsquo;inscription peut se faire aupr\u00e8s de votre documentaliste. Pour en savoir plus sur les\u2026<\/p>\n<p class=\"continue-reading-button\"> <a class=\"continue-reading-link\" href=\"https:\/\/etab.ac-reunion.fr\/clg-tamarins\/komidi-le-festival-du-sud-de-la-reunion\/\">Continuer \u00e0 lire<i class=\"crycon-right-dir\"><\/i><\/a><\/p>\n","protected":false},"author":9112,"featured_media":4386,"comment_status":"closed","ping_status":"closed","sticky":false,"template":"","format":"standard","meta":{"footnotes":""},"categories":[188,24],"tags":[],"class_list":["post-4385","post","type-post","status-publish","format-standard","has-post-thumbnail","hentry","category-nouveaute1","category-nouveautes"],"_links":{"self":[{"href":"https:\/\/etab.ac-reunion.fr\/clg-tamarins\/wp-json\/wp\/v2\/posts\/4385","targetHints":{"allow":["GET"]}}],"collection":[{"href":"https:\/\/etab.ac-reunion.fr\/clg-tamarins\/wp-json\/wp\/v2\/posts"}],"about":[{"href":"https:\/\/etab.ac-reunion.fr\/clg-tamarins\/wp-json\/wp\/v2\/types\/post"}],"author":[{"embeddable":true,"href":"https:\/\/etab.ac-reunion.fr\/clg-tamarins\/wp-json\/wp\/v2\/users\/9112"}],"replies":[{"embeddable":true,"href":"https:\/\/etab.ac-reunion.fr\/clg-tamarins\/wp-json\/wp\/v2\/comments?post=4385"}],"version-history":[{"count":6,"href":"https:\/\/etab.ac-reunion.fr\/clg-tamarins\/wp-json\/wp\/v2\/posts\/4385\/revisions"}],"predecessor-version":[{"id":4392,"href":"https:\/\/etab.ac-reunion.fr\/clg-tamarins\/wp-json\/wp\/v2\/posts\/4385\/revisions\/4392"}],"wp:featuredmedia":[{"embeddable":true,"href":"https:\/\/etab.ac-reunion.fr\/clg-tamarins\/wp-json\/wp\/v2\/media\/4386"}],"wp:attachment":[{"href":"https:\/\/etab.ac-reunion.fr\/clg-tamarins\/wp-json\/wp\/v2\/media?parent=4385"}],"wp:term":[{"taxonomy":"category","embeddable":true,"href":"https:\/\/etab.ac-reunion.fr\/clg-tamarins\/wp-json\/wp\/v2\/categories?post=4385"},{"taxonomy":"post_tag","embeddable":true,"href":"https:\/\/etab.ac-reunion.fr\/clg-tamarins\/wp-json\/wp\/v2\/tags?post=4385"}],"curies":[{"name":"wp","href":"https:\/\/api.w.org\/{rel}","templated":true}]}}