{"id":4393,"date":"2016-03-02T08:47:16","date_gmt":"2016-03-02T04:47:16","guid":{"rendered":"http:\/\/college-les-tamarins.ac-reunion.fr\/?p=4393"},"modified":"2016-03-02T08:47:16","modified_gmt":"2016-03-02T04:47:16","slug":"le-conte-de-lequipe-7-chaperon-rouge","status":"publish","type":"post","link":"https:\/\/etab.ac-reunion.fr\/clg-tamarins\/le-conte-de-lequipe-7-chaperon-rouge\/","title":{"rendered":"Le conte de l&rsquo;\u00e9quipe 7 : CHAPERON ROUGE"},"content":{"rendered":"<p>&nbsp;<\/p>\n<p align=\"CENTER\"><b>La princesse laide et son miroir magique<\/b><\/p>\n<p>Il y a bien longtemps de cela, dans un grand ch\u00e2teau au bord d&rsquo;un lac, vivait une princesse<\/p>\n<p>pr\u00e9nomm\u00e9e C\u00e9lia. Elle n\u2019\u00e9tait pas tr\u00e8s jolie avec sa chevelure terrible et paraissait triste. En effet elle avait aim\u00e9 un prince jadis, qui avait disparu. De l&rsquo;autre cot\u00e9 du lac, en face du ch\u00e2teau vivait la m\u00e9chante f\u00e9e S\u00e9norah. La m\u00e9chante f\u00e9e avait des cheveux dor\u00e9s, des yeux terrifiants et des chaussures sales et tordues.<\/p>\n<p>Un soir, cette vilaine sorci\u00e8re, alors qu&rsquo;elle s&rsquo;ennuyait, d\u00e9cida de jeter un sort \u00e0 C\u00e9lia. Elle se transforma en gentille f\u00e9e et se rendit au ch\u00e2teau. Elle toqua \u00e0 la porte, quand Celia lui ouvrit elle lui dit\u00a0: \u00ab\u00a0Bonjour gentille demoiselle\u00a0, je vends une boisson embellissante, seriez-vous int\u00e9ress\u00e9e\u00a0?\u00a0\u00bb Celia r\u00e9pondit donc \u00ab\u00a0Ah oui! Il m&rsquo;en faudrait volontiers pour reconqu\u00e9rir mon prince\u00a0!\u00a0\u00bb Apr\u00e8s avoir bu cette potion, elle tomba. La m\u00e9chante f\u00e9e reprit son vrai visage et se mit \u00e0 ricaner. Elle rentra chez elle avec le sourire aux l\u00e8vres.<\/p>\n<p>Le lendemain matin, une gentille f\u00e9e passa par l\u00e0 et d\u00e9couvrit C\u00e9lia allong\u00e9e devant le ch\u00e2teau. Elle comprit, en voyant la potion renvers\u00e9e, que la princesse avait \u00e9t\u00e9 empoisonn\u00e9e. Elle d\u00e9cida de la r\u00e9veiller avec un coup de baguette magique. A son r\u00e9veil, C\u00e9lia se mit \u00e0 pleurer et raconta \u00e0 la gentille f\u00e9e Alexia ce qui s&rsquo;\u00e9tait pass\u00e9. Soudain, elles entendirent un bruit dans le grenier. Elles s&rsquo;y dirig\u00e8rent et virent une lueur avec des \u00e9tincelles sous un drap. C\u00e9lia retira la drap et d\u00e9couvrit un miroir magique qui se mit \u00e0 parler. Il r\u00e9v\u00e9la \u00e0 la princesse que S\u00e9norah l&rsquo;avait ensorcel\u00e9e et que c&rsquo;\u00e9tait \u00e9galement elle qui avait emprisonn\u00e9 Georges, son prince charmant.<\/p>\n<p>La gentille f\u00e9e d\u00e9cida d&rsquo;aider C\u00e9lia \u00e0 rompre ce mauvais sort et \u00e0 lib\u00e9rer le prince. Avec sa baguette magique, elle pronon\u00e7a une formule magique et C\u00e9lia se transforma en une belle princesse aux cheveux et aux yeux magnifiques. Elle portait une belle robe blanche orn\u00e9e de rubans rouges. Une carrosse rose fit son apparition tir\u00e9 par deux superbes licornes&#8230;<\/p>\n<p>C\u00e9lia et la f\u00e9e prirent la direction du donjon de S\u00e9norah afin de lib\u00e9rer le prince Georges. Une fois arriv\u00e9es, les licornes ouvrirent les grilles gr\u00e2ce \u00e0 leurs cornes magiques. C\u00e9lia retrouva enfin Georges. Ils mont\u00e8rent tous les deux et se sauv\u00e8rent du donjon. Pendant ce temps, Alexia se chargea d&rsquo;enfermer S\u00e9norah dans un gouffre sans fin.<\/p>\n<p align=\"LEFT\">C\u00e9lia et Georges retourn\u00e8rent au ch\u00e2teau et la f\u00e9e Alexia c\u00e9l\u00e9bra leur mariage. Ils v\u00e9curent<\/p>\n<p align=\"LEFT\">une longue vie heureuse et eurent beaucoup d&rsquo;enfants.<\/p>\n<p align=\"LEFT\">\n<p align=\"LEFT\"><img loading=\"lazy\" decoding=\"async\" class=\"alignnone size-medium wp-image-4395\" src=\"https:\/\/etab.ac-reunion.fr\/clg-tamarins\/wp-content\/uploads\/sites\/56\/2016\/03\/equipe7images2-300x225.png\" alt=\"equipe7images2\" width=\"300\" height=\"225\" srcset=\"https:\/\/etab.ac-reunion.fr\/clg-tamarins\/wp-content\/uploads\/sites\/56\/2016\/03\/equipe7images2-300x225.png 300w, https:\/\/etab.ac-reunion.fr\/clg-tamarins\/wp-content\/uploads\/sites\/56\/2016\/03\/equipe7images2.png 320w\" sizes=\"auto, (max-width: 300px) 100vw, 300px\" \/><\/p>\n<p align=\"LEFT\"><img loading=\"lazy\" decoding=\"async\" class=\"alignnone size-medium wp-image-4396\" src=\"https:\/\/etab.ac-reunion.fr\/clg-tamarins\/wp-content\/uploads\/sites\/56\/2016\/03\/equipe7images1-300x200.jpg\" alt=\"equipe7images1\" width=\"300\" height=\"200\" srcset=\"https:\/\/etab.ac-reunion.fr\/clg-tamarins\/wp-content\/uploads\/sites\/56\/2016\/03\/equipe7images1-300x200.jpg 300w, https:\/\/etab.ac-reunion.fr\/clg-tamarins\/wp-content\/uploads\/sites\/56\/2016\/03\/equipe7images1-1024x683.jpg 1024w, https:\/\/etab.ac-reunion.fr\/clg-tamarins\/wp-content\/uploads\/sites\/56\/2016\/03\/equipe7images1-140x94.jpg 140w\" sizes=\"auto, (max-width: 300px) 100vw, 300px\" \/><\/p>\n","protected":false},"excerpt":{"rendered":"<p>&nbsp; La princesse laide et son miroir magique Il y a bien longtemps de cela, dans un grand ch\u00e2teau au bord d&rsquo;un lac, vivait une princesse pr\u00e9nomm\u00e9e C\u00e9lia. Elle n\u2019\u00e9tait pas tr\u00e8s jolie avec sa chevelure terrible et paraissait triste. En effet elle avait aim\u00e9 un prince jadis, qui avait\u2026<\/p>\n<p class=\"continue-reading-button\"> <a class=\"continue-reading-link\" href=\"https:\/\/etab.ac-reunion.fr\/clg-tamarins\/le-conte-de-lequipe-7-chaperon-rouge\/\">Continuer \u00e0 lire<i class=\"crycon-right-dir\"><\/i><\/a><\/p>\n","protected":false},"author":9112,"featured_media":4394,"comment_status":"closed","ping_status":"closed","sticky":false,"template":"","format":"standard","meta":{"footnotes":""},"categories":[1],"tags":[],"class_list":["post-4393","post","type-post","status-publish","format-standard","has-post-thumbnail","hentry","category-non-classe"],"_links":{"self":[{"href":"https:\/\/etab.ac-reunion.fr\/clg-tamarins\/wp-json\/wp\/v2\/posts\/4393","targetHints":{"allow":["GET"]}}],"collection":[{"href":"https:\/\/etab.ac-reunion.fr\/clg-tamarins\/wp-json\/wp\/v2\/posts"}],"about":[{"href":"https:\/\/etab.ac-reunion.fr\/clg-tamarins\/wp-json\/wp\/v2\/types\/post"}],"author":[{"embeddable":true,"href":"https:\/\/etab.ac-reunion.fr\/clg-tamarins\/wp-json\/wp\/v2\/users\/9112"}],"replies":[{"embeddable":true,"href":"https:\/\/etab.ac-reunion.fr\/clg-tamarins\/wp-json\/wp\/v2\/comments?post=4393"}],"version-history":[{"count":1,"href":"https:\/\/etab.ac-reunion.fr\/clg-tamarins\/wp-json\/wp\/v2\/posts\/4393\/revisions"}],"predecessor-version":[{"id":4397,"href":"https:\/\/etab.ac-reunion.fr\/clg-tamarins\/wp-json\/wp\/v2\/posts\/4393\/revisions\/4397"}],"wp:featuredmedia":[{"embeddable":true,"href":"https:\/\/etab.ac-reunion.fr\/clg-tamarins\/wp-json\/wp\/v2\/media\/4394"}],"wp:attachment":[{"href":"https:\/\/etab.ac-reunion.fr\/clg-tamarins\/wp-json\/wp\/v2\/media?parent=4393"}],"wp:term":[{"taxonomy":"category","embeddable":true,"href":"https:\/\/etab.ac-reunion.fr\/clg-tamarins\/wp-json\/wp\/v2\/categories?post=4393"},{"taxonomy":"post_tag","embeddable":true,"href":"https:\/\/etab.ac-reunion.fr\/clg-tamarins\/wp-json\/wp\/v2\/tags?post=4393"}],"curies":[{"name":"wp","href":"https:\/\/api.w.org\/{rel}","templated":true}]}}