{"id":4412,"date":"2016-03-02T10:21:15","date_gmt":"2016-03-02T06:21:15","guid":{"rendered":"http:\/\/college-les-tamarins.ac-reunion.fr\/?p=4412"},"modified":"2016-03-02T10:21:15","modified_gmt":"2016-03-02T06:21:15","slug":"le-conte-de-lequipe-10-cendrillon","status":"publish","type":"post","link":"https:\/\/etab.ac-reunion.fr\/clg-tamarins\/le-conte-de-lequipe-10-cendrillon\/","title":{"rendered":"Le conte de l&rsquo;\u00e9quipe 10 : CENDRILLON"},"content":{"rendered":"<p align=\"CENTER\"><b>Une paysanne qui voulait \u00eatre une princesse<\/b><\/p>\n<p>Il \u00e9tais une fois, dans un pays lointain, une paysanne qui voulait \u00eatre une princesse. Elle connaissait une f\u00e9e qui pouvait la transformer. Anastasia, c&rsquo;est comme \u00e7a que la paysanne s&rsquo;appelait, se dirigea<\/p>\n<p>donc vers le refuge de la bonne f\u00e9e.<\/p>\n<p>Dans un ch\u00e2teau proche, un jeune prince, du nom de Miguel, l&rsquo;h\u00e9ritier du royaume perdu dans les montagnes, admirait tous les jours, du haut de son donjon, cette jolie paysanne qui gardait les moutons en bas. C&rsquo;\u00e9tait Anastasia. Il r\u00eavait de l&rsquo;\u00e9pouser.<\/p>\n<p>Depuis quelques temps, il poss\u00e9dait enfin la cape magique qui pouvait le transformer en paysan. C&rsquo;est une bonne f\u00e9e qui lui avait donn\u00e9 la cape. Cette bonne f\u00e9e avait une s\u0153ur jumelle , m\u00e9chante et sans pouvoir. Elle d\u00e9cida de voler la baguette magique de sa s\u0153ur. C&rsquo;est ainsi qu&rsquo;elle prit le chemin du refuge de la bonne f\u00e9e.<\/p>\n<p>A son arriv\u00e9e au refuge, sa s\u0153ur \u00e9tait partie ramasser des ingr\u00e9dients utiles \u00e0 sa prochaine potion magique . La m\u00e9chante f\u00e9e profita pour voler la baguette magique de sa s\u0153ur et partit voir Anastasia.<\/p>\n<p>La jeune fille lui expliqua ce qu&rsquo;elle voulait\u00a0: \u00eatre une princesse mais cette f\u00e9e qui \u00e9tait m\u00e9chante la transforma en mouton. C&rsquo;est \u00e0 ce moment l\u00e0 que le prince arriva. Miguel assista au drame, il se mit en col\u00e8re car on avait os\u00e9 toucher \u00e0 sa bien-aim\u00e9e. Il tua la m\u00e9chante f\u00e9e, puis d\u00e9cida, gr\u00e2ce \u00e0 sa cape qui le transformait en paysan, de rester toute sa vie aupr\u00e8s de sa belle, devenue un joli et doux mouton.<\/p>\n<p>&nbsp;<\/p>\n<p><img loading=\"lazy\" decoding=\"async\" class=\"alignnone size-medium wp-image-4417\" src=\"https:\/\/etab.ac-reunion.fr\/clg-tamarins\/wp-content\/uploads\/sites\/56\/2016\/03\/equipe10images1-300x200.jpg\" alt=\"equipe10images1\" width=\"300\" height=\"200\" srcset=\"https:\/\/etab.ac-reunion.fr\/clg-tamarins\/wp-content\/uploads\/sites\/56\/2016\/03\/equipe10images1-300x200.jpg 300w, https:\/\/etab.ac-reunion.fr\/clg-tamarins\/wp-content\/uploads\/sites\/56\/2016\/03\/equipe10images1-1024x683.jpg 1024w, https:\/\/etab.ac-reunion.fr\/clg-tamarins\/wp-content\/uploads\/sites\/56\/2016\/03\/equipe10images1-140x94.jpg 140w\" sizes=\"auto, (max-width: 300px) 100vw, 300px\" \/><\/p>\n","protected":false},"excerpt":{"rendered":"<p>Une paysanne qui voulait \u00eatre une princesse Il \u00e9tais une fois, dans un pays lointain, une paysanne qui voulait \u00eatre une princesse. Elle connaissait une f\u00e9e qui pouvait la transformer. Anastasia, c&rsquo;est comme \u00e7a que la paysanne s&rsquo;appelait, se dirigea donc vers le refuge de la bonne f\u00e9e. Dans un\u2026<\/p>\n<p class=\"continue-reading-button\"> <a class=\"continue-reading-link\" href=\"https:\/\/etab.ac-reunion.fr\/clg-tamarins\/le-conte-de-lequipe-10-cendrillon\/\">Continuer \u00e0 lire<i class=\"crycon-right-dir\"><\/i><\/a><\/p>\n","protected":false},"author":9112,"featured_media":0,"comment_status":"closed","ping_status":"closed","sticky":false,"template":"","format":"standard","meta":{"footnotes":""},"categories":[1],"tags":[],"class_list":["post-4412","post","type-post","status-publish","format-standard","hentry","category-non-classe"],"_links":{"self":[{"href":"https:\/\/etab.ac-reunion.fr\/clg-tamarins\/wp-json\/wp\/v2\/posts\/4412","targetHints":{"allow":["GET"]}}],"collection":[{"href":"https:\/\/etab.ac-reunion.fr\/clg-tamarins\/wp-json\/wp\/v2\/posts"}],"about":[{"href":"https:\/\/etab.ac-reunion.fr\/clg-tamarins\/wp-json\/wp\/v2\/types\/post"}],"author":[{"embeddable":true,"href":"https:\/\/etab.ac-reunion.fr\/clg-tamarins\/wp-json\/wp\/v2\/users\/9112"}],"replies":[{"embeddable":true,"href":"https:\/\/etab.ac-reunion.fr\/clg-tamarins\/wp-json\/wp\/v2\/comments?post=4412"}],"version-history":[{"count":1,"href":"https:\/\/etab.ac-reunion.fr\/clg-tamarins\/wp-json\/wp\/v2\/posts\/4412\/revisions"}],"predecessor-version":[{"id":4418,"href":"https:\/\/etab.ac-reunion.fr\/clg-tamarins\/wp-json\/wp\/v2\/posts\/4412\/revisions\/4418"}],"wp:attachment":[{"href":"https:\/\/etab.ac-reunion.fr\/clg-tamarins\/wp-json\/wp\/v2\/media?parent=4412"}],"wp:term":[{"taxonomy":"category","embeddable":true,"href":"https:\/\/etab.ac-reunion.fr\/clg-tamarins\/wp-json\/wp\/v2\/categories?post=4412"},{"taxonomy":"post_tag","embeddable":true,"href":"https:\/\/etab.ac-reunion.fr\/clg-tamarins\/wp-json\/wp\/v2\/tags?post=4412"}],"curies":[{"name":"wp","href":"https:\/\/api.w.org\/{rel}","templated":true}]}}