{"id":4419,"date":"2016-03-02T10:50:26","date_gmt":"2016-03-02T06:50:26","guid":{"rendered":"http:\/\/college-les-tamarins.ac-reunion.fr\/?p=4419"},"modified":"2016-03-02T10:50:26","modified_gmt":"2016-03-02T06:50:26","slug":"le-conte-de-lequipe-11-raiponce","status":"publish","type":"post","link":"https:\/\/etab.ac-reunion.fr\/clg-tamarins\/le-conte-de-lequipe-11-raiponce\/","title":{"rendered":"Le conte de l&rsquo;\u00e9quipe 11: RAIPONCE"},"content":{"rendered":"<p align=\"CENTER\"><b>La princesse et les f\u00e9es<\/b><\/p>\n<p>Il \u00e9tait une fois une princesse qui r\u00eavait d&rsquo;aventure. Elle s&rsquo;appelait Oc\u00e9ane, elle vivait avec sa m\u00e8re dans un royaume de neige. La princesse \u00e9tait si belle que tous les princes des autres royaumes voulaient l&rsquo;\u00e9pouser. Quand elle passait devant une fleur fan\u00e9e, la fleur vivait de nouveau.<\/p>\n<p>Elle avait deux tantes f\u00e9es: Clochette la gentille f\u00e9e et l&rsquo;autre Mal\u00e9fique la m\u00e9chante.<\/p>\n<p>Un jour, la premi\u00e8re f\u00e9e lui dit\u00a0: \u00ab Je peux exaucer ton v\u0153ux d&rsquo;aventure.Viens ce soir \u00e0 la for\u00eat de glace, dit Clochette.<\/p>\n<p>&#8211; Moi aussi, dit Mal\u00e9fique, je le peux avec un philtre magique tu te transformeras en homme pour toujours\u00a0!<\/p>\n<p>&#8211; Je vais r\u00e9fl\u00e9chir, dit Oc\u00e9ane, je vous le dirai ce soir \u00e0 20h.\u00bb<\/p>\n<p>A 20h\u00a0, elle choisit la f\u00e9e Clochette. La f\u00e9e lui dit\u00a0: \u00abCe soir, \u00e0 minuit, viens dans la for\u00eat de glace\u00bb. A minuit, elle \u00e9tait \u00e0 l&rsquo;entr\u00e9e de la for\u00eat de glace. La f\u00e9e lui avait pr\u00e9par\u00e9 un parcours avec une mare aux crocodiles, un ogre, des gobelins et un dragon. La princesse dit\u00a0: \u00abMerci, ma m\u00e8re ne veut pas que je porte les armes, merci beaucoup\u00bb. Oc\u00e9ane commen\u00e7a la premi\u00e8re \u00e9preuve, elle gagna facilement, la deuxi\u00e8me haut la main&#8230; elle les gagna toutes.<\/p>\n<p>Apr\u00e8s avoir vaincu le dragon, la m\u00e9chante f\u00e9e mal\u00e9fique arriva et lui dit\u00a0: \u00abBats toi contre moi\u00a0! Si tu gagnes, je te trouverais le prince parfait.\u00a0\u00bb Oc\u00e9ane accepta. Mal\u00e9fique, lui donna un bouclier et une \u00e9p\u00e9e en or. La f\u00e9e lui jeta plein de sorts, Oc\u00e9ane les esquiva de justesse. La f\u00e9e se fatigua et Oc\u00e9ane profita pour la mettre dans une cage. Mal\u00e9fique lui dit\u00a0: \u00ab\u00a0Tu as gagn\u00e9, je vais respecter notre accord.\u00a0\u00bb La m\u00e9chante f\u00e9e fit appara\u00eetre un prince.<\/p>\n<p>Oc\u00e9ane et le prince se mari\u00e8rent et eurent deux beaux enfants qui appel\u00e8rent Georges et Sarah. Depuis ce jour, le royaume vit paisiblement.<\/p>\n<p>&nbsp;<\/p>\n<p><img loading=\"lazy\" decoding=\"async\" class=\"alignnone size-medium wp-image-4421\" src=\"https:\/\/etab.ac-reunion.fr\/clg-tamarins\/wp-content\/uploads\/sites\/56\/2016\/03\/equipe11images2-300x225.png\" alt=\"equipe11images2\" width=\"300\" height=\"225\" srcset=\"https:\/\/etab.ac-reunion.fr\/clg-tamarins\/wp-content\/uploads\/sites\/56\/2016\/03\/equipe11images2-300x225.png 300w, https:\/\/etab.ac-reunion.fr\/clg-tamarins\/wp-content\/uploads\/sites\/56\/2016\/03\/equipe11images2.png 640w\" sizes=\"auto, (max-width: 300px) 100vw, 300px\" \/><\/p>\n<p>&nbsp;<\/p>\n<p><img loading=\"lazy\" decoding=\"async\" class=\"alignnone size-medium wp-image-4422\" src=\"https:\/\/etab.ac-reunion.fr\/clg-tamarins\/wp-content\/uploads\/sites\/56\/2016\/03\/equipe11images1-300x200.jpg\" alt=\"equipe11images1\" width=\"300\" height=\"200\" srcset=\"https:\/\/etab.ac-reunion.fr\/clg-tamarins\/wp-content\/uploads\/sites\/56\/2016\/03\/equipe11images1-300x200.jpg 300w, https:\/\/etab.ac-reunion.fr\/clg-tamarins\/wp-content\/uploads\/sites\/56\/2016\/03\/equipe11images1-1024x683.jpg 1024w, https:\/\/etab.ac-reunion.fr\/clg-tamarins\/wp-content\/uploads\/sites\/56\/2016\/03\/equipe11images1-140x94.jpg 140w\" sizes=\"auto, (max-width: 300px) 100vw, 300px\" \/><\/p>\n","protected":false},"excerpt":{"rendered":"<p>La princesse et les f\u00e9es Il \u00e9tait une fois une princesse qui r\u00eavait d&rsquo;aventure. Elle s&rsquo;appelait Oc\u00e9ane, elle vivait avec sa m\u00e8re dans un royaume de neige. La princesse \u00e9tait si belle que tous les princes des autres royaumes voulaient l&rsquo;\u00e9pouser. Quand elle passait devant une fleur fan\u00e9e, la fleur\u2026<\/p>\n<p class=\"continue-reading-button\"> <a class=\"continue-reading-link\" href=\"https:\/\/etab.ac-reunion.fr\/clg-tamarins\/le-conte-de-lequipe-11-raiponce\/\">Continuer \u00e0 lire<i class=\"crycon-right-dir\"><\/i><\/a><\/p>\n","protected":false},"author":9112,"featured_media":4420,"comment_status":"closed","ping_status":"closed","sticky":false,"template":"","format":"standard","meta":{"footnotes":""},"categories":[1],"tags":[],"class_list":["post-4419","post","type-post","status-publish","format-standard","has-post-thumbnail","hentry","category-non-classe"],"_links":{"self":[{"href":"https:\/\/etab.ac-reunion.fr\/clg-tamarins\/wp-json\/wp\/v2\/posts\/4419","targetHints":{"allow":["GET"]}}],"collection":[{"href":"https:\/\/etab.ac-reunion.fr\/clg-tamarins\/wp-json\/wp\/v2\/posts"}],"about":[{"href":"https:\/\/etab.ac-reunion.fr\/clg-tamarins\/wp-json\/wp\/v2\/types\/post"}],"author":[{"embeddable":true,"href":"https:\/\/etab.ac-reunion.fr\/clg-tamarins\/wp-json\/wp\/v2\/users\/9112"}],"replies":[{"embeddable":true,"href":"https:\/\/etab.ac-reunion.fr\/clg-tamarins\/wp-json\/wp\/v2\/comments?post=4419"}],"version-history":[{"count":1,"href":"https:\/\/etab.ac-reunion.fr\/clg-tamarins\/wp-json\/wp\/v2\/posts\/4419\/revisions"}],"predecessor-version":[{"id":4423,"href":"https:\/\/etab.ac-reunion.fr\/clg-tamarins\/wp-json\/wp\/v2\/posts\/4419\/revisions\/4423"}],"wp:featuredmedia":[{"embeddable":true,"href":"https:\/\/etab.ac-reunion.fr\/clg-tamarins\/wp-json\/wp\/v2\/media\/4420"}],"wp:attachment":[{"href":"https:\/\/etab.ac-reunion.fr\/clg-tamarins\/wp-json\/wp\/v2\/media?parent=4419"}],"wp:term":[{"taxonomy":"category","embeddable":true,"href":"https:\/\/etab.ac-reunion.fr\/clg-tamarins\/wp-json\/wp\/v2\/categories?post=4419"},{"taxonomy":"post_tag","embeddable":true,"href":"https:\/\/etab.ac-reunion.fr\/clg-tamarins\/wp-json\/wp\/v2\/tags?post=4419"}],"curies":[{"name":"wp","href":"https:\/\/api.w.org\/{rel}","templated":true}]}}