{"id":4492,"date":"2016-05-30T11:44:29","date_gmt":"2016-05-30T07:44:29","guid":{"rendered":"http:\/\/college-les-tamarins.ac-reunion.fr\/?p=4492"},"modified":"2016-06-23T13:47:35","modified_gmt":"2016-06-23T09:47:35","slug":"journal-de-bord-du-voyage-en-afrique-jour-1-a-3","status":"publish","type":"post","link":"https:\/\/etab.ac-reunion.fr\/clg-tamarins\/journal-de-bord-du-voyage-en-afrique-jour-1-a-3\/","title":{"rendered":"Journal de bord du  voyage en Afrique jour 1 \u00e0 3"},"content":{"rendered":"<p>Apr\u00e8s un saut de puce sur Maurice petit vol pendant lequel nous avons pu d\u00e9couvrir n\u00f4tre \u00eele sous une autre facette, le survol des immensit\u00e9s malgaches et n\u00f4tre arriv\u00e9e sur le continent africain n\u2019a perturb\u00e9 en rien notre \u00e9nergie\u2026.Change, bowling et shopping\u00a0pour commencer!<\/p>\n<p>Les jours qui ont suivi nous ont permis de d\u00e9couvrir quelques facettes de Pr\u00e9toria et de ses environs\u00a0: monuments incontournables\u00a0: Union Bulding (si\u00e8ge politique du pays), La statue de Mandela et Voortrekker (retra\u00e7ant la migration d\u2019une partie de la population au XIX\u00b0S).<\/p>\n<p>Mme ETHEVE<\/p>\n\n\t\t<style type=\"text\/css\">\n\t\t\t#gallery-1 {\n\t\t\t\tmargin: auto;\n\t\t\t}\n\t\t\t#gallery-1 .gallery-item {\n\t\t\t\tfloat: left;\n\t\t\t\tmargin-top: 10px;\n\t\t\t\ttext-align: center;\n\t\t\t\twidth: 33%;\n\t\t\t}\n\t\t\t#gallery-1 img {\n\t\t\t\tborder: 2px solid #cfcfcf;\n\t\t\t}\n\t\t\t#gallery-1 .gallery-caption {\n\t\t\t\tmargin-left: 0;\n\t\t\t}\n\t\t\t\/* see gallery_shortcode() in wp-includes\/media.php *\/\n\t\t<\/style>\n\t\t<div id='gallery-1' class='gallery galleryid-4492 gallery-columns-3 gallery-size-thumbnail'><dl class='gallery-item'>\n\t\t\t<dt class='gallery-icon landscape'>\n\t\t\t\t<a href='https:\/\/etab.ac-reunion.fr\/clg-tamarins\/journal-de-bord-du-voyage-en-afrique-jour-1-a-3\/1-arrives-et-en-pleine-forme\/'><img loading=\"lazy\" decoding=\"async\" width=\"150\" height=\"150\" src=\"https:\/\/etab.ac-reunion.fr\/clg-tamarins\/wp-content\/uploads\/sites\/56\/2016\/05\/1-Arriv\u00e9s-et-en-pleine-forme-150x150.jpg\" class=\"attachment-thumbnail size-thumbnail\" alt=\"\" aria-describedby=\"gallery-1-4493\" srcset=\"https:\/\/etab.ac-reunion.fr\/clg-tamarins\/wp-content\/uploads\/sites\/56\/2016\/05\/1-Arriv\u00e9s-et-en-pleine-forme-150x150.jpg 150w, https:\/\/etab.ac-reunion.fr\/clg-tamarins\/wp-content\/uploads\/sites\/56\/2016\/05\/1-Arriv\u00e9s-et-en-pleine-forme-140x140.jpg 140w, https:\/\/etab.ac-reunion.fr\/clg-tamarins\/wp-content\/uploads\/sites\/56\/2016\/05\/1-Arriv\u00e9s-et-en-pleine-forme-74x74.jpg 74w, https:\/\/etab.ac-reunion.fr\/clg-tamarins\/wp-content\/uploads\/sites\/56\/2016\/05\/1-Arriv\u00e9s-et-en-pleine-forme-184x184.jpg 184w\" sizes=\"auto, (max-width: 150px) 100vw, 150px\" \/><\/a>\n\t\t\t<\/dt>\n\t\t\t\t<dd class='wp-caption-text gallery-caption' id='gallery-1-4493'>\n\t\t\t\tArriv\u00e9s! et en pleine forme!\n\t\t\t\t<\/dd><\/dl><dl class='gallery-item'>\n\t\t\t<dt class='gallery-icon landscape'>\n\t\t\t\t<a href='https:\/\/etab.ac-reunion.fr\/clg-tamarins\/journal-de-bord-du-voyage-en-afrique-jour-1-a-3\/2-sous-les-sunlight-du-bowling\/'><img loading=\"lazy\" decoding=\"async\" width=\"150\" height=\"150\" src=\"https:\/\/etab.ac-reunion.fr\/clg-tamarins\/wp-content\/uploads\/sites\/56\/2016\/05\/2-Sous-les-sunlight-du-bowling-150x150.jpg\" class=\"attachment-thumbnail size-thumbnail\" alt=\"\" aria-describedby=\"gallery-1-4494\" srcset=\"https:\/\/etab.ac-reunion.fr\/clg-tamarins\/wp-content\/uploads\/sites\/56\/2016\/05\/2-Sous-les-sunlight-du-bowling-150x150.jpg 150w, https:\/\/etab.ac-reunion.fr\/clg-tamarins\/wp-content\/uploads\/sites\/56\/2016\/05\/2-Sous-les-sunlight-du-bowling-140x140.jpg 140w, https:\/\/etab.ac-reunion.fr\/clg-tamarins\/wp-content\/uploads\/sites\/56\/2016\/05\/2-Sous-les-sunlight-du-bowling-74x74.jpg 74w, https:\/\/etab.ac-reunion.fr\/clg-tamarins\/wp-content\/uploads\/sites\/56\/2016\/05\/2-Sous-les-sunlight-du-bowling-184x184.jpg 184w\" sizes=\"auto, (max-width: 150px) 100vw, 150px\" \/><\/a>\n\t\t\t<\/dt>\n\t\t\t\t<dd class='wp-caption-text gallery-caption' id='gallery-1-4494'>\n\t\t\t\tSous les sunlight du bowling\n\t\t\t\t<\/dd><\/dl><dl class='gallery-item'>\n\t\t\t<dt class='gallery-icon landscape'>\n\t\t\t\t<a href='https:\/\/etab.ac-reunion.fr\/clg-tamarins\/journal-de-bord-du-voyage-en-afrique-jour-1-a-3\/3-adidas-band\/'><img loading=\"lazy\" decoding=\"async\" width=\"150\" height=\"150\" src=\"https:\/\/etab.ac-reunion.fr\/clg-tamarins\/wp-content\/uploads\/sites\/56\/2016\/05\/3-adidas-band-150x150.jpg\" class=\"attachment-thumbnail size-thumbnail\" alt=\"\" aria-describedby=\"gallery-1-4495\" srcset=\"https:\/\/etab.ac-reunion.fr\/clg-tamarins\/wp-content\/uploads\/sites\/56\/2016\/05\/3-adidas-band-150x150.jpg 150w, https:\/\/etab.ac-reunion.fr\/clg-tamarins\/wp-content\/uploads\/sites\/56\/2016\/05\/3-adidas-band-140x140.jpg 140w, https:\/\/etab.ac-reunion.fr\/clg-tamarins\/wp-content\/uploads\/sites\/56\/2016\/05\/3-adidas-band-74x74.jpg 74w, https:\/\/etab.ac-reunion.fr\/clg-tamarins\/wp-content\/uploads\/sites\/56\/2016\/05\/3-adidas-band-184x184.jpg 184w\" sizes=\"auto, (max-width: 150px) 100vw, 150px\" \/><\/a>\n\t\t\t<\/dt>\n\t\t\t\t<dd class='wp-caption-text gallery-caption' id='gallery-1-4495'>\n\t\t\t\tadidas band\n\t\t\t\t<\/dd><\/dl><br style=\"clear: both\" \/><dl class='gallery-item'>\n\t\t\t<dt class='gallery-icon portrait'>\n\t\t\t\t<a href='https:\/\/etab.ac-reunion.fr\/clg-tamarins\/journal-de-bord-du-voyage-en-afrique-jour-1-a-3\/4-nos-eleves-au-pied-de-la-statue-de-mandela\/'><img loading=\"lazy\" decoding=\"async\" width=\"150\" height=\"150\" src=\"https:\/\/etab.ac-reunion.fr\/clg-tamarins\/wp-content\/uploads\/sites\/56\/2016\/05\/4-Nos-\u00e9l\u00e8ves-au-pied-de-la-statue-de-Mandela-150x150.jpg\" class=\"attachment-thumbnail size-thumbnail\" alt=\"\" aria-describedby=\"gallery-1-4496\" srcset=\"https:\/\/etab.ac-reunion.fr\/clg-tamarins\/wp-content\/uploads\/sites\/56\/2016\/05\/4-Nos-\u00e9l\u00e8ves-au-pied-de-la-statue-de-Mandela-150x150.jpg 150w, https:\/\/etab.ac-reunion.fr\/clg-tamarins\/wp-content\/uploads\/sites\/56\/2016\/05\/4-Nos-\u00e9l\u00e8ves-au-pied-de-la-statue-de-Mandela-140x140.jpg 140w, https:\/\/etab.ac-reunion.fr\/clg-tamarins\/wp-content\/uploads\/sites\/56\/2016\/05\/4-Nos-\u00e9l\u00e8ves-au-pied-de-la-statue-de-Mandela-74x74.jpg 74w, https:\/\/etab.ac-reunion.fr\/clg-tamarins\/wp-content\/uploads\/sites\/56\/2016\/05\/4-Nos-\u00e9l\u00e8ves-au-pied-de-la-statue-de-Mandela-184x184.jpg 184w\" sizes=\"auto, (max-width: 150px) 100vw, 150px\" \/><\/a>\n\t\t\t<\/dt>\n\t\t\t\t<dd class='wp-caption-text gallery-caption' id='gallery-1-4496'>\n\t\t\t\tNos \u00e9l\u00e8ves au pied de la statue de Mandela\n\t\t\t\t<\/dd><\/dl><dl class='gallery-item'>\n\t\t\t<dt class='gallery-icon landscape'>\n\t\t\t\t<a href='https:\/\/etab.ac-reunion.fr\/clg-tamarins\/journal-de-bord-du-voyage-en-afrique-jour-1-a-3\/5-pretoria-vu-dunion-building\/'><img loading=\"lazy\" decoding=\"async\" width=\"150\" height=\"150\" src=\"https:\/\/etab.ac-reunion.fr\/clg-tamarins\/wp-content\/uploads\/sites\/56\/2016\/05\/5-Pr\u00e9toria-vu-dUnion-Building-150x150.jpg\" class=\"attachment-thumbnail size-thumbnail\" alt=\"\" aria-describedby=\"gallery-1-4497\" srcset=\"https:\/\/etab.ac-reunion.fr\/clg-tamarins\/wp-content\/uploads\/sites\/56\/2016\/05\/5-Pr\u00e9toria-vu-dUnion-Building-150x150.jpg 150w, https:\/\/etab.ac-reunion.fr\/clg-tamarins\/wp-content\/uploads\/sites\/56\/2016\/05\/5-Pr\u00e9toria-vu-dUnion-Building-140x140.jpg 140w, https:\/\/etab.ac-reunion.fr\/clg-tamarins\/wp-content\/uploads\/sites\/56\/2016\/05\/5-Pr\u00e9toria-vu-dUnion-Building-74x74.jpg 74w, https:\/\/etab.ac-reunion.fr\/clg-tamarins\/wp-content\/uploads\/sites\/56\/2016\/05\/5-Pr\u00e9toria-vu-dUnion-Building-184x184.jpg 184w\" sizes=\"auto, (max-width: 150px) 100vw, 150px\" \/><\/a>\n\t\t\t<\/dt>\n\t\t\t\t<dd class='wp-caption-text gallery-caption' id='gallery-1-4497'>\n\t\t\t\tPr\u00e9toria vu d&rsquo;Union Building\n\t\t\t\t<\/dd><\/dl><dl class='gallery-item'>\n\t\t\t<dt class='gallery-icon landscape'>\n\t\t\t\t<a href='https:\/\/etab.ac-reunion.fr\/clg-tamarins\/journal-de-bord-du-voyage-en-afrique-jour-1-a-3\/6-tous-au-musee-dhistoire-naturelle\/'><img loading=\"lazy\" decoding=\"async\" width=\"150\" height=\"150\" src=\"https:\/\/etab.ac-reunion.fr\/clg-tamarins\/wp-content\/uploads\/sites\/56\/2016\/05\/6-Tous-au-mus\u00e9e-dhistoire-naturelle-150x150.jpg\" class=\"attachment-thumbnail size-thumbnail\" alt=\"\" aria-describedby=\"gallery-1-4498\" srcset=\"https:\/\/etab.ac-reunion.fr\/clg-tamarins\/wp-content\/uploads\/sites\/56\/2016\/05\/6-Tous-au-mus\u00e9e-dhistoire-naturelle-150x150.jpg 150w, https:\/\/etab.ac-reunion.fr\/clg-tamarins\/wp-content\/uploads\/sites\/56\/2016\/05\/6-Tous-au-mus\u00e9e-dhistoire-naturelle-140x140.jpg 140w, https:\/\/etab.ac-reunion.fr\/clg-tamarins\/wp-content\/uploads\/sites\/56\/2016\/05\/6-Tous-au-mus\u00e9e-dhistoire-naturelle-74x74.jpg 74w, https:\/\/etab.ac-reunion.fr\/clg-tamarins\/wp-content\/uploads\/sites\/56\/2016\/05\/6-Tous-au-mus\u00e9e-dhistoire-naturelle-184x184.jpg 184w\" sizes=\"auto, (max-width: 150px) 100vw, 150px\" \/><\/a>\n\t\t\t<\/dt>\n\t\t\t\t<dd class='wp-caption-text gallery-caption' id='gallery-1-4498'>\n\t\t\t\tTous au mus\u00e9e d&rsquo;histoire naturelle\n\t\t\t\t<\/dd><\/dl><br style=\"clear: both\" \/><dl class='gallery-item'>\n\t\t\t<dt class='gallery-icon landscape'>\n\t\t\t\t<a href='https:\/\/etab.ac-reunion.fr\/clg-tamarins\/journal-de-bord-du-voyage-en-afrique-jour-1-a-3\/7-quelques-specimens-en-pleine-nature\/'><img loading=\"lazy\" decoding=\"async\" width=\"150\" height=\"150\" src=\"https:\/\/etab.ac-reunion.fr\/clg-tamarins\/wp-content\/uploads\/sites\/56\/2016\/05\/7-Quelques-sp\u00e9cimens-en-pleine-nature-150x150.jpg\" class=\"attachment-thumbnail size-thumbnail\" alt=\"\" aria-describedby=\"gallery-1-4499\" srcset=\"https:\/\/etab.ac-reunion.fr\/clg-tamarins\/wp-content\/uploads\/sites\/56\/2016\/05\/7-Quelques-sp\u00e9cimens-en-pleine-nature-150x150.jpg 150w, https:\/\/etab.ac-reunion.fr\/clg-tamarins\/wp-content\/uploads\/sites\/56\/2016\/05\/7-Quelques-sp\u00e9cimens-en-pleine-nature-140x140.jpg 140w, https:\/\/etab.ac-reunion.fr\/clg-tamarins\/wp-content\/uploads\/sites\/56\/2016\/05\/7-Quelques-sp\u00e9cimens-en-pleine-nature-74x74.jpg 74w, https:\/\/etab.ac-reunion.fr\/clg-tamarins\/wp-content\/uploads\/sites\/56\/2016\/05\/7-Quelques-sp\u00e9cimens-en-pleine-nature-184x184.jpg 184w\" sizes=\"auto, (max-width: 150px) 100vw, 150px\" \/><\/a>\n\t\t\t<\/dt>\n\t\t\t\t<dd class='wp-caption-text gallery-caption' id='gallery-1-4499'>\n\t\t\t\t Quelques sp\u00e9cimens en pleine nature!\n\t\t\t\t<\/dd><\/dl><dl class='gallery-item'>\n\t\t\t<dt class='gallery-icon portrait'>\n\t\t\t\t<a href='https:\/\/etab.ac-reunion.fr\/clg-tamarins\/journal-de-bord-du-voyage-en-afrique-jour-1-a-3\/8-un-moment-incontournable-de-lhistoire-du-pays-voortrekker\/'><img loading=\"lazy\" decoding=\"async\" width=\"150\" height=\"150\" src=\"https:\/\/etab.ac-reunion.fr\/clg-tamarins\/wp-content\/uploads\/sites\/56\/2016\/05\/8-Un-moment-incontournable-de-lhistoire-du-pays-VOORTREKKER-150x150.jpg\" class=\"attachment-thumbnail size-thumbnail\" alt=\"\" aria-describedby=\"gallery-1-4500\" srcset=\"https:\/\/etab.ac-reunion.fr\/clg-tamarins\/wp-content\/uploads\/sites\/56\/2016\/05\/8-Un-moment-incontournable-de-lhistoire-du-pays-VOORTREKKER-150x150.jpg 150w, https:\/\/etab.ac-reunion.fr\/clg-tamarins\/wp-content\/uploads\/sites\/56\/2016\/05\/8-Un-moment-incontournable-de-lhistoire-du-pays-VOORTREKKER-140x140.jpg 140w, https:\/\/etab.ac-reunion.fr\/clg-tamarins\/wp-content\/uploads\/sites\/56\/2016\/05\/8-Un-moment-incontournable-de-lhistoire-du-pays-VOORTREKKER-74x74.jpg 74w, https:\/\/etab.ac-reunion.fr\/clg-tamarins\/wp-content\/uploads\/sites\/56\/2016\/05\/8-Un-moment-incontournable-de-lhistoire-du-pays-VOORTREKKER-184x184.jpg 184w\" sizes=\"auto, (max-width: 150px) 100vw, 150px\" \/><\/a>\n\t\t\t<\/dt>\n\t\t\t\t<dd class='wp-caption-text gallery-caption' id='gallery-1-4500'>\n\t\t\t\tUn moment incontournable de l&rsquo;histoire du pays VOORTREKKER\n\t\t\t\t<\/dd><\/dl>\n\t\t\t<br style='clear: both' \/>\n\t\t<\/div>\n\n","protected":false},"excerpt":{"rendered":"<p>Apr\u00e8s un saut de puce sur Maurice petit vol pendant lequel nous avons pu d\u00e9couvrir n\u00f4tre \u00eele sous une autre facette, le survol des immensit\u00e9s malgaches et n\u00f4tre arriv\u00e9e sur le continent africain n\u2019a perturb\u00e9 en rien notre \u00e9nergie\u2026.Change, bowling et shopping\u00a0pour commencer! Les jours qui ont suivi nous ont\u2026<\/p>\n<p class=\"continue-reading-button\"> <a class=\"continue-reading-link\" href=\"https:\/\/etab.ac-reunion.fr\/clg-tamarins\/journal-de-bord-du-voyage-en-afrique-jour-1-a-3\/\">Continuer \u00e0 lire<i class=\"crycon-right-dir\"><\/i><\/a><\/p>\n","protected":false},"author":9112,"featured_media":4501,"comment_status":"closed","ping_status":"closed","sticky":false,"template":"","format":"standard","meta":{"footnotes":""},"categories":[188,273,263,31],"tags":[],"class_list":["post-4492","post","type-post","status-publish","format-standard","has-post-thumbnail","hentry","category-nouveaute1","category-sorties","category-voyage-en-afrique","category-voyages"],"_links":{"self":[{"href":"https:\/\/etab.ac-reunion.fr\/clg-tamarins\/wp-json\/wp\/v2\/posts\/4492","targetHints":{"allow":["GET"]}}],"collection":[{"href":"https:\/\/etab.ac-reunion.fr\/clg-tamarins\/wp-json\/wp\/v2\/posts"}],"about":[{"href":"https:\/\/etab.ac-reunion.fr\/clg-tamarins\/wp-json\/wp\/v2\/types\/post"}],"author":[{"embeddable":true,"href":"https:\/\/etab.ac-reunion.fr\/clg-tamarins\/wp-json\/wp\/v2\/users\/9112"}],"replies":[{"embeddable":true,"href":"https:\/\/etab.ac-reunion.fr\/clg-tamarins\/wp-json\/wp\/v2\/comments?post=4492"}],"version-history":[{"count":2,"href":"https:\/\/etab.ac-reunion.fr\/clg-tamarins\/wp-json\/wp\/v2\/posts\/4492\/revisions"}],"predecessor-version":[{"id":4592,"href":"https:\/\/etab.ac-reunion.fr\/clg-tamarins\/wp-json\/wp\/v2\/posts\/4492\/revisions\/4592"}],"wp:featuredmedia":[{"embeddable":true,"href":"https:\/\/etab.ac-reunion.fr\/clg-tamarins\/wp-json\/wp\/v2\/media\/4501"}],"wp:attachment":[{"href":"https:\/\/etab.ac-reunion.fr\/clg-tamarins\/wp-json\/wp\/v2\/media?parent=4492"}],"wp:term":[{"taxonomy":"category","embeddable":true,"href":"https:\/\/etab.ac-reunion.fr\/clg-tamarins\/wp-json\/wp\/v2\/categories?post=4492"},{"taxonomy":"post_tag","embeddable":true,"href":"https:\/\/etab.ac-reunion.fr\/clg-tamarins\/wp-json\/wp\/v2\/tags?post=4492"}],"curies":[{"name":"wp","href":"https:\/\/api.w.org\/{rel}","templated":true}]}}