{"id":4523,"date":"2016-05-30T11:42:19","date_gmt":"2016-05-30T07:42:19","guid":{"rendered":"http:\/\/college-les-tamarins.ac-reunion.fr\/?p=4523"},"modified":"2016-06-23T13:48:38","modified_gmt":"2016-06-23T09:48:38","slug":"journal-de-bord-du-voyage-en-afrique-jour-7-a-9","status":"publish","type":"post","link":"https:\/\/etab.ac-reunion.fr\/clg-tamarins\/journal-de-bord-du-voyage-en-afrique-jour-7-a-9\/","title":{"rendered":"Journal de bord du voyage en Afrique jour 7 \u00e0 9"},"content":{"rendered":"<p>Notre s\u00e9jour se poursuit avec toujours au programme des b\u00eates\u2026petites et grandes, inoffensives parfois mais aussi terriblement dangereuses\u2026.frissons garantis\u00a0! Certains d\u2019entre nous ne faisaient pas les fiers certes, mais heureux de partager de tels instants!!!<\/p>\n<p>Mme ETHEVE<\/p>\n<div id=\"attachment_4524\" style=\"width: 210px\" class=\"wp-caption alignnone\"><img loading=\"lazy\" decoding=\"async\" aria-describedby=\"caption-attachment-4524\" class=\"size-medium wp-image-4524\" src=\"https:\/\/etab.ac-reunion.fr\/clg-tamarins\/wp-content\/uploads\/sites\/56\/2016\/05\/1-Coucou-me-voil\u00e0-200x300.jpg\" alt=\"Coucou me voil\u00e0\" width=\"200\" height=\"300\" srcset=\"https:\/\/etab.ac-reunion.fr\/clg-tamarins\/wp-content\/uploads\/sites\/56\/2016\/05\/1-Coucou-me-voil\u00e0-200x300.jpg 200w, https:\/\/etab.ac-reunion.fr\/clg-tamarins\/wp-content\/uploads\/sites\/56\/2016\/05\/1-Coucou-me-voil\u00e0-683x1024.jpg 683w\" sizes=\"auto, (max-width: 200px) 100vw, 200px\" \/><p id=\"caption-attachment-4524\" class=\"wp-caption-text\">Coucou me voil\u00e0<\/p><\/div>\n<div id=\"attachment_4525\" style=\"width: 310px\" class=\"wp-caption alignnone\"><img loading=\"lazy\" decoding=\"async\" aria-describedby=\"caption-attachment-4525\" class=\"size-medium wp-image-4525\" src=\"https:\/\/etab.ac-reunion.fr\/clg-tamarins\/wp-content\/uploads\/sites\/56\/2016\/05\/2-Nous-on-mange-300x200.jpg\" alt=\"Nous on mange\" width=\"300\" height=\"200\" srcset=\"https:\/\/etab.ac-reunion.fr\/clg-tamarins\/wp-content\/uploads\/sites\/56\/2016\/05\/2-Nous-on-mange-300x200.jpg 300w, https:\/\/etab.ac-reunion.fr\/clg-tamarins\/wp-content\/uploads\/sites\/56\/2016\/05\/2-Nous-on-mange-1024x683.jpg 1024w, https:\/\/etab.ac-reunion.fr\/clg-tamarins\/wp-content\/uploads\/sites\/56\/2016\/05\/2-Nous-on-mange-140x94.jpg 140w\" sizes=\"auto, (max-width: 300px) 100vw, 300px\" \/><p id=\"caption-attachment-4525\" class=\"wp-caption-text\">Nous on mange<\/p><\/div>\n<div id=\"attachment_4526\" style=\"width: 310px\" class=\"wp-caption alignnone\"><img loading=\"lazy\" decoding=\"async\" aria-describedby=\"caption-attachment-4526\" class=\"size-medium wp-image-4526\" src=\"https:\/\/etab.ac-reunion.fr\/clg-tamarins\/wp-content\/uploads\/sites\/56\/2016\/05\/3-Que-de-couleurs-chatoyantes-300x200.jpg\" alt=\"Que de couleurs chatoyantes\" width=\"300\" height=\"200\" srcset=\"https:\/\/etab.ac-reunion.fr\/clg-tamarins\/wp-content\/uploads\/sites\/56\/2016\/05\/3-Que-de-couleurs-chatoyantes-300x200.jpg 300w, https:\/\/etab.ac-reunion.fr\/clg-tamarins\/wp-content\/uploads\/sites\/56\/2016\/05\/3-Que-de-couleurs-chatoyantes-1024x683.jpg 1024w, https:\/\/etab.ac-reunion.fr\/clg-tamarins\/wp-content\/uploads\/sites\/56\/2016\/05\/3-Que-de-couleurs-chatoyantes-140x94.jpg 140w\" sizes=\"auto, (max-width: 300px) 100vw, 300px\" \/><p id=\"caption-attachment-4526\" class=\"wp-caption-text\">Que de couleurs chatoyantes<\/p><\/div>\n<div id=\"attachment_4527\" style=\"width: 310px\" class=\"wp-caption alignnone\"><img loading=\"lazy\" decoding=\"async\" aria-describedby=\"caption-attachment-4527\" class=\"size-medium wp-image-4527\" src=\"https:\/\/etab.ac-reunion.fr\/clg-tamarins\/wp-content\/uploads\/sites\/56\/2016\/05\/4-Une-\u00e9quipe-de-choc-300x200.jpg\" alt=\"Une \u00e9quipe de choc\" width=\"300\" height=\"200\" srcset=\"https:\/\/etab.ac-reunion.fr\/clg-tamarins\/wp-content\/uploads\/sites\/56\/2016\/05\/4-Une-\u00e9quipe-de-choc-300x200.jpg 300w, https:\/\/etab.ac-reunion.fr\/clg-tamarins\/wp-content\/uploads\/sites\/56\/2016\/05\/4-Une-\u00e9quipe-de-choc-1024x683.jpg 1024w, https:\/\/etab.ac-reunion.fr\/clg-tamarins\/wp-content\/uploads\/sites\/56\/2016\/05\/4-Une-\u00e9quipe-de-choc-140x94.jpg 140w\" sizes=\"auto, (max-width: 300px) 100vw, 300px\" \/><p id=\"caption-attachment-4527\" class=\"wp-caption-text\">Une \u00e9quipe de choc<\/p><\/div>\n<div id=\"attachment_4528\" style=\"width: 210px\" class=\"wp-caption alignnone\"><img loading=\"lazy\" decoding=\"async\" aria-describedby=\"caption-attachment-4528\" class=\"size-medium wp-image-4528\" src=\"https:\/\/etab.ac-reunion.fr\/clg-tamarins\/wp-content\/uploads\/sites\/56\/2016\/05\/5-une-v\u00e9rit\u00e9-VRAIE-200x300.jpg\" alt=\"une v\u00e9rit\u00e9 VRAIE\" width=\"200\" height=\"300\" srcset=\"https:\/\/etab.ac-reunion.fr\/clg-tamarins\/wp-content\/uploads\/sites\/56\/2016\/05\/5-une-v\u00e9rit\u00e9-VRAIE-200x300.jpg 200w, https:\/\/etab.ac-reunion.fr\/clg-tamarins\/wp-content\/uploads\/sites\/56\/2016\/05\/5-une-v\u00e9rit\u00e9-VRAIE-683x1024.jpg 683w\" sizes=\"auto, (max-width: 200px) 100vw, 200px\" \/><p id=\"caption-attachment-4528\" class=\"wp-caption-text\">une v\u00e9rit\u00e9 VRAIE<\/p><\/div>\n<div id=\"attachment_4529\" style=\"width: 310px\" class=\"wp-caption alignnone\"><img loading=\"lazy\" decoding=\"async\" aria-describedby=\"caption-attachment-4529\" class=\"size-medium wp-image-4529\" src=\"https:\/\/etab.ac-reunion.fr\/clg-tamarins\/wp-content\/uploads\/sites\/56\/2016\/05\/6-vous-voyez-quoi-300x200.jpg\" alt=\"vous voyez quoi\" width=\"300\" height=\"200\" srcset=\"https:\/\/etab.ac-reunion.fr\/clg-tamarins\/wp-content\/uploads\/sites\/56\/2016\/05\/6-vous-voyez-quoi-300x200.jpg 300w, https:\/\/etab.ac-reunion.fr\/clg-tamarins\/wp-content\/uploads\/sites\/56\/2016\/05\/6-vous-voyez-quoi-1024x683.jpg 1024w, https:\/\/etab.ac-reunion.fr\/clg-tamarins\/wp-content\/uploads\/sites\/56\/2016\/05\/6-vous-voyez-quoi-140x94.jpg 140w\" sizes=\"auto, (max-width: 300px) 100vw, 300px\" \/><p id=\"caption-attachment-4529\" class=\"wp-caption-text\">vous voyez quoi<\/p><\/div>\n<div id=\"attachment_4530\" style=\"width: 310px\" class=\"wp-caption alignnone\"><img loading=\"lazy\" decoding=\"async\" aria-describedby=\"caption-attachment-4530\" class=\"size-medium wp-image-4530\" src=\"https:\/\/etab.ac-reunion.fr\/clg-tamarins\/wp-content\/uploads\/sites\/56\/2016\/05\/7-micro...codile-dorant-au-soleil-300x200.jpg\" alt=\"micro...codile dorant au soleil\" width=\"300\" height=\"200\" srcset=\"https:\/\/etab.ac-reunion.fr\/clg-tamarins\/wp-content\/uploads\/sites\/56\/2016\/05\/7-micro...codile-dorant-au-soleil-300x200.jpg 300w, https:\/\/etab.ac-reunion.fr\/clg-tamarins\/wp-content\/uploads\/sites\/56\/2016\/05\/7-micro...codile-dorant-au-soleil-1024x683.jpg 1024w, https:\/\/etab.ac-reunion.fr\/clg-tamarins\/wp-content\/uploads\/sites\/56\/2016\/05\/7-micro...codile-dorant-au-soleil-140x94.jpg 140w\" sizes=\"auto, (max-width: 300px) 100vw, 300px\" \/><p id=\"caption-attachment-4530\" class=\"wp-caption-text\">micro&#8230;codile dorant au soleil<\/p><\/div>\n<div id=\"attachment_4531\" style=\"width: 310px\" class=\"wp-caption alignnone\"><img loading=\"lazy\" decoding=\"async\" aria-describedby=\"caption-attachment-4531\" class=\"size-medium wp-image-4531\" src=\"https:\/\/etab.ac-reunion.fr\/clg-tamarins\/wp-content\/uploads\/sites\/56\/2016\/05\/8-La-belle-b\u00eate....apr\u00e8s-cest-notre-tour-300x200.jpg\" alt=\"La belle b\u00eate....apr\u00e8s c'est notre tour\" width=\"300\" height=\"200\" srcset=\"https:\/\/etab.ac-reunion.fr\/clg-tamarins\/wp-content\/uploads\/sites\/56\/2016\/05\/8-La-belle-b\u00eate....apr\u00e8s-cest-notre-tour-300x200.jpg 300w, https:\/\/etab.ac-reunion.fr\/clg-tamarins\/wp-content\/uploads\/sites\/56\/2016\/05\/8-La-belle-b\u00eate....apr\u00e8s-cest-notre-tour-1024x683.jpg 1024w, https:\/\/etab.ac-reunion.fr\/clg-tamarins\/wp-content\/uploads\/sites\/56\/2016\/05\/8-La-belle-b\u00eate....apr\u00e8s-cest-notre-tour-140x94.jpg 140w\" sizes=\"auto, (max-width: 300px) 100vw, 300px\" \/><p id=\"caption-attachment-4531\" class=\"wp-caption-text\">La belle b\u00eate&#8230;.apr\u00e8s c&rsquo;est notre tour<\/p><\/div>\n<div id=\"attachment_4532\" style=\"width: 310px\" class=\"wp-caption alignnone\"><img loading=\"lazy\" decoding=\"async\" aria-describedby=\"caption-attachment-4532\" class=\"size-medium wp-image-4532\" src=\"https:\/\/etab.ac-reunion.fr\/clg-tamarins\/wp-content\/uploads\/sites\/56\/2016\/05\/8.2-Je-monte-la-garde-300x200.jpg\" alt=\"Je monte la garde\" width=\"300\" height=\"200\" srcset=\"https:\/\/etab.ac-reunion.fr\/clg-tamarins\/wp-content\/uploads\/sites\/56\/2016\/05\/8.2-Je-monte-la-garde-300x200.jpg 300w, https:\/\/etab.ac-reunion.fr\/clg-tamarins\/wp-content\/uploads\/sites\/56\/2016\/05\/8.2-Je-monte-la-garde-1024x683.jpg 1024w, https:\/\/etab.ac-reunion.fr\/clg-tamarins\/wp-content\/uploads\/sites\/56\/2016\/05\/8.2-Je-monte-la-garde-140x94.jpg 140w\" sizes=\"auto, (max-width: 300px) 100vw, 300px\" \/><p id=\"caption-attachment-4532\" class=\"wp-caption-text\">Je monte la garde<\/p><\/div>\n<div id=\"attachment_4533\" style=\"width: 310px\" class=\"wp-caption alignnone\"><img loading=\"lazy\" decoding=\"async\" aria-describedby=\"caption-attachment-4533\" class=\"size-medium wp-image-4533\" src=\"https:\/\/etab.ac-reunion.fr\/clg-tamarins\/wp-content\/uploads\/sites\/56\/2016\/05\/9-Attentifs-et-impressionn\u00e9s..-300x200.jpg\" alt=\" Attentifs et impressionn\u00e9s..\" width=\"300\" height=\"200\" srcset=\"https:\/\/etab.ac-reunion.fr\/clg-tamarins\/wp-content\/uploads\/sites\/56\/2016\/05\/9-Attentifs-et-impressionn\u00e9s..-300x200.jpg 300w, https:\/\/etab.ac-reunion.fr\/clg-tamarins\/wp-content\/uploads\/sites\/56\/2016\/05\/9-Attentifs-et-impressionn\u00e9s..-1024x683.jpg 1024w, https:\/\/etab.ac-reunion.fr\/clg-tamarins\/wp-content\/uploads\/sites\/56\/2016\/05\/9-Attentifs-et-impressionn\u00e9s..-140x94.jpg 140w\" sizes=\"auto, (max-width: 300px) 100vw, 300px\" \/><p id=\"caption-attachment-4533\" class=\"wp-caption-text\">Attentifs et impressionn\u00e9s..<\/p><\/div>\n<div id=\"attachment_4534\" style=\"width: 310px\" class=\"wp-caption alignnone\"><img loading=\"lazy\" decoding=\"async\" aria-describedby=\"caption-attachment-4534\" class=\"size-medium wp-image-4534\" src=\"https:\/\/etab.ac-reunion.fr\/clg-tamarins\/wp-content\/uploads\/sites\/56\/2016\/05\/10...par-les-peites-b\u00eates-dedansserpents-venimeux-300x200.jpg\" alt=\"...par les peites b\u00eates dedans(serpents venimeux)\" width=\"300\" height=\"200\" srcset=\"https:\/\/etab.ac-reunion.fr\/clg-tamarins\/wp-content\/uploads\/sites\/56\/2016\/05\/10...par-les-peites-b\u00eates-dedansserpents-venimeux-300x200.jpg 300w, https:\/\/etab.ac-reunion.fr\/clg-tamarins\/wp-content\/uploads\/sites\/56\/2016\/05\/10...par-les-peites-b\u00eates-dedansserpents-venimeux-1024x683.jpg 1024w, https:\/\/etab.ac-reunion.fr\/clg-tamarins\/wp-content\/uploads\/sites\/56\/2016\/05\/10...par-les-peites-b\u00eates-dedansserpents-venimeux-140x94.jpg 140w\" sizes=\"auto, (max-width: 300px) 100vw, 300px\" \/><p id=\"caption-attachment-4534\" class=\"wp-caption-text\">&#8230;par les peites b\u00eates dedans(serpents venimeux)<\/p><\/div>\n","protected":false},"excerpt":{"rendered":"<p>Notre s\u00e9jour se poursuit avec toujours au programme des b\u00eates\u2026petites et grandes, inoffensives parfois mais aussi terriblement dangereuses\u2026.frissons garantis\u00a0! Certains d\u2019entre nous ne faisaient pas les fiers certes, mais heureux de partager de tels instants!!! Mme ETHEVE<\/p>\n<p class=\"continue-reading-button\"> <a class=\"continue-reading-link\" href=\"https:\/\/etab.ac-reunion.fr\/clg-tamarins\/journal-de-bord-du-voyage-en-afrique-jour-7-a-9\/\">Continuer \u00e0 lire<i class=\"crycon-right-dir\"><\/i><\/a><\/p>\n","protected":false},"author":9112,"featured_media":4535,"comment_status":"closed","ping_status":"closed","sticky":false,"template":"","format":"standard","meta":{"footnotes":""},"categories":[105,273,263,31],"tags":[],"class_list":["post-4523","post","type-post","status-publish","format-standard","has-post-thumbnail","hentry","category-nouveautes3","category-sorties","category-voyage-en-afrique","category-voyages"],"_links":{"self":[{"href":"https:\/\/etab.ac-reunion.fr\/clg-tamarins\/wp-json\/wp\/v2\/posts\/4523","targetHints":{"allow":["GET"]}}],"collection":[{"href":"https:\/\/etab.ac-reunion.fr\/clg-tamarins\/wp-json\/wp\/v2\/posts"}],"about":[{"href":"https:\/\/etab.ac-reunion.fr\/clg-tamarins\/wp-json\/wp\/v2\/types\/post"}],"author":[{"embeddable":true,"href":"https:\/\/etab.ac-reunion.fr\/clg-tamarins\/wp-json\/wp\/v2\/users\/9112"}],"replies":[{"embeddable":true,"href":"https:\/\/etab.ac-reunion.fr\/clg-tamarins\/wp-json\/wp\/v2\/comments?post=4523"}],"version-history":[{"count":2,"href":"https:\/\/etab.ac-reunion.fr\/clg-tamarins\/wp-json\/wp\/v2\/posts\/4523\/revisions"}],"predecessor-version":[{"id":4594,"href":"https:\/\/etab.ac-reunion.fr\/clg-tamarins\/wp-json\/wp\/v2\/posts\/4523\/revisions\/4594"}],"wp:featuredmedia":[{"embeddable":true,"href":"https:\/\/etab.ac-reunion.fr\/clg-tamarins\/wp-json\/wp\/v2\/media\/4535"}],"wp:attachment":[{"href":"https:\/\/etab.ac-reunion.fr\/clg-tamarins\/wp-json\/wp\/v2\/media?parent=4523"}],"wp:term":[{"taxonomy":"category","embeddable":true,"href":"https:\/\/etab.ac-reunion.fr\/clg-tamarins\/wp-json\/wp\/v2\/categories?post=4523"},{"taxonomy":"post_tag","embeddable":true,"href":"https:\/\/etab.ac-reunion.fr\/clg-tamarins\/wp-json\/wp\/v2\/tags?post=4523"}],"curies":[{"name":"wp","href":"https:\/\/api.w.org\/{rel}","templated":true}]}}