{"id":4558,"date":"2016-05-30T15:11:35","date_gmt":"2016-05-30T11:11:35","guid":{"rendered":"http:\/\/college-les-tamarins.ac-reunion.fr\/?p=4558"},"modified":"2016-06-23T13:46:58","modified_gmt":"2016-06-23T09:46:58","slug":"sortie-des-5eme-bilimbi-a-stella-matutina","status":"publish","type":"post","link":"https:\/\/etab.ac-reunion.fr\/clg-tamarins\/sortie-des-5eme-bilimbi-a-stella-matutina\/","title":{"rendered":"Sortie des 5\u00e8me BILIMBI \u00e0 STELLA MATUTINA"},"content":{"rendered":"<p>&nbsp;<\/p>\n<p>En ce jeudi 26 mai, apr\u00e8s avoir pass\u00e9 des mois \u00e0 \u00e9tudier le sujet nous allons enfin toucher du doigt les objets vus dans notre \u00e9tude sur les \u00ab\u00a0esclaves oubli\u00e9s de Tromelin\u00a0\u00bb. Une visite guid\u00e9e sur ce th\u00e8me et des activit\u00e9s dignes\u00a0 d\u2019un vrai arch\u00e9ologue nous ont \u00e9t\u00e9 propos\u00e9es. Une matin\u00e9e enrichissante\u00a0: histoire du bassin sud de l\u2019Oc\u00e9an Indien au XVII\u00b0 et XVIII\u00b0S, Nous avons pu nous mettre dans la peau d\u2019un arch\u00e9ologue\u2026trouver des objets, les d\u00e9crire, se poser des questions sur leurs utilisations et enfin tout soumettre \u00e0 nos camarades (\u00ab\u00a0r\u00e9unions\u00a0 de chantier\u00a0de fin de journ\u00e9e\u00bb).<\/p>\n<p>Apr\u00e8s notre pause d\u00e9je\u00fbner \u00ab\u00a0Stella nouvelle version\u00a0\u00bb nous a ouvert ses portes. Une visite plus en autonomie avec des audio-guides. Sur plusieurs \u00e9tages des panneaux et des petits films nous ont cont\u00e9s l\u2019histoire du sucre et ses diff\u00e9rentes transformations. Des \u00e9l\u00e9ments de notre culture \u00e9taient aussi retrac\u00e9s (religion, artisanat\u2026et m\u00eame la reconstitution d \u2018une \u00ab\u00a0boutik sinois lontan\u00a0\u00bb.<\/p>\n<p>Nous avons aussi d\u00e9couvert\u2026.le \u00ab\u00a0car courant d\u2019air\u00a0\u00bb, moyen\u00a0 de d\u00e9placement original d\u2019\u00e9poque.<\/p>\n<p>\u2026\u2026Une journ\u00e9e bien remplie et active!<\/p>\n<p>Mme ETHEVE &amp; Mme FELIX<\/p>\n\n\t\t<style type=\"text\/css\">\n\t\t\t#gallery-1 {\n\t\t\t\tmargin: auto;\n\t\t\t}\n\t\t\t#gallery-1 .gallery-item {\n\t\t\t\tfloat: left;\n\t\t\t\tmargin-top: 10px;\n\t\t\t\ttext-align: center;\n\t\t\t\twidth: 33%;\n\t\t\t}\n\t\t\t#gallery-1 img {\n\t\t\t\tborder: 2px solid #cfcfcf;\n\t\t\t}\n\t\t\t#gallery-1 .gallery-caption {\n\t\t\t\tmargin-left: 0;\n\t\t\t}\n\t\t\t\/* see gallery_shortcode() in wp-includes\/media.php *\/\n\t\t<\/style>\n\t\t<div id='gallery-1' class='gallery galleryid-4558 gallery-columns-3 gallery-size-thumbnail'><dl class='gallery-item'>\n\t\t\t<dt class='gallery-icon landscape'>\n\t\t\t\t<a href='https:\/\/etab.ac-reunion.fr\/clg-tamarins\/sortie-des-5eme-bilimbi-a-stella-matutina\/samsung-camera-pictures\/'><img loading=\"lazy\" decoding=\"async\" width=\"150\" height=\"150\" src=\"https:\/\/etab.ac-reunion.fr\/clg-tamarins\/wp-content\/uploads\/sites\/56\/2016\/05\/Activit\u00e9-c\u00e9ramologie-150x150.jpg\" class=\"attachment-thumbnail size-thumbnail\" alt=\"\" aria-describedby=\"gallery-1-4559\" srcset=\"https:\/\/etab.ac-reunion.fr\/clg-tamarins\/wp-content\/uploads\/sites\/56\/2016\/05\/Activit\u00e9-c\u00e9ramologie-150x150.jpg 150w, https:\/\/etab.ac-reunion.fr\/clg-tamarins\/wp-content\/uploads\/sites\/56\/2016\/05\/Activit\u00e9-c\u00e9ramologie-140x140.jpg 140w, https:\/\/etab.ac-reunion.fr\/clg-tamarins\/wp-content\/uploads\/sites\/56\/2016\/05\/Activit\u00e9-c\u00e9ramologie-74x74.jpg 74w, https:\/\/etab.ac-reunion.fr\/clg-tamarins\/wp-content\/uploads\/sites\/56\/2016\/05\/Activit\u00e9-c\u00e9ramologie-184x184.jpg 184w\" sizes=\"auto, (max-width: 150px) 100vw, 150px\" \/><\/a>\n\t\t\t<\/dt>\n\t\t\t\t<dd class='wp-caption-text gallery-caption' id='gallery-1-4559'>\n\t\t\t\tActivit\u00e9 c\u00e9ramologie\n\t\t\t\t<\/dd><\/dl><dl class='gallery-item'>\n\t\t\t<dt class='gallery-icon landscape'>\n\t\t\t\t<a href='https:\/\/etab.ac-reunion.fr\/clg-tamarins\/sortie-des-5eme-bilimbi-a-stella-matutina\/samsung-camera-pictures-2\/'><img loading=\"lazy\" decoding=\"async\" width=\"150\" height=\"150\" src=\"https:\/\/etab.ac-reunion.fr\/clg-tamarins\/wp-content\/uploads\/sites\/56\/2016\/05\/Caricature-sucre-canne-ou-betterave-150x150.jpg\" class=\"attachment-thumbnail size-thumbnail\" alt=\"\" aria-describedby=\"gallery-1-4560\" srcset=\"https:\/\/etab.ac-reunion.fr\/clg-tamarins\/wp-content\/uploads\/sites\/56\/2016\/05\/Caricature-sucre-canne-ou-betterave-150x150.jpg 150w, https:\/\/etab.ac-reunion.fr\/clg-tamarins\/wp-content\/uploads\/sites\/56\/2016\/05\/Caricature-sucre-canne-ou-betterave-140x140.jpg 140w, https:\/\/etab.ac-reunion.fr\/clg-tamarins\/wp-content\/uploads\/sites\/56\/2016\/05\/Caricature-sucre-canne-ou-betterave-74x74.jpg 74w, https:\/\/etab.ac-reunion.fr\/clg-tamarins\/wp-content\/uploads\/sites\/56\/2016\/05\/Caricature-sucre-canne-ou-betterave-184x184.jpg 184w\" sizes=\"auto, (max-width: 150px) 100vw, 150px\" \/><\/a>\n\t\t\t<\/dt>\n\t\t\t\t<dd class='wp-caption-text gallery-caption' id='gallery-1-4560'>\n\t\t\t\tCaricature sucre canne ou bettrave\n\t\t\t\t<\/dd><\/dl><dl class='gallery-item'>\n\t\t\t<dt class='gallery-icon landscape'>\n\t\t\t\t<a href='https:\/\/etab.ac-reunion.fr\/clg-tamarins\/sortie-des-5eme-bilimbi-a-stella-matutina\/samsung-camera-pictures-3\/'><img loading=\"lazy\" decoding=\"async\" width=\"150\" height=\"150\" src=\"https:\/\/etab.ac-reunion.fr\/clg-tamarins\/wp-content\/uploads\/sites\/56\/2016\/05\/Loc\u00e9an-Indien-zone-de-trafic-150x150.jpg\" class=\"attachment-thumbnail size-thumbnail\" alt=\"\" aria-describedby=\"gallery-1-4561\" srcset=\"https:\/\/etab.ac-reunion.fr\/clg-tamarins\/wp-content\/uploads\/sites\/56\/2016\/05\/Loc\u00e9an-Indien-zone-de-trafic-150x150.jpg 150w, https:\/\/etab.ac-reunion.fr\/clg-tamarins\/wp-content\/uploads\/sites\/56\/2016\/05\/Loc\u00e9an-Indien-zone-de-trafic-140x140.jpg 140w, https:\/\/etab.ac-reunion.fr\/clg-tamarins\/wp-content\/uploads\/sites\/56\/2016\/05\/Loc\u00e9an-Indien-zone-de-trafic-74x74.jpg 74w, https:\/\/etab.ac-reunion.fr\/clg-tamarins\/wp-content\/uploads\/sites\/56\/2016\/05\/Loc\u00e9an-Indien-zone-de-trafic-184x184.jpg 184w\" sizes=\"auto, (max-width: 150px) 100vw, 150px\" \/><\/a>\n\t\t\t<\/dt>\n\t\t\t\t<dd class='wp-caption-text gallery-caption' id='gallery-1-4561'>\n\t\t\t\tL oc\u00e9an Indin zone de trafic\n\t\t\t\t<\/dd><\/dl><br style=\"clear: both\" \/><dl class='gallery-item'>\n\t\t\t<dt class='gallery-icon portrait'>\n\t\t\t\t<a href='https:\/\/etab.ac-reunion.fr\/clg-tamarins\/sortie-des-5eme-bilimbi-a-stella-matutina\/samsung-camera-pictures-4\/'><img loading=\"lazy\" decoding=\"async\" width=\"150\" height=\"150\" src=\"https:\/\/etab.ac-reunion.fr\/clg-tamarins\/wp-content\/uploads\/sites\/56\/2016\/05\/On-rassemble-les-morceaux...-150x150.jpg\" class=\"attachment-thumbnail size-thumbnail\" alt=\"\" aria-describedby=\"gallery-1-4562\" srcset=\"https:\/\/etab.ac-reunion.fr\/clg-tamarins\/wp-content\/uploads\/sites\/56\/2016\/05\/On-rassemble-les-morceaux...-150x150.jpg 150w, https:\/\/etab.ac-reunion.fr\/clg-tamarins\/wp-content\/uploads\/sites\/56\/2016\/05\/On-rassemble-les-morceaux...-140x140.jpg 140w, https:\/\/etab.ac-reunion.fr\/clg-tamarins\/wp-content\/uploads\/sites\/56\/2016\/05\/On-rassemble-les-morceaux...-74x74.jpg 74w, https:\/\/etab.ac-reunion.fr\/clg-tamarins\/wp-content\/uploads\/sites\/56\/2016\/05\/On-rassemble-les-morceaux...-184x184.jpg 184w\" sizes=\"auto, (max-width: 150px) 100vw, 150px\" \/><\/a>\n\t\t\t<\/dt>\n\t\t\t\t<dd class='wp-caption-text gallery-caption' id='gallery-1-4562'>\n\t\t\t\tOn rassemble les morceaux\n\t\t\t\t<\/dd><\/dl><dl class='gallery-item'>\n\t\t\t<dt class='gallery-icon landscape'>\n\t\t\t\t<a href='https:\/\/etab.ac-reunion.fr\/clg-tamarins\/sortie-des-5eme-bilimbi-a-stella-matutina\/samsung-camera-pictures-5\/'><img loading=\"lazy\" decoding=\"async\" width=\"150\" height=\"150\" src=\"https:\/\/etab.ac-reunion.fr\/clg-tamarins\/wp-content\/uploads\/sites\/56\/2016\/05\/Pr\u00e9sentations-avant-la-visite-150x150.jpg\" class=\"attachment-thumbnail size-thumbnail\" alt=\"\" aria-describedby=\"gallery-1-4563\" srcset=\"https:\/\/etab.ac-reunion.fr\/clg-tamarins\/wp-content\/uploads\/sites\/56\/2016\/05\/Pr\u00e9sentations-avant-la-visite-150x150.jpg 150w, https:\/\/etab.ac-reunion.fr\/clg-tamarins\/wp-content\/uploads\/sites\/56\/2016\/05\/Pr\u00e9sentations-avant-la-visite-140x140.jpg 140w, https:\/\/etab.ac-reunion.fr\/clg-tamarins\/wp-content\/uploads\/sites\/56\/2016\/05\/Pr\u00e9sentations-avant-la-visite-74x74.jpg 74w, https:\/\/etab.ac-reunion.fr\/clg-tamarins\/wp-content\/uploads\/sites\/56\/2016\/05\/Pr\u00e9sentations-avant-la-visite-184x184.jpg 184w\" sizes=\"auto, (max-width: 150px) 100vw, 150px\" \/><\/a>\n\t\t\t<\/dt>\n\t\t\t\t<dd class='wp-caption-text gallery-caption' id='gallery-1-4563'>\n\t\t\t\tPr\u00e9sentations avant la visite\n\t\t\t\t<\/dd><\/dl><dl class='gallery-item'>\n\t\t\t<dt class='gallery-icon landscape'>\n\t\t\t\t<a href='https:\/\/etab.ac-reunion.fr\/clg-tamarins\/sortie-des-5eme-bilimbi-a-stella-matutina\/samsung-camera-pictures-7\/'><img loading=\"lazy\" decoding=\"async\" width=\"150\" height=\"150\" src=\"https:\/\/etab.ac-reunion.fr\/clg-tamarins\/wp-content\/uploads\/sites\/56\/2016\/05\/Une-machine-\u00e0-remonter-le-temps-150x150.jpg\" class=\"attachment-thumbnail size-thumbnail\" alt=\"\" aria-describedby=\"gallery-1-4565\" srcset=\"https:\/\/etab.ac-reunion.fr\/clg-tamarins\/wp-content\/uploads\/sites\/56\/2016\/05\/Une-machine-\u00e0-remonter-le-temps-150x150.jpg 150w, https:\/\/etab.ac-reunion.fr\/clg-tamarins\/wp-content\/uploads\/sites\/56\/2016\/05\/Une-machine-\u00e0-remonter-le-temps-140x140.jpg 140w, https:\/\/etab.ac-reunion.fr\/clg-tamarins\/wp-content\/uploads\/sites\/56\/2016\/05\/Une-machine-\u00e0-remonter-le-temps-74x74.jpg 74w, https:\/\/etab.ac-reunion.fr\/clg-tamarins\/wp-content\/uploads\/sites\/56\/2016\/05\/Une-machine-\u00e0-remonter-le-temps-184x184.jpg 184w\" sizes=\"auto, (max-width: 150px) 100vw, 150px\" \/><\/a>\n\t\t\t<\/dt>\n\t\t\t\t<dd class='wp-caption-text gallery-caption' id='gallery-1-4565'>\n\t\t\t\tUne machine \u00e0 remonter le temps\n\t\t\t\t<\/dd><\/dl><br style=\"clear: both\" \/><dl class='gallery-item'>\n\t\t\t<dt class='gallery-icon landscape'>\n\t\t\t\t<a href='https:\/\/etab.ac-reunion.fr\/clg-tamarins\/sortie-des-5eme-bilimbi-a-stella-matutina\/samsung-camera-pictures-8\/'><img loading=\"lazy\" decoding=\"async\" width=\"150\" height=\"150\" src=\"https:\/\/etab.ac-reunion.fr\/clg-tamarins\/wp-content\/uploads\/sites\/56\/2016\/05\/Vue-superbe-sur-le-mus\u00e9e-du-sel-150x150.jpg\" class=\"attachment-thumbnail size-thumbnail\" alt=\"\" aria-describedby=\"gallery-1-4566\" srcset=\"https:\/\/etab.ac-reunion.fr\/clg-tamarins\/wp-content\/uploads\/sites\/56\/2016\/05\/Vue-superbe-sur-le-mus\u00e9e-du-sel-150x150.jpg 150w, https:\/\/etab.ac-reunion.fr\/clg-tamarins\/wp-content\/uploads\/sites\/56\/2016\/05\/Vue-superbe-sur-le-mus\u00e9e-du-sel-140x140.jpg 140w, https:\/\/etab.ac-reunion.fr\/clg-tamarins\/wp-content\/uploads\/sites\/56\/2016\/05\/Vue-superbe-sur-le-mus\u00e9e-du-sel-74x74.jpg 74w, https:\/\/etab.ac-reunion.fr\/clg-tamarins\/wp-content\/uploads\/sites\/56\/2016\/05\/Vue-superbe-sur-le-mus\u00e9e-du-sel-184x184.jpg 184w\" sizes=\"auto, (max-width: 150px) 100vw, 150px\" \/><\/a>\n\t\t\t<\/dt>\n\t\t\t\t<dd class='wp-caption-text gallery-caption' id='gallery-1-4566'>\n\t\t\t\tVue superbe sur le mus\u00e9e du sel\n\t\t\t\t<\/dd><\/dl><dl class='gallery-item'>\n\t\t\t<dt class='gallery-icon landscape'>\n\t\t\t\t<a href='https:\/\/etab.ac-reunion.fr\/clg-tamarins\/sortie-des-5eme-bilimbi-a-stella-matutina\/samsung-camera-pictures-10\/'><img loading=\"lazy\" decoding=\"async\" width=\"150\" height=\"150\" src=\"https:\/\/etab.ac-reunion.fr\/clg-tamarins\/wp-content\/uploads\/sites\/56\/2016\/05\/Une-classe-au-mus\u00e9e...A-FLOUTER-PULL-BLANC-1-1-150x150.jpg\" class=\"attachment-thumbnail size-thumbnail\" alt=\"\" aria-describedby=\"gallery-1-4575\" srcset=\"https:\/\/etab.ac-reunion.fr\/clg-tamarins\/wp-content\/uploads\/sites\/56\/2016\/05\/Une-classe-au-mus\u00e9e...A-FLOUTER-PULL-BLANC-1-1-150x150.jpg 150w, https:\/\/etab.ac-reunion.fr\/clg-tamarins\/wp-content\/uploads\/sites\/56\/2016\/05\/Une-classe-au-mus\u00e9e...A-FLOUTER-PULL-BLANC-1-1-140x140.jpg 140w, https:\/\/etab.ac-reunion.fr\/clg-tamarins\/wp-content\/uploads\/sites\/56\/2016\/05\/Une-classe-au-mus\u00e9e...A-FLOUTER-PULL-BLANC-1-1-74x74.jpg 74w, https:\/\/etab.ac-reunion.fr\/clg-tamarins\/wp-content\/uploads\/sites\/56\/2016\/05\/Une-classe-au-mus\u00e9e...A-FLOUTER-PULL-BLANC-1-1-184x184.jpg 184w\" sizes=\"auto, (max-width: 150px) 100vw, 150px\" \/><\/a>\n\t\t\t<\/dt>\n\t\t\t\t<dd class='wp-caption-text gallery-caption' id='gallery-1-4575'>\n\t\t\t\tUne classe au mus\u00e9e \n\t\t\t\t<\/dd><\/dl>\n\t\t\t<br style='clear: both' \/>\n\t\t<\/div>\n\n","protected":false},"excerpt":{"rendered":"<p>&nbsp; En ce jeudi 26 mai, apr\u00e8s avoir pass\u00e9 des mois \u00e0 \u00e9tudier le sujet nous allons enfin toucher du doigt les objets vus dans notre \u00e9tude sur les \u00ab\u00a0esclaves oubli\u00e9s de Tromelin\u00a0\u00bb. Une visite guid\u00e9e sur ce th\u00e8me et des activit\u00e9s dignes\u00a0 d\u2019un vrai arch\u00e9ologue nous ont \u00e9t\u00e9 propos\u00e9es.\u2026<\/p>\n<p class=\"continue-reading-button\"> <a class=\"continue-reading-link\" href=\"https:\/\/etab.ac-reunion.fr\/clg-tamarins\/sortie-des-5eme-bilimbi-a-stella-matutina\/\">Continuer \u00e0 lire<i class=\"crycon-right-dir\"><\/i><\/a><\/p>\n","protected":false},"author":9112,"featured_media":4567,"comment_status":"closed","ping_status":"closed","sticky":false,"template":"","format":"standard","meta":{"footnotes":""},"categories":[255,273],"tags":[],"class_list":["post-4558","post","type-post","status-publish","format-standard","has-post-thumbnail","hentry","category-5eme-bilimbi","category-sorties"],"_links":{"self":[{"href":"https:\/\/etab.ac-reunion.fr\/clg-tamarins\/wp-json\/wp\/v2\/posts\/4558","targetHints":{"allow":["GET"]}}],"collection":[{"href":"https:\/\/etab.ac-reunion.fr\/clg-tamarins\/wp-json\/wp\/v2\/posts"}],"about":[{"href":"https:\/\/etab.ac-reunion.fr\/clg-tamarins\/wp-json\/wp\/v2\/types\/post"}],"author":[{"embeddable":true,"href":"https:\/\/etab.ac-reunion.fr\/clg-tamarins\/wp-json\/wp\/v2\/users\/9112"}],"replies":[{"embeddable":true,"href":"https:\/\/etab.ac-reunion.fr\/clg-tamarins\/wp-json\/wp\/v2\/comments?post=4558"}],"version-history":[{"count":4,"href":"https:\/\/etab.ac-reunion.fr\/clg-tamarins\/wp-json\/wp\/v2\/posts\/4558\/revisions"}],"predecessor-version":[{"id":4591,"href":"https:\/\/etab.ac-reunion.fr\/clg-tamarins\/wp-json\/wp\/v2\/posts\/4558\/revisions\/4591"}],"wp:featuredmedia":[{"embeddable":true,"href":"https:\/\/etab.ac-reunion.fr\/clg-tamarins\/wp-json\/wp\/v2\/media\/4567"}],"wp:attachment":[{"href":"https:\/\/etab.ac-reunion.fr\/clg-tamarins\/wp-json\/wp\/v2\/media?parent=4558"}],"wp:term":[{"taxonomy":"category","embeddable":true,"href":"https:\/\/etab.ac-reunion.fr\/clg-tamarins\/wp-json\/wp\/v2\/categories?post=4558"},{"taxonomy":"post_tag","embeddable":true,"href":"https:\/\/etab.ac-reunion.fr\/clg-tamarins\/wp-json\/wp\/v2\/tags?post=4558"}],"curies":[{"name":"wp","href":"https:\/\/api.w.org\/{rel}","templated":true}]}}