{"id":4596,"date":"2016-08-31T08:03:33","date_gmt":"2016-08-31T04:03:33","guid":{"rendered":"http:\/\/college-les-tamarins.ac-reunion.fr\/?p=4596"},"modified":"2016-12-09T22:25:06","modified_gmt":"2016-12-09T18:25:06","slug":"important-eclipse-1er-septembre-2016","status":"publish","type":"post","link":"https:\/\/etab.ac-reunion.fr\/clg-tamarins\/important-eclipse-1er-septembre-2016\/","title":{"rendered":"IMPORTANT : ECLIPSE 1er SEPTEMBRE 2016"},"content":{"rendered":"<p>Message \u00e0 destination de tous les parents,<\/p>\n<p>&nbsp;<\/p>\n<p>Le jeudi 1<sup>er<\/sup> septembre 2016 apr\u00e8s-midi aura lieu une \u00e9clipse de soleil qui peut pr\u00e9senter des risques pour les yeux des \u00e9l\u00e8ves.<\/p>\n<p>Afin de limiter au maximum ces risques nous avons modifi\u00e9 le d\u00e9roulement de cette journ\u00e9e comme suit\u00a0:<\/p>\n<p><u>LE MATIN<\/u>\u00a0: cours normaux selon les emplois du temps des \u00e9l\u00e8ves.<\/p>\n<p>Des lunettes de protection seront distribu\u00e9es aux \u00e9l\u00e8ves en derni\u00e8re heure de la matin\u00e9e avec les consignes de pr\u00e9caution et d\u2019utilisation. <strong><u>OBLIGATION DE RAMENER LES LUNETTES L\u2019APRES-MIDI pour les externes.<\/u><\/strong><\/p>\n<p><strong>Cette derni\u00e8re heure se terminera EXCEPTIONNELLEMENT \u00e0 11h15<\/strong>.<\/p>\n<p><span style=\"background-color: #ffff00\"><strong>Les externes sortiront \u00e0 cette heure-l\u00e0 pour manger (\u00e0 l\u2019ext\u00e9rieur du coll\u00e8ge) et les demi-pensionnaires mangeront \u00e0 la cantine jusqu\u2019\u00e0 12h15.<\/strong><\/span><\/p>\n<p><strong><u>L\u2019APRES-MIDI<\/u><\/strong><strong>\u00a0: Le portail du coll\u00e8ge ouvrira exceptionnellement \u00e0 12h15 et <span style=\"background-color: #ffff00\">TOUS LES ELEVES DEVRONT ETRE DANS LE COLLEGE <u>A 12h20<\/u> <\/span>(D\u00e9but de l\u2019\u00e9clipse \u00e0 12h23<\/strong>).<\/p>\n<p>Toutes les classes seront prises en charge par des professeurs pendant l\u2019apr\u00e8s-midi afin que les \u00e9l\u00e8ves ne soient pas laiss\u00e9s seuls en contact visuel avec le soleil. Diff\u00e9rentes activit\u00e9s et ateliers leur seront propos\u00e9s, dont l\u2019observation de l\u2019\u00e9clipse avec les lunettes de protection.<\/p>\n<p>Les emplois du temps du jeudi apr\u00e8s midi sont modifi\u00e9s afin de permettre aux \u00e9l\u00e8ves et aux professeurs d\u2019assister avec le maximum d\u2019autonomie\u00a0 \u00e0 cet \u00e9v\u00e8nement exceptionnel.<\/p>\n<p>&nbsp;<\/p>\n<p><span style=\"background-color: #ffff00\"><strong><u>TOUS LES ELEVES SERONT LIBERES A 15h45<\/u><\/strong><\/span> (fin de l\u2019\u00e9clipse \u00e0 15h43). Ils ne courront ainsi aucun risque sur le trajet aller ou retour.<\/p>\n<p>Le principal<\/p>\n<p>Patrick FORESTIER<\/p>\n","protected":false},"excerpt":{"rendered":"<p>Message \u00e0 destination de tous les parents, &nbsp; Le jeudi 1er septembre 2016 apr\u00e8s-midi aura lieu une \u00e9clipse de soleil qui peut pr\u00e9senter des risques pour les yeux des \u00e9l\u00e8ves. Afin de limiter au maximum ces risques nous avons modifi\u00e9 le d\u00e9roulement de cette journ\u00e9e comme suit\u00a0: LE MATIN\u00a0: cours\u2026<\/p>\n<p class=\"continue-reading-button\"> <a class=\"continue-reading-link\" href=\"https:\/\/etab.ac-reunion.fr\/clg-tamarins\/important-eclipse-1er-septembre-2016\/\">Continuer \u00e0 lire<i class=\"crycon-right-dir\"><\/i><\/a><\/p>\n","protected":false},"author":2033,"featured_media":4599,"comment_status":"closed","ping_status":"closed","sticky":false,"template":"","format":"standard","meta":{"footnotes":""},"categories":[1],"tags":[],"class_list":["post-4596","post","type-post","status-publish","format-standard","has-post-thumbnail","hentry","category-non-classe"],"_links":{"self":[{"href":"https:\/\/etab.ac-reunion.fr\/clg-tamarins\/wp-json\/wp\/v2\/posts\/4596","targetHints":{"allow":["GET"]}}],"collection":[{"href":"https:\/\/etab.ac-reunion.fr\/clg-tamarins\/wp-json\/wp\/v2\/posts"}],"about":[{"href":"https:\/\/etab.ac-reunion.fr\/clg-tamarins\/wp-json\/wp\/v2\/types\/post"}],"author":[{"embeddable":true,"href":"https:\/\/etab.ac-reunion.fr\/clg-tamarins\/wp-json\/wp\/v2\/users\/2033"}],"replies":[{"embeddable":true,"href":"https:\/\/etab.ac-reunion.fr\/clg-tamarins\/wp-json\/wp\/v2\/comments?post=4596"}],"version-history":[{"count":2,"href":"https:\/\/etab.ac-reunion.fr\/clg-tamarins\/wp-json\/wp\/v2\/posts\/4596\/revisions"}],"predecessor-version":[{"id":4601,"href":"https:\/\/etab.ac-reunion.fr\/clg-tamarins\/wp-json\/wp\/v2\/posts\/4596\/revisions\/4601"}],"wp:featuredmedia":[{"embeddable":true,"href":"https:\/\/etab.ac-reunion.fr\/clg-tamarins\/wp-json\/wp\/v2\/media\/4599"}],"wp:attachment":[{"href":"https:\/\/etab.ac-reunion.fr\/clg-tamarins\/wp-json\/wp\/v2\/media?parent=4596"}],"wp:term":[{"taxonomy":"category","embeddable":true,"href":"https:\/\/etab.ac-reunion.fr\/clg-tamarins\/wp-json\/wp\/v2\/categories?post=4596"},{"taxonomy":"post_tag","embeddable":true,"href":"https:\/\/etab.ac-reunion.fr\/clg-tamarins\/wp-json\/wp\/v2\/tags?post=4596"}],"curies":[{"name":"wp","href":"https:\/\/api.w.org\/{rel}","templated":true}]}}