{"id":4656,"date":"2016-09-21T08:26:29","date_gmt":"2016-09-21T04:26:29","guid":{"rendered":"http:\/\/college-les-tamarins.ac-reunion.fr\/?p=4656"},"modified":"2016-12-09T22:37:35","modified_gmt":"2016-12-09T18:37:35","slug":"information-delegues-eleves-titulaires","status":"publish","type":"post","link":"https:\/\/etab.ac-reunion.fr\/clg-tamarins\/information-delegues-eleves-titulaires\/","title":{"rendered":"Information: d\u00e9l\u00e9gu\u00e9s \u00e9l\u00e8ves titulaires"},"content":{"rendered":"<p>Information pour tous les d\u00e9l\u00e9gu\u00e9s \u00e9l\u00e8ves TITULAIRES r\u00e9union sur le conseil d&rsquo;administration le jeudi 22 septembre \u00e0\u00a0 9h15 en salle polyvalente :<span style=\"background-color: #ff9900\">pr\u00e9sence obligatoire<\/span>.<\/p>\n<p>la CPE<\/p>\n<p><img loading=\"lazy\" decoding=\"async\" class=\"alignnone size-medium wp-image-4657\" src=\"https:\/\/etab.ac-reunion.fr\/clg-tamarins\/wp-content\/uploads\/sites\/56\/2016\/09\/plaquette-300x228.png\" alt=\"plaquette\" width=\"300\" height=\"228\" srcset=\"https:\/\/etab.ac-reunion.fr\/clg-tamarins\/wp-content\/uploads\/sites\/56\/2016\/09\/plaquette-300x228.png 300w, https:\/\/etab.ac-reunion.fr\/clg-tamarins\/wp-content\/uploads\/sites\/56\/2016\/09\/plaquette.png 931w\" sizes=\"auto, (max-width: 300px) 100vw, 300px\" \/><\/p>\n","protected":false},"excerpt":{"rendered":"<p>Information pour tous les d\u00e9l\u00e9gu\u00e9s \u00e9l\u00e8ves TITULAIRES r\u00e9union sur le conseil d&rsquo;administration le jeudi 22 septembre \u00e0\u00a0 9h15 en salle polyvalente :pr\u00e9sence obligatoire. la CPE<\/p>\n<p class=\"continue-reading-button\"> <a class=\"continue-reading-link\" href=\"https:\/\/etab.ac-reunion.fr\/clg-tamarins\/information-delegues-eleves-titulaires\/\">Continuer \u00e0 lire<i class=\"crycon-right-dir\"><\/i><\/a><\/p>\n","protected":false},"author":9112,"featured_media":4657,"comment_status":"closed","ping_status":"closed","sticky":false,"template":"","format":"standard","meta":{"footnotes":""},"categories":[4,188,24],"tags":[],"class_list":["post-4656","post","type-post","status-publish","format-standard","has-post-thumbnail","hentry","category-viescolaire","category-nouveaute1","category-nouveautes"],"_links":{"self":[{"href":"https:\/\/etab.ac-reunion.fr\/clg-tamarins\/wp-json\/wp\/v2\/posts\/4656","targetHints":{"allow":["GET"]}}],"collection":[{"href":"https:\/\/etab.ac-reunion.fr\/clg-tamarins\/wp-json\/wp\/v2\/posts"}],"about":[{"href":"https:\/\/etab.ac-reunion.fr\/clg-tamarins\/wp-json\/wp\/v2\/types\/post"}],"author":[{"embeddable":true,"href":"https:\/\/etab.ac-reunion.fr\/clg-tamarins\/wp-json\/wp\/v2\/users\/9112"}],"replies":[{"embeddable":true,"href":"https:\/\/etab.ac-reunion.fr\/clg-tamarins\/wp-json\/wp\/v2\/comments?post=4656"}],"version-history":[{"count":1,"href":"https:\/\/etab.ac-reunion.fr\/clg-tamarins\/wp-json\/wp\/v2\/posts\/4656\/revisions"}],"predecessor-version":[{"id":4658,"href":"https:\/\/etab.ac-reunion.fr\/clg-tamarins\/wp-json\/wp\/v2\/posts\/4656\/revisions\/4658"}],"wp:featuredmedia":[{"embeddable":true,"href":"https:\/\/etab.ac-reunion.fr\/clg-tamarins\/wp-json\/wp\/v2\/media\/4657"}],"wp:attachment":[{"href":"https:\/\/etab.ac-reunion.fr\/clg-tamarins\/wp-json\/wp\/v2\/media?parent=4656"}],"wp:term":[{"taxonomy":"category","embeddable":true,"href":"https:\/\/etab.ac-reunion.fr\/clg-tamarins\/wp-json\/wp\/v2\/categories?post=4656"},{"taxonomy":"post_tag","embeddable":true,"href":"https:\/\/etab.ac-reunion.fr\/clg-tamarins\/wp-json\/wp\/v2\/tags?post=4656"}],"curies":[{"name":"wp","href":"https:\/\/api.w.org\/{rel}","templated":true}]}}