{"id":5345,"date":"2016-12-15T15:07:58","date_gmt":"2016-12-15T11:07:58","guid":{"rendered":"http:\/\/college-les-tamarins.ac-reunion.fr\/?p=5345"},"modified":"2016-12-15T15:08:51","modified_gmt":"2016-12-15T11:08:51","slug":"journees-citoyennes-des-citoyens-aux-tamarins","status":"publish","type":"post","link":"https:\/\/etab.ac-reunion.fr\/clg-tamarins\/journees-citoyennes-des-citoyens-aux-tamarins\/","title":{"rendered":"JOURN\u00c9ES CITOYENNES : Des Citoyens Aux Tamarins"},"content":{"rendered":"<p>Voil\u00e0 deux classes du coll\u00e8ge convi\u00e9es aux journ\u00e9es citoyennes\u00a0 organis\u00e9es par la mairie de Saint Pierre le 9 d\u00e9cembre sur l\u2019esplanade de la mairie annexe de Basse Terre. \u00a0D\u00e9but d\u2019apr\u00e8s midi\u2026.<strong>Flamboyant (3\u00b0)<\/strong> et <strong>Vanille (4\u00b0)<\/strong> \u00e0 l\u2019assaut de la c\u00f4te Fran\u00e7ois de Mahy pour arriver sur les lieux de festivit\u00e9s o\u00f9 diverses activit\u00e9s et stands vari\u00e9s leur \u00e9taient propos\u00e9s.<\/p>\n<p>Apr\u00e8s une premi\u00e8re prise de contact certains se sont essay\u00e9s aux animations \u00a0programm\u00e9es\u00a0: d\u00e9veloppement durable, premiers secours, police nationale, recyclage, pr\u00e9vention routi\u00e8re (la voiture tonneau a eu son petit effet sur ceux qui l\u2019ont test\u00e9e)\u2026.<\/p>\n<p>Quelle ne fut pas notre surprise que de rencontrer quelques \u00e9l\u00e8ves de 5\u00b0 qui malgr\u00e9 la non officialisation de leur venue ont d\u00e9montr\u00e9 leur investissement citoyen.<\/p>\n<p>Une demi -journ\u00e9e pleine de rencontres et d\u2019actions\u00a0!!!!!!<\/p>\n<p style=\"text-align: right\">\u00a0\u00a0\u00a0\u00a0\u00a0\u00a0\u00a0\u00a0\u00a0\u00a0\u00a0\u00a0\u00a0\u00a0\u00a0\u00a0\u00a0\u00a0\u00a0\u00a0\u00a0\u00a0\u00a0\u00a0\u00a0\u00a0\u00a0\u00a0\u00a0\u00a0\u00a0\u00a0\u00a0\u00a0\u00a0\u00a0\u00a0\u00a0\u00a0\u00a0\u00a0\u00a0\u00a0\u00a0\u00a0\u00a0\u00a0\u00a0\u00a0\u00a0\u00a0\u00a0\u00a0\u00a0\u00a0\u00a0\u00a0\u00a0\u00a0\u00a0\u00a0 Mme ETHEVE et quelques \u00e9l\u00e8ves<\/p>\n<div id=\"attachment_5346\" style=\"width: 310px\" class=\"wp-caption alignleft\"><a href=\"https:\/\/etab.ac-reunion.fr\/clg-tamarins\/wp-content\/uploads\/sites\/56\/2016\/12\/SAM_3389-enfin-arriv\u00e9s-Copie.jpg\"><img loading=\"lazy\" decoding=\"async\" aria-describedby=\"caption-attachment-5346\" class=\"size-medium wp-image-5346\" src=\"https:\/\/etab.ac-reunion.fr\/clg-tamarins\/wp-content\/uploads\/sites\/56\/2016\/12\/SAM_3389-enfin-arriv\u00e9s-Copie-300x225.jpg\" alt=\"\" width=\"300\" height=\"225\" srcset=\"https:\/\/etab.ac-reunion.fr\/clg-tamarins\/wp-content\/uploads\/sites\/56\/2016\/12\/SAM_3389-enfin-arriv\u00e9s-Copie-300x225.jpg 300w, https:\/\/etab.ac-reunion.fr\/clg-tamarins\/wp-content\/uploads\/sites\/56\/2016\/12\/SAM_3389-enfin-arriv\u00e9s-Copie-200x150.jpg 200w, https:\/\/etab.ac-reunion.fr\/clg-tamarins\/wp-content\/uploads\/sites\/56\/2016\/12\/SAM_3389-enfin-arriv\u00e9s-Copie-150x113.jpg 150w, https:\/\/etab.ac-reunion.fr\/clg-tamarins\/wp-content\/uploads\/sites\/56\/2016\/12\/SAM_3389-enfin-arriv\u00e9s-Copie.jpg 640w\" sizes=\"auto, (max-width: 300px) 100vw, 300px\" \/><\/a><p id=\"caption-attachment-5346\" class=\"wp-caption-text\">Enfin arriv\u00e9s !!<\/p><\/div>\n<div id=\"attachment_5347\" style=\"width: 310px\" class=\"wp-caption alignleft\"><a href=\"https:\/\/etab.ac-reunion.fr\/clg-tamarins\/wp-content\/uploads\/sites\/56\/2016\/12\/SAM_3392-participation-et-concentration.....jpg\"><img loading=\"lazy\" decoding=\"async\" aria-describedby=\"caption-attachment-5347\" class=\"size-medium wp-image-5347\" src=\"https:\/\/etab.ac-reunion.fr\/clg-tamarins\/wp-content\/uploads\/sites\/56\/2016\/12\/SAM_3392-participation-et-concentration....-300x225.jpg\" alt=\"\" width=\"300\" height=\"225\" srcset=\"https:\/\/etab.ac-reunion.fr\/clg-tamarins\/wp-content\/uploads\/sites\/56\/2016\/12\/SAM_3392-participation-et-concentration....-300x225.jpg 300w, https:\/\/etab.ac-reunion.fr\/clg-tamarins\/wp-content\/uploads\/sites\/56\/2016\/12\/SAM_3392-participation-et-concentration....-200x150.jpg 200w, https:\/\/etab.ac-reunion.fr\/clg-tamarins\/wp-content\/uploads\/sites\/56\/2016\/12\/SAM_3392-participation-et-concentration....-150x113.jpg 150w, https:\/\/etab.ac-reunion.fr\/clg-tamarins\/wp-content\/uploads\/sites\/56\/2016\/12\/SAM_3392-participation-et-concentration.....jpg 640w\" sizes=\"auto, (max-width: 300px) 100vw, 300px\" \/><\/a><p id=\"caption-attachment-5347\" class=\"wp-caption-text\">Participation et concentration..<\/p><\/div>\n<div id=\"attachment_5348\" style=\"width: 310px\" class=\"wp-caption alignleft\"><a href=\"https:\/\/etab.ac-reunion.fr\/clg-tamarins\/wp-content\/uploads\/sites\/56\/2016\/12\/SAM_3394...r\u00e9compens\u00e9s.jpg\"><img loading=\"lazy\" decoding=\"async\" aria-describedby=\"caption-attachment-5348\" class=\"size-medium wp-image-5348\" src=\"https:\/\/etab.ac-reunion.fr\/clg-tamarins\/wp-content\/uploads\/sites\/56\/2016\/12\/SAM_3394...r\u00e9compens\u00e9s-300x225.jpg\" alt=\"\" width=\"300\" height=\"225\" srcset=\"https:\/\/etab.ac-reunion.fr\/clg-tamarins\/wp-content\/uploads\/sites\/56\/2016\/12\/SAM_3394...r\u00e9compens\u00e9s-300x225.jpg 300w, https:\/\/etab.ac-reunion.fr\/clg-tamarins\/wp-content\/uploads\/sites\/56\/2016\/12\/SAM_3394...r\u00e9compens\u00e9s-200x150.jpg 200w, https:\/\/etab.ac-reunion.fr\/clg-tamarins\/wp-content\/uploads\/sites\/56\/2016\/12\/SAM_3394...r\u00e9compens\u00e9s-150x113.jpg 150w, https:\/\/etab.ac-reunion.fr\/clg-tamarins\/wp-content\/uploads\/sites\/56\/2016\/12\/SAM_3394...r\u00e9compens\u00e9s.jpg 640w\" sizes=\"auto, (max-width: 300px) 100vw, 300px\" \/><\/a><p id=\"caption-attachment-5348\" class=\"wp-caption-text\">R\u00e9compens\u00e9 !<\/p><\/div>\n<div id=\"attachment_5349\" style=\"width: 310px\" class=\"wp-caption alignleft\"><a href=\"https:\/\/etab.ac-reunion.fr\/clg-tamarins\/wp-content\/uploads\/sites\/56\/2016\/12\/SAM_3397-fich\u00e9s...pour-la-bonne-cause.jpg\"><img loading=\"lazy\" decoding=\"async\" aria-describedby=\"caption-attachment-5349\" class=\"size-medium wp-image-5349\" src=\"https:\/\/etab.ac-reunion.fr\/clg-tamarins\/wp-content\/uploads\/sites\/56\/2016\/12\/SAM_3397-fich\u00e9s...pour-la-bonne-cause-300x225.jpg\" alt=\"\" width=\"300\" height=\"225\" srcset=\"https:\/\/etab.ac-reunion.fr\/clg-tamarins\/wp-content\/uploads\/sites\/56\/2016\/12\/SAM_3397-fich\u00e9s...pour-la-bonne-cause-300x225.jpg 300w, https:\/\/etab.ac-reunion.fr\/clg-tamarins\/wp-content\/uploads\/sites\/56\/2016\/12\/SAM_3397-fich\u00e9s...pour-la-bonne-cause-200x150.jpg 200w, https:\/\/etab.ac-reunion.fr\/clg-tamarins\/wp-content\/uploads\/sites\/56\/2016\/12\/SAM_3397-fich\u00e9s...pour-la-bonne-cause-150x113.jpg 150w, https:\/\/etab.ac-reunion.fr\/clg-tamarins\/wp-content\/uploads\/sites\/56\/2016\/12\/SAM_3397-fich\u00e9s...pour-la-bonne-cause.jpg 640w\" sizes=\"auto, (max-width: 300px) 100vw, 300px\" \/><\/a><p id=\"caption-attachment-5349\" class=\"wp-caption-text\">Fich\u00e9s..pour la bonne cause !<\/p><\/div>\n<div id=\"attachment_5350\" style=\"width: 310px\" class=\"wp-caption alignleft\"><a href=\"https:\/\/etab.ac-reunion.fr\/clg-tamarins\/wp-content\/uploads\/sites\/56\/2016\/12\/SAM_3399-citoyen-\u00e9co-responsable.jpg\"><img loading=\"lazy\" decoding=\"async\" aria-describedby=\"caption-attachment-5350\" class=\"size-medium wp-image-5350\" src=\"https:\/\/etab.ac-reunion.fr\/clg-tamarins\/wp-content\/uploads\/sites\/56\/2016\/12\/SAM_3399-citoyen-\u00e9co-responsable-300x225.jpg\" alt=\"\" width=\"300\" height=\"225\" srcset=\"https:\/\/etab.ac-reunion.fr\/clg-tamarins\/wp-content\/uploads\/sites\/56\/2016\/12\/SAM_3399-citoyen-\u00e9co-responsable-300x225.jpg 300w, https:\/\/etab.ac-reunion.fr\/clg-tamarins\/wp-content\/uploads\/sites\/56\/2016\/12\/SAM_3399-citoyen-\u00e9co-responsable-200x150.jpg 200w, https:\/\/etab.ac-reunion.fr\/clg-tamarins\/wp-content\/uploads\/sites\/56\/2016\/12\/SAM_3399-citoyen-\u00e9co-responsable-150x113.jpg 150w, https:\/\/etab.ac-reunion.fr\/clg-tamarins\/wp-content\/uploads\/sites\/56\/2016\/12\/SAM_3399-citoyen-\u00e9co-responsable.jpg 640w\" sizes=\"auto, (max-width: 300px) 100vw, 300px\" \/><\/a><p id=\"caption-attachment-5350\" class=\"wp-caption-text\">Citoyen \u00e9co-responsable !<\/p><\/div>\n<p style=\"text-align: left\">\n","protected":false},"excerpt":{"rendered":"<p>Voil\u00e0 deux classes du coll\u00e8ge convi\u00e9es aux journ\u00e9es citoyennes\u00a0 organis\u00e9es par la mairie de Saint Pierre le 9 d\u00e9cembre sur l\u2019esplanade de la mairie annexe de Basse Terre. \u00a0D\u00e9but d\u2019apr\u00e8s midi\u2026.Flamboyant (3\u00b0) et Vanille (4\u00b0) \u00e0 l\u2019assaut de la c\u00f4te Fran\u00e7ois de Mahy pour arriver sur les lieux de festivit\u00e9s\u2026<\/p>\n<p class=\"continue-reading-button\"> <a class=\"continue-reading-link\" href=\"https:\/\/etab.ac-reunion.fr\/clg-tamarins\/journees-citoyennes-des-citoyens-aux-tamarins\/\">Continuer \u00e0 lire<i class=\"crycon-right-dir\"><\/i><\/a><\/p>\n","protected":false},"author":13730,"featured_media":0,"comment_status":"closed","ping_status":"closed","sticky":false,"template":"","format":"standard","meta":{"footnotes":""},"categories":[1],"tags":[],"class_list":["post-5345","post","type-post","status-publish","format-standard","hentry","category-non-classe"],"_links":{"self":[{"href":"https:\/\/etab.ac-reunion.fr\/clg-tamarins\/wp-json\/wp\/v2\/posts\/5345","targetHints":{"allow":["GET"]}}],"collection":[{"href":"https:\/\/etab.ac-reunion.fr\/clg-tamarins\/wp-json\/wp\/v2\/posts"}],"about":[{"href":"https:\/\/etab.ac-reunion.fr\/clg-tamarins\/wp-json\/wp\/v2\/types\/post"}],"author":[{"embeddable":true,"href":"https:\/\/etab.ac-reunion.fr\/clg-tamarins\/wp-json\/wp\/v2\/users\/13730"}],"replies":[{"embeddable":true,"href":"https:\/\/etab.ac-reunion.fr\/clg-tamarins\/wp-json\/wp\/v2\/comments?post=5345"}],"version-history":[{"count":2,"href":"https:\/\/etab.ac-reunion.fr\/clg-tamarins\/wp-json\/wp\/v2\/posts\/5345\/revisions"}],"predecessor-version":[{"id":5352,"href":"https:\/\/etab.ac-reunion.fr\/clg-tamarins\/wp-json\/wp\/v2\/posts\/5345\/revisions\/5352"}],"wp:attachment":[{"href":"https:\/\/etab.ac-reunion.fr\/clg-tamarins\/wp-json\/wp\/v2\/media?parent=5345"}],"wp:term":[{"taxonomy":"category","embeddable":true,"href":"https:\/\/etab.ac-reunion.fr\/clg-tamarins\/wp-json\/wp\/v2\/categories?post=5345"},{"taxonomy":"post_tag","embeddable":true,"href":"https:\/\/etab.ac-reunion.fr\/clg-tamarins\/wp-json\/wp\/v2\/tags?post=5345"}],"curies":[{"name":"wp","href":"https:\/\/api.w.org\/{rel}","templated":true}]}}