{"id":557,"date":"2014-06-12T15:21:07","date_gmt":"2014-06-12T11:21:07","guid":{"rendered":"http:\/\/college-les-tamarins.ac-reunion.fr\/?p=557"},"modified":"2014-10-07T16:17:34","modified_gmt":"2014-10-07T12:17:34","slug":"557","status":"publish","type":"post","link":"https:\/\/etab.ac-reunion.fr\/clg-tamarins\/557\/","title":{"rendered":"Le Coll\u00e8ge des tamarins aux Championnats de France UNSS de Judo"},"content":{"rendered":"<h2><\/h2>\n<p><strong>\u00a0<a href=\"https:\/\/etab.ac-reunion.fr\/clg-tamarins\/wp-content\/uploads\/sites\/56\/2014\/06\/judo_art_champunss_2014.jpg\"><img loading=\"lazy\" decoding=\"async\" class=\"alignleft wp-image-619 size-medium\" src=\"https:\/\/etab.ac-reunion.fr\/clg-tamarins\/wp-content\/uploads\/sites\/56\/2014\/06\/judo_art_champunss_2014-300x122.jpg\" alt=\"judo_art_champunss_2014\" width=\"300\" height=\"122\" srcset=\"https:\/\/etab.ac-reunion.fr\/clg-tamarins\/wp-content\/uploads\/sites\/56\/2014\/06\/judo_art_champunss_2014-300x122.jpg 300w, https:\/\/etab.ac-reunion.fr\/clg-tamarins\/wp-content\/uploads\/sites\/56\/2014\/06\/judo_art_champunss_2014-1024x419.jpg 1024w\" sizes=\"auto, (max-width: 300px) 100vw, 300px\" \/><\/a><\/strong><\/p>\n<p><span style=\"font-family: arial, helvetica, sans-serif\">C\u2019est \u00e0 Wassy (en Haute Marne) les 13\/14 et 15Mai que se sont d\u00e9roul\u00e9s les Championnats de France UNSS de Judo. 6 \u00e9l\u00e8ves ont repr\u00e9sent\u00e9 dignement notre \u00e9tablissement\u00a0: Il s\u2019agit d\u2019Ariade Aboubacar (6<sup>\u00e8me<\/sup> Girofles), Florian Virapin (5<sup>\u00e8me<\/sup> Letchis) , Daoud Firenzula, Mathieu Burel, Douanier Wilson et Thomas L\u00e9o (4<sup>\u00e8me<\/sup> Orchid\u00e9e).<\/span><\/p>\n<p>&nbsp;<\/p>\n<p>&nbsp;<\/p>\n<p><span style=\"font-family: arial, helvetica, sans-serif\">Notre \u00e9quipe, pour leur premi\u00e8re participation , termine 9<sup>\u00e8me<\/sup> sur 30 \u00e9quipes dans une comp\u00e9tition tr\u00e8s relev\u00e9 cette ann\u00e9e. Pour certains c\u2019\u00e9tait la premi\u00e8re fois qu\u2019ils rejoignaient la m\u00e9tropole et prenaient l\u2019avion. Ce s\u00e9jour a aussi permis \u00e0 nos judokas d\u2019\u00eatre accueillis dans les \u00e9coles de Judo de St Dizier mais aussi au P\u00f4le espoir d\u2019Orl\u00e9ans o\u00f9 ils ont suivi un stage tr\u00e8s enrichissant.<\/span><\/p>\n<p>&nbsp;<\/p>\n<p><span style=\"font-family: arial, helvetica, sans-serif\">Pour ces jeunes , ces championnats de France UNSS \u00e9taient \u00e9galement l\u2019occasion d\u2019allier le sport \u00e0 la culture puisqu\u2019ils ont pu visiter le Mus\u00e9e Charles de Gaulle, Le Louvre, le Jardin aux plantes de Paris ainsi que le Ch\u00e2teau de Chambord. Nul doute que fort de cette exp\u00e9rience la section Judo du coll\u00e8ge pourra affronter de nouveaux d\u00e9fis l\u2019an prochain. Un grand merci \u00e0 tous ceux qui au coll\u00e8ge, nous ont aid\u00e9 pour mener \u00e0 bien cette belle aventure.<\/span> \u00a0 Le classement sur le site:\u00a0<a href=\"http:\/\/haute-marne-unss.e-monsite.com\/\">http:\/\/haute-marne-unss.e-monsite.com\/<\/a><\/p>\n<p>&nbsp;<\/p>\n<div class=\"su-document su-u-responsive-media-yes\"><iframe loading=\"lazy\" src=\"\/\/docs.google.com\/viewer?embedded=true&url=http:\/\/haute-marne-unss.e-monsite.com\/medias\/files\/classement-clg-garcons-2014.pdf\" width=\"1020\" height=\"1020\" class=\"su-document\" title=\"\"><\/iframe><\/div>\n","protected":false},"excerpt":{"rendered":"<p>Notre \u00e9quipe, pour leur premi\u00e8re participation , termine 9\u00e8me sur 30<br \/>\n<!--more--><\/p>\n<p class=\"continue-reading-button\"> <a class=\"continue-reading-link\" href=\"https:\/\/etab.ac-reunion.fr\/clg-tamarins\/557\/\">Continuer \u00e0 lire<i class=\"crycon-right-dir\"><\/i><\/a><\/p>\n","protected":false},"author":912,"featured_media":619,"comment_status":"closed","ping_status":"closed","sticky":false,"template":"","format":"standard","meta":{"footnotes":""},"categories":[10,273,31],"tags":[],"class_list":["post-557","post","type-post","status-publish","format-standard","has-post-thumbnail","hentry","category-optionjudo","category-sorties","category-voyages"],"_links":{"self":[{"href":"https:\/\/etab.ac-reunion.fr\/clg-tamarins\/wp-json\/wp\/v2\/posts\/557","targetHints":{"allow":["GET"]}}],"collection":[{"href":"https:\/\/etab.ac-reunion.fr\/clg-tamarins\/wp-json\/wp\/v2\/posts"}],"about":[{"href":"https:\/\/etab.ac-reunion.fr\/clg-tamarins\/wp-json\/wp\/v2\/types\/post"}],"author":[{"embeddable":true,"href":"https:\/\/etab.ac-reunion.fr\/clg-tamarins\/wp-json\/wp\/v2\/users\/912"}],"replies":[{"embeddable":true,"href":"https:\/\/etab.ac-reunion.fr\/clg-tamarins\/wp-json\/wp\/v2\/comments?post=557"}],"version-history":[{"count":21,"href":"https:\/\/etab.ac-reunion.fr\/clg-tamarins\/wp-json\/wp\/v2\/posts\/557\/revisions"}],"predecessor-version":[{"id":1789,"href":"https:\/\/etab.ac-reunion.fr\/clg-tamarins\/wp-json\/wp\/v2\/posts\/557\/revisions\/1789"}],"wp:featuredmedia":[{"embeddable":true,"href":"https:\/\/etab.ac-reunion.fr\/clg-tamarins\/wp-json\/wp\/v2\/media\/619"}],"wp:attachment":[{"href":"https:\/\/etab.ac-reunion.fr\/clg-tamarins\/wp-json\/wp\/v2\/media?parent=557"}],"wp:term":[{"taxonomy":"category","embeddable":true,"href":"https:\/\/etab.ac-reunion.fr\/clg-tamarins\/wp-json\/wp\/v2\/categories?post=557"},{"taxonomy":"post_tag","embeddable":true,"href":"https:\/\/etab.ac-reunion.fr\/clg-tamarins\/wp-json\/wp\/v2\/tags?post=557"}],"curies":[{"name":"wp","href":"https:\/\/api.w.org\/{rel}","templated":true}]}}