{"id":5837,"date":"2017-05-18T14:15:46","date_gmt":"2017-05-18T10:15:46","guid":{"rendered":"http:\/\/college-les-tamarins.ac-reunion.fr\/?p=5837"},"modified":"2017-05-18T14:23:12","modified_gmt":"2017-05-18T10:23:12","slug":"les-contes-les-contes-calumets-au-college","status":"publish","type":"post","link":"https:\/\/etab.ac-reunion.fr\/clg-tamarins\/les-contes-les-contes-calumets-au-college\/","title":{"rendered":"LES CONTES : Les contes calumets au coll\u00e8ge"},"content":{"rendered":"<p>Dans le cadre du parcours d\u2019\u00e9ducation artistique et culturel de l\u2019\u00e9l\u00e8ve, la compagnie des Contes Calumets \u00a0ont offert un joli spectacle aux \u00e9l\u00e8ves le mardi 11 avril 2017 intitul\u00e9 \u00ab\u00a0de l\u2019autre c\u00f4t\u00e9\u00a0\u00bb.<\/p>\n<p>Il s\u2019agissait de revisiter\u00a0 la th\u00e9matique du conte \u00e9tudi\u00e9 au cycle 3 par des histoires d\u2019ici et d\u2019ailleurs. Ainsi, toutes les classes de 6\u00e8mes et une classe de CM2 de l\u2019\u00e9cole Lisley Geoffroy ont pu \u00e9couter, chanter, jouer des instruments bref, s\u2019immerger enti\u00e8rement dans les contes. Un moment de partage m\u00e9morable entre les artistes et nos \u00e9l\u00e8ves.<\/p>\n<p style=\"text-align: right\">\u00a0\u00a0\u00a0\u00a0\u00a0\u00a0\u00a0\u00a0\u00a0\u00a0\u00a0\u00a0\u00a0\u00a0 \u00a0 \u00a0 \u00a0 \u00a0 \u00a0 \u00a0 \u00a0 \u00a0 \u00a0 \u00a0 \u00a0 \u00a0 \u00a0 \u00a0 \u00a0 \u00a0 \u00a0 \u00a0 \u00a0 \u00a0 \u00a0 \u00a0 \u00a0 \u00a0 \u00a0 \u00a0 \u00a0 \u00a0 \u00a0 \u00a0 \u00a0 \u00a0 \u00a0 \u00a0 \u00a0 \u00a0 \u00a0 \u00a0 \u00a0 \u00a0 \u00a0 \u00a0 \u00a0 \u00a0 \u00a0 \u00a0 \u00a0 \u00a0 \u00a0 \u00a0 \u00a0 \u00a0 \u00a0 \u00a0 \u00a0 \u00a0 \u00a0 \u00a0 \u00a0 \u00a0 \u00a0 \u00a0 \u00a0 \u00a0 \u00a0 \u00a0 \u00a0 \u00a0 \u00a0 \u00a0 \u00a0 Sylvie FELIX<\/p>\n<p style=\"text-align: left\"><div id=\"su_slider_69f1d5c8dc974\" class=\"su-slider su-slider-centered su-slider-pages-no su-slider-responsive-yes\" style=\"width:100%\" data-autoplay=\"2500\" data-speed=\"1300\" data-mousewheel=\"false\"><div class=\"su-slider-slides\"><div class=\"su-slider-slide\"><a><img decoding=\"async\" src=\"https:\/\/etab.ac-reunion.fr\/clg-tamarins\/wp-content\/uploads\/sites\/56\/2017\/05\/20170411_091456.jpg\" alt=\"20170411_091456\" \/><\/a><\/div><div class=\"su-slider-slide\"><a><img decoding=\"async\" src=\"https:\/\/etab.ac-reunion.fr\/clg-tamarins\/wp-content\/uploads\/sites\/56\/2017\/05\/20170411_104249.jpg\" alt=\"20170411_104249\" \/><\/a><\/div><div class=\"su-slider-slide\"><a><img decoding=\"async\" src=\"https:\/\/etab.ac-reunion.fr\/clg-tamarins\/wp-content\/uploads\/sites\/56\/2017\/05\/20170411_111409.jpg\" alt=\"20170411_111409\" \/><\/a><\/div><div class=\"su-slider-slide\"><a><img decoding=\"async\" src=\"https:\/\/etab.ac-reunion.fr\/clg-tamarins\/wp-content\/uploads\/sites\/56\/2017\/05\/20170411_112013.jpg\" alt=\"20170411_112013\" \/><\/a><\/div><\/div><div class=\"su-slider-nav\"><div class=\"su-slider-direction\"><span class=\"su-slider-prev\"><\/span><span class=\"su-slider-next\"><\/span><\/div><div class=\"su-slider-pagination\"><\/div><\/div><\/div>\n","protected":false},"excerpt":{"rendered":"<p>Dans le cadre du parcours d\u2019\u00e9ducation artistique et culturel de l\u2019\u00e9l\u00e8ve, la compagnie des Contes Calumets \u00a0ont offert un joli spectacle aux \u00e9l\u00e8ves le mardi 11 avril 2017 intitul\u00e9 \u00ab\u00a0de l\u2019autre c\u00f4t\u00e9\u00a0\u00bb. Il s\u2019agissait de revisiter\u00a0 la th\u00e9matique du conte \u00e9tudi\u00e9 au cycle 3 par des histoires d\u2019ici et d\u2019ailleurs.\u2026<\/p>\n<p class=\"continue-reading-button\"> <a class=\"continue-reading-link\" href=\"https:\/\/etab.ac-reunion.fr\/clg-tamarins\/les-contes-les-contes-calumets-au-college\/\">Continuer \u00e0 lire<i class=\"crycon-right-dir\"><\/i><\/a><\/p>\n","protected":false},"author":13730,"featured_media":5843,"comment_status":"closed","ping_status":"closed","sticky":false,"template":"","format":"standard","meta":{"footnotes":""},"categories":[1],"tags":[],"class_list":["post-5837","post","type-post","status-publish","format-standard","has-post-thumbnail","hentry","category-non-classe"],"_links":{"self":[{"href":"https:\/\/etab.ac-reunion.fr\/clg-tamarins\/wp-json\/wp\/v2\/posts\/5837","targetHints":{"allow":["GET"]}}],"collection":[{"href":"https:\/\/etab.ac-reunion.fr\/clg-tamarins\/wp-json\/wp\/v2\/posts"}],"about":[{"href":"https:\/\/etab.ac-reunion.fr\/clg-tamarins\/wp-json\/wp\/v2\/types\/post"}],"author":[{"embeddable":true,"href":"https:\/\/etab.ac-reunion.fr\/clg-tamarins\/wp-json\/wp\/v2\/users\/13730"}],"replies":[{"embeddable":true,"href":"https:\/\/etab.ac-reunion.fr\/clg-tamarins\/wp-json\/wp\/v2\/comments?post=5837"}],"version-history":[{"count":5,"href":"https:\/\/etab.ac-reunion.fr\/clg-tamarins\/wp-json\/wp\/v2\/posts\/5837\/revisions"}],"predecessor-version":[{"id":5846,"href":"https:\/\/etab.ac-reunion.fr\/clg-tamarins\/wp-json\/wp\/v2\/posts\/5837\/revisions\/5846"}],"wp:featuredmedia":[{"embeddable":true,"href":"https:\/\/etab.ac-reunion.fr\/clg-tamarins\/wp-json\/wp\/v2\/media\/5843"}],"wp:attachment":[{"href":"https:\/\/etab.ac-reunion.fr\/clg-tamarins\/wp-json\/wp\/v2\/media?parent=5837"}],"wp:term":[{"taxonomy":"category","embeddable":true,"href":"https:\/\/etab.ac-reunion.fr\/clg-tamarins\/wp-json\/wp\/v2\/categories?post=5837"},{"taxonomy":"post_tag","embeddable":true,"href":"https:\/\/etab.ac-reunion.fr\/clg-tamarins\/wp-json\/wp\/v2\/tags?post=5837"}],"curies":[{"name":"wp","href":"https:\/\/api.w.org\/{rel}","templated":true}]}}