{"id":5847,"date":"2017-05-24T08:35:37","date_gmt":"2017-05-24T04:35:37","guid":{"rendered":"http:\/\/college-les-tamarins.ac-reunion.fr\/?p=5847"},"modified":"2017-05-24T08:35:37","modified_gmt":"2017-05-24T04:35:37","slug":"parcours-parcours-dexcellence-au-college","status":"publish","type":"post","link":"https:\/\/etab.ac-reunion.fr\/clg-tamarins\/parcours-parcours-dexcellence-au-college\/","title":{"rendered":"PARCOURS : Parcours d&rsquo;excellence au coll\u00e8ge"},"content":{"rendered":"<p>Ce nouveau dispositif permet \u00e0 un groupe de jeunes s\u00e9lectionn\u00e9s pour leur motivation d\u2019\u00eatre <strong>\u00ab\u00a0coatcher\u00a0\u00bb\u00a0<\/strong> vers une poursuite d&rsquo;\u00e9tudes ou une insertion professionnelle ambitieuse et r\u00e9ussie et en faire des citoyens investis. D\u00e8s la classe de troisi\u00e8me, il sera propos\u00e9 aux \u00e9l\u00e8ves des rencontres extra-scolaires, \u00a0des visites culturelles et un suivi individualis\u00e9 tout au long de leur scolarit\u00e9 au lyc\u00e9e, quelle que soit la fili\u00e8re choisie.<\/p>\n<p>C\u2019est ainsi qu\u2019une rencontre avec les parents a eu lieu le lundi 22 mai 2017 au coll\u00e8ge afin de leur pr\u00e9senter le projet et d\u2019officialiser leur engagement. A cette occasion, un polo, <strong>\u00ab\u00a0symbolisant l\u2019appartenance\u00a0\u00bb<\/strong> au groupe Parcours d\u2019excellence a \u00e9t\u00e9 distribu\u00e9 \u00e0 chaque \u00e9l\u00e8ve.<\/p>\n<p style=\"text-align: right\"><strong>EQUIPE ENCADRANTE<\/strong><\/p>\n<p style=\"text-align: left\">\n<p style=\"text-align: left\"><div id=\"su_slider_69f1d5ca2ed0c\" class=\"su-slider su-slider-centered su-slider-pages-no su-slider-responsive-yes\" style=\"width:100%\" data-autoplay=\"2500\" data-speed=\"1300\" data-mousewheel=\"false\"><div class=\"su-slider-slides\"><div class=\"su-slider-slide\"><a><img decoding=\"async\" src=\"https:\/\/etab.ac-reunion.fr\/clg-tamarins\/wp-content\/uploads\/sites\/56\/2017\/05\/20170522_171005.jpg\" alt=\"20170522_171005\" \/><\/a><\/div><div class=\"su-slider-slide\"><a><img decoding=\"async\" src=\"https:\/\/etab.ac-reunion.fr\/clg-tamarins\/wp-content\/uploads\/sites\/56\/2017\/05\/20170522_170720.jpg\" alt=\"20170522_170720\" \/><\/a><\/div><\/div><div class=\"su-slider-nav\"><div class=\"su-slider-direction\"><span class=\"su-slider-prev\"><\/span><span class=\"su-slider-next\"><\/span><\/div><div class=\"su-slider-pagination\"><\/div><\/div><\/div>\n","protected":false},"excerpt":{"rendered":"<p>Ce nouveau dispositif permet \u00e0 un groupe de jeunes s\u00e9lectionn\u00e9s pour leur motivation d\u2019\u00eatre \u00ab\u00a0coatcher\u00a0\u00bb\u00a0 vers une poursuite d&rsquo;\u00e9tudes ou une insertion professionnelle ambitieuse et r\u00e9ussie et en faire des citoyens investis. D\u00e8s la classe de troisi\u00e8me, il sera propos\u00e9 aux \u00e9l\u00e8ves des rencontres extra-scolaires, \u00a0des visites culturelles et un\u2026<\/p>\n<p class=\"continue-reading-button\"> <a class=\"continue-reading-link\" href=\"https:\/\/etab.ac-reunion.fr\/clg-tamarins\/parcours-parcours-dexcellence-au-college\/\">Continuer \u00e0 lire<i class=\"crycon-right-dir\"><\/i><\/a><\/p>\n","protected":false},"author":13730,"featured_media":5848,"comment_status":"closed","ping_status":"closed","sticky":false,"template":"","format":"standard","meta":{"footnotes":""},"categories":[1],"tags":[],"class_list":["post-5847","post","type-post","status-publish","format-standard","has-post-thumbnail","hentry","category-non-classe"],"_links":{"self":[{"href":"https:\/\/etab.ac-reunion.fr\/clg-tamarins\/wp-json\/wp\/v2\/posts\/5847","targetHints":{"allow":["GET"]}}],"collection":[{"href":"https:\/\/etab.ac-reunion.fr\/clg-tamarins\/wp-json\/wp\/v2\/posts"}],"about":[{"href":"https:\/\/etab.ac-reunion.fr\/clg-tamarins\/wp-json\/wp\/v2\/types\/post"}],"author":[{"embeddable":true,"href":"https:\/\/etab.ac-reunion.fr\/clg-tamarins\/wp-json\/wp\/v2\/users\/13730"}],"replies":[{"embeddable":true,"href":"https:\/\/etab.ac-reunion.fr\/clg-tamarins\/wp-json\/wp\/v2\/comments?post=5847"}],"version-history":[{"count":1,"href":"https:\/\/etab.ac-reunion.fr\/clg-tamarins\/wp-json\/wp\/v2\/posts\/5847\/revisions"}],"predecessor-version":[{"id":5850,"href":"https:\/\/etab.ac-reunion.fr\/clg-tamarins\/wp-json\/wp\/v2\/posts\/5847\/revisions\/5850"}],"wp:featuredmedia":[{"embeddable":true,"href":"https:\/\/etab.ac-reunion.fr\/clg-tamarins\/wp-json\/wp\/v2\/media\/5848"}],"wp:attachment":[{"href":"https:\/\/etab.ac-reunion.fr\/clg-tamarins\/wp-json\/wp\/v2\/media?parent=5847"}],"wp:term":[{"taxonomy":"category","embeddable":true,"href":"https:\/\/etab.ac-reunion.fr\/clg-tamarins\/wp-json\/wp\/v2\/categories?post=5847"},{"taxonomy":"post_tag","embeddable":true,"href":"https:\/\/etab.ac-reunion.fr\/clg-tamarins\/wp-json\/wp\/v2\/tags?post=5847"}],"curies":[{"name":"wp","href":"https:\/\/api.w.org\/{rel}","templated":true}]}}