{"id":5851,"date":"2017-05-24T09:26:06","date_gmt":"2017-05-24T05:26:06","guid":{"rendered":"http:\/\/college-les-tamarins.ac-reunion.fr\/?p=5851"},"modified":"2018-04-05T10:16:18","modified_gmt":"2018-04-05T06:16:18","slug":"presse-la-semaine-de-la-presse","status":"publish","type":"post","link":"https:\/\/etab.ac-reunion.fr\/clg-tamarins\/presse-la-semaine-de-la-presse\/","title":{"rendered":"PRESSE : La semaine de la presse"},"content":{"rendered":"<p>Cette ann\u00e9e encore, nos \u00e9l\u00e8ves se sont investis dans l\u2019analyse des journaux distribu\u00e9s pour l\u2019occasion. En classe enti\u00e8re, les classes de 6\u00e8mes ont d\u00e9couvert la diversit\u00e9 de la presse \u00e9crite au CDI, alors que quelques \u00e9l\u00e8ves volontaires\u00a0 de 4\u00e8mes ont r\u00e9alis\u00e9 quotidiennement une revue de presse \u00e0 partir des deux principaux journaux locaux gracieusement offerts tout au long de la semaine. Par ailleurs, un kiosque \u00e0 journaux a \u00e9t\u00e9 cr\u00e9e pour l\u2019occasion gr\u00e2ce au colis presse du CANOPE.<\/p>\n<p style=\"text-align: right\">\u00a0\u00a0\u00a0\u00a0\u00a0\u00a0\u00a0\u00a0\u00a0\u00a0\u00a0\u00a0\u00a0\u00a0\u00a0\u00a0\u00a0\u00a0\u00a0\u00a0\u00a0\u00a0\u00a0\u00a0\u00a0\u00a0\u00a0\u00a0\u00a0\u00a0\u00a0\u00a0\u00a0\u00a0\u00a0\u00a0\u00a0\u00a0\u00a0\u00a0\u00a0\u00a0\u00a0\u00a0\u00a0\u00a0\u00a0\u00a0\u00a0\u00a0\u00a0\u00a0\u00a0\u00a0\u00a0\u00a0\u00a0\u00a0\u00a0\u00a0\u00a0\u00a0\u00a0\u00a0\u00a0\u00a0\u00a0\u00a0\u00a0\u00a0\u00a0\u00a0\u00a0\u00a0\u00a0\u00a0\u00a0\u00a0\u00a0\u00a0\u00a0\u00a0\u00a0\u00a0\u00a0\u00a0\u00a0\u00a0\u00a0\u00a0\u00a0\u00a0\u00a0\u00a0\u00a0\u00a0\u00a0\u00a0\u00a0\u00a0\u00a0\u00a0\u00a0\u00a0\u00a0\u00a0\u00a0\u00a0\u00a0\u00a0\u00a0\u00a0\u00a0\u00a0\u00a0\u00a0\u00a0\u00a0\u00a0\u00a0\u00a0\u00a0\u00a0\u00a0\u00a0\u00a0\u00a0\u00a0\u00a0\u00a0\u00a0\u00a0\u00a0\u00a0\u00a0\u00a0\u00a0\u00a0\u00a0\u00a0 Mme ETHEVE, Mme FELIX<\/p>\n<p style=\"text-align: left\"><div id=\"su_slider_69f1d5f663a4b\" class=\"su-slider su-slider-centered su-slider-pages-no su-slider-responsive-yes\" style=\"width:100%\" data-autoplay=\"2500\" data-speed=\"1300\" data-mousewheel=\"false\"><div class=\"su-slider-slides\"><div class=\"su-slider-slide\"><a><img decoding=\"async\" src=\"https:\/\/etab.ac-reunion.fr\/clg-tamarins\/wp-content\/uploads\/sites\/56\/2017\/05\/Une-documentaliste-active.jpg\" alt=\"SAMSUNG CAMERA PICTURES\" \/><\/a><\/div><div class=\"su-slider-slide\"><a><img decoding=\"async\" src=\"https:\/\/etab.ac-reunion.fr\/clg-tamarins\/wp-content\/uploads\/sites\/56\/2017\/05\/on-cherche....on-organise.jpg\" alt=\"SAMSUNG CAMERA PICTURES\" \/><\/a><\/div><div class=\"su-slider-slide\"><a><img decoding=\"async\" src=\"https:\/\/etab.ac-reunion.fr\/clg-tamarins\/wp-content\/uploads\/sites\/56\/2017\/05\/on-discute.jpg\" alt=\"SAMSUNG CAMERA PICTURES\" \/><\/a><\/div><div class=\"su-slider-slide\"><a><img decoding=\"async\" src=\"https:\/\/etab.ac-reunion.fr\/clg-tamarins\/wp-content\/uploads\/sites\/56\/2017\/05\/questionnaire-\u00e0-compl\u00e9ter.jpg\" alt=\"SAMSUNG CAMERA PICTURES\" \/><\/a><\/div><\/div><div class=\"su-slider-nav\"><div class=\"su-slider-direction\"><span class=\"su-slider-prev\"><\/span><span class=\"su-slider-next\"><\/span><\/div><div class=\"su-slider-pagination\"><\/div><\/div><\/div>\n","protected":false},"excerpt":{"rendered":"<p>Cette ann\u00e9e encore, nos \u00e9l\u00e8ves se sont investis dans l\u2019analyse des journaux distribu\u00e9s pour l\u2019occasion. En classe enti\u00e8re, les classes de 6\u00e8mes ont d\u00e9couvert la diversit\u00e9 de la presse \u00e9crite au CDI, alors que quelques \u00e9l\u00e8ves volontaires\u00a0 de 4\u00e8mes ont r\u00e9alis\u00e9 quotidiennement une revue de presse \u00e0 partir des deux\u2026<\/p>\n<p class=\"continue-reading-button\"> <a class=\"continue-reading-link\" href=\"https:\/\/etab.ac-reunion.fr\/clg-tamarins\/presse-la-semaine-de-la-presse\/\">Continuer \u00e0 lire<i class=\"crycon-right-dir\"><\/i><\/a><\/p>\n","protected":false},"author":13730,"featured_media":5854,"comment_status":"closed","ping_status":"closed","sticky":false,"template":"","format":"standard","meta":{"footnotes":""},"categories":[1,44],"tags":[],"class_list":["post-5851","post","type-post","status-publish","format-standard","has-post-thumbnail","hentry","category-non-classe","category-projets-activites"],"_links":{"self":[{"href":"https:\/\/etab.ac-reunion.fr\/clg-tamarins\/wp-json\/wp\/v2\/posts\/5851","targetHints":{"allow":["GET"]}}],"collection":[{"href":"https:\/\/etab.ac-reunion.fr\/clg-tamarins\/wp-json\/wp\/v2\/posts"}],"about":[{"href":"https:\/\/etab.ac-reunion.fr\/clg-tamarins\/wp-json\/wp\/v2\/types\/post"}],"author":[{"embeddable":true,"href":"https:\/\/etab.ac-reunion.fr\/clg-tamarins\/wp-json\/wp\/v2\/users\/13730"}],"replies":[{"embeddable":true,"href":"https:\/\/etab.ac-reunion.fr\/clg-tamarins\/wp-json\/wp\/v2\/comments?post=5851"}],"version-history":[{"count":1,"href":"https:\/\/etab.ac-reunion.fr\/clg-tamarins\/wp-json\/wp\/v2\/posts\/5851\/revisions"}],"predecessor-version":[{"id":5856,"href":"https:\/\/etab.ac-reunion.fr\/clg-tamarins\/wp-json\/wp\/v2\/posts\/5851\/revisions\/5856"}],"wp:featuredmedia":[{"embeddable":true,"href":"https:\/\/etab.ac-reunion.fr\/clg-tamarins\/wp-json\/wp\/v2\/media\/5854"}],"wp:attachment":[{"href":"https:\/\/etab.ac-reunion.fr\/clg-tamarins\/wp-json\/wp\/v2\/media?parent=5851"}],"wp:term":[{"taxonomy":"category","embeddable":true,"href":"https:\/\/etab.ac-reunion.fr\/clg-tamarins\/wp-json\/wp\/v2\/categories?post=5851"},{"taxonomy":"post_tag","embeddable":true,"href":"https:\/\/etab.ac-reunion.fr\/clg-tamarins\/wp-json\/wp\/v2\/tags?post=5851"}],"curies":[{"name":"wp","href":"https:\/\/api.w.org\/{rel}","templated":true}]}}