{"id":5871,"date":"2017-06-08T12:17:43","date_gmt":"2017-06-08T08:17:43","guid":{"rendered":"http:\/\/college-les-tamarins.ac-reunion.fr\/?p=5871"},"modified":"2017-06-08T13:11:08","modified_gmt":"2017-06-08T09:11:08","slug":"viste-de-m-tobeli-et-m-planque","status":"publish","type":"post","link":"https:\/\/etab.ac-reunion.fr\/clg-tamarins\/viste-de-m-tobeli-et-m-planque\/","title":{"rendered":"Visite de M. TOBELI et M. PLANQUE"},"content":{"rendered":"<div><span style=\"font-size: 12pt\">La visite de Constant PLANQUE et de G\u00e9rard TOBELI et d&rsquo;un militaire \u00e0 la retraite (ayant particip\u00e9 aux OPEX), au coll\u00e8ge afin de pr\u00e9senter aux \u00e9l\u00e8ves la vie dans les camps pendant la 2nde Guerre mondiale et les diff\u00e9rentes op\u00e9rations d&rsquo;un engag\u00e9 notamment \u00e0 l&rsquo;\u00e9tranger.<\/span><\/div>\n<div><span style=\"font-size: 12pt\">Merci \u00e0 Mme FELIX de nous avoir accueillis au CDI et aux intervenants.<\/span><\/div>\n<div style=\"text-align: right\"><span style=\"font-size: 12pt\"><br \/>\nLes \u00e9l\u00e8ves de 3\u00e8me BANIAN et FLAMBOYANT ; les professeurs Mmes ETHEVE et DAMI.<\/span><\/div>\n<div style=\"text-align: right\"><\/div>\n<div style=\"text-align: right\"><\/div>\n<div style=\"text-align: right\"><\/div>\n<div style=\"text-align: left\"><div id=\"su_slider_69f1d5bf576a3\" class=\"su-slider su-slider-centered su-slider-pages-no su-slider-responsive-yes\" style=\"width:100%\" data-autoplay=\"2500\" data-speed=\"1300\" data-mousewheel=\"false\"><div class=\"su-slider-slides\"><div class=\"su-slider-slide\"><a><img decoding=\"async\" src=\"https:\/\/etab.ac-reunion.fr\/clg-tamarins\/wp-content\/uploads\/sites\/56\/2017\/06\/IMG_1072.jpg\" alt=\"IMG_1072\" \/><\/a><\/div><div class=\"su-slider-slide\"><a><img decoding=\"async\" src=\"https:\/\/etab.ac-reunion.fr\/clg-tamarins\/wp-content\/uploads\/sites\/56\/2017\/06\/IMG_1069.jpg\" alt=\"IMG_1069\" \/><\/a><\/div><div class=\"su-slider-slide\"><a><img decoding=\"async\" src=\"https:\/\/etab.ac-reunion.fr\/clg-tamarins\/wp-content\/uploads\/sites\/56\/2017\/06\/IMG_1063.jpg\" alt=\"IMG_1063\" \/><\/a><\/div><div class=\"su-slider-slide\"><a><img decoding=\"async\" src=\"https:\/\/etab.ac-reunion.fr\/clg-tamarins\/wp-content\/uploads\/sites\/56\/2017\/06\/IMG_1065.jpg\" alt=\"IMG_1065\" \/><\/a><\/div><\/div><div class=\"su-slider-nav\"><div class=\"su-slider-direction\"><span class=\"su-slider-prev\"><\/span><span class=\"su-slider-next\"><\/span><\/div><div class=\"su-slider-pagination\"><\/div><\/div><\/div><\/div>\n","protected":false},"excerpt":{"rendered":"<p>La visite de Constant PLANQUE et de G\u00e9rard TOBELI et d&rsquo;un militaire \u00e0 la retraite (ayant particip\u00e9 aux OPEX), au coll\u00e8ge afin de pr\u00e9senter aux \u00e9l\u00e8ves la vie dans les camps pendant la 2nde Guerre mondiale et les diff\u00e9rentes op\u00e9rations d&rsquo;un engag\u00e9 notamment \u00e0 l&rsquo;\u00e9tranger. Merci \u00e0 Mme FELIX de\u2026<\/p>\n<p class=\"continue-reading-button\"> <a class=\"continue-reading-link\" href=\"https:\/\/etab.ac-reunion.fr\/clg-tamarins\/viste-de-m-tobeli-et-m-planque\/\">Continuer \u00e0 lire<i class=\"crycon-right-dir\"><\/i><\/a><\/p>\n","protected":false},"author":13730,"featured_media":5902,"comment_status":"closed","ping_status":"closed","sticky":false,"template":"","format":"standard","meta":{"footnotes":""},"categories":[1],"tags":[],"class_list":["post-5871","post","type-post","status-publish","format-standard","has-post-thumbnail","hentry","category-non-classe"],"_links":{"self":[{"href":"https:\/\/etab.ac-reunion.fr\/clg-tamarins\/wp-json\/wp\/v2\/posts\/5871","targetHints":{"allow":["GET"]}}],"collection":[{"href":"https:\/\/etab.ac-reunion.fr\/clg-tamarins\/wp-json\/wp\/v2\/posts"}],"about":[{"href":"https:\/\/etab.ac-reunion.fr\/clg-tamarins\/wp-json\/wp\/v2\/types\/post"}],"author":[{"embeddable":true,"href":"https:\/\/etab.ac-reunion.fr\/clg-tamarins\/wp-json\/wp\/v2\/users\/13730"}],"replies":[{"embeddable":true,"href":"https:\/\/etab.ac-reunion.fr\/clg-tamarins\/wp-json\/wp\/v2\/comments?post=5871"}],"version-history":[{"count":9,"href":"https:\/\/etab.ac-reunion.fr\/clg-tamarins\/wp-json\/wp\/v2\/posts\/5871\/revisions"}],"predecessor-version":[{"id":5909,"href":"https:\/\/etab.ac-reunion.fr\/clg-tamarins\/wp-json\/wp\/v2\/posts\/5871\/revisions\/5909"}],"wp:featuredmedia":[{"embeddable":true,"href":"https:\/\/etab.ac-reunion.fr\/clg-tamarins\/wp-json\/wp\/v2\/media\/5902"}],"wp:attachment":[{"href":"https:\/\/etab.ac-reunion.fr\/clg-tamarins\/wp-json\/wp\/v2\/media?parent=5871"}],"wp:term":[{"taxonomy":"category","embeddable":true,"href":"https:\/\/etab.ac-reunion.fr\/clg-tamarins\/wp-json\/wp\/v2\/categories?post=5871"},{"taxonomy":"post_tag","embeddable":true,"href":"https:\/\/etab.ac-reunion.fr\/clg-tamarins\/wp-json\/wp\/v2\/tags?post=5871"}],"curies":[{"name":"wp","href":"https:\/\/api.w.org\/{rel}","templated":true}]}}