{"id":5882,"date":"2017-06-08T12:46:20","date_gmt":"2017-06-08T08:46:20","guid":{"rendered":"http:\/\/college-les-tamarins.ac-reunion.fr\/?p=5882"},"modified":"2018-04-05T10:13:30","modified_gmt":"2018-04-05T06:13:30","slug":"projet-jardin-lontan","status":"publish","type":"post","link":"https:\/\/etab.ac-reunion.fr\/clg-tamarins\/projet-jardin-lontan\/","title":{"rendered":"PROJET : Jardin Lontan"},"content":{"rendered":"<p>La r\u00e9alisation de jardini\u00e8res carr\u00e9es par les \u00e9l\u00e8ves d&rsquo;ULIS et de la 6\u00e8me CANNELLE, supervis\u00e9e par Mme FONTAINE (intervenante du conservatoire des Mascarins) puis la plantation d&rsquo;ar\u00f4mates et tubercules \u00ab\u00a0lontans\u00a0\u00bb.<\/p>\n<p>Les \u00e9l\u00e8ves, accompagn\u00e9s des professeurs, Mmes EL KHALDOUNI, DAMI et de QUENTIN, sont all\u00e9s\u200b\u00a0\u200b \u00e0 Saint Leu au jardin botanique des Mascarins.<\/p>\n<div id=\"su_slider_69f1d5f082c67\" class=\"su-slider su-slider-centered su-slider-pages-no su-slider-responsive-yes\" style=\"width:100%\" data-autoplay=\"2500\" data-speed=\"1300\" data-mousewheel=\"false\"><div class=\"su-slider-slides\"><div class=\"su-slider-slide\"><a><img decoding=\"async\" src=\"https:\/\/etab.ac-reunion.fr\/clg-tamarins\/wp-content\/uploads\/sites\/56\/2017\/06\/IMG_1177.jpg\" alt=\"IMG_1177\" \/><\/a><\/div><div class=\"su-slider-slide\"><a><img decoding=\"async\" src=\"https:\/\/etab.ac-reunion.fr\/clg-tamarins\/wp-content\/uploads\/sites\/56\/2017\/06\/IMG_1173.jpg\" alt=\"IMG_1173\" \/><\/a><\/div><div class=\"su-slider-slide\"><a><img decoding=\"async\" src=\"https:\/\/etab.ac-reunion.fr\/clg-tamarins\/wp-content\/uploads\/sites\/56\/2017\/06\/IMG_1165.jpg\" alt=\"IMG_1165\" \/><\/a><\/div><div class=\"su-slider-slide\"><a><img decoding=\"async\" src=\"https:\/\/etab.ac-reunion.fr\/clg-tamarins\/wp-content\/uploads\/sites\/56\/2017\/06\/IMG_1159.jpg\" alt=\"IMG_1159\" \/><\/a><\/div><div class=\"su-slider-slide\"><a><img decoding=\"async\" src=\"https:\/\/etab.ac-reunion.fr\/clg-tamarins\/wp-content\/uploads\/sites\/56\/2017\/06\/IMG_1146.jpg\" alt=\"IMG_1146\" \/><\/a><\/div><div class=\"su-slider-slide\"><a><img decoding=\"async\" src=\"https:\/\/etab.ac-reunion.fr\/clg-tamarins\/wp-content\/uploads\/sites\/56\/2017\/06\/IMG_1133.jpg\" alt=\"IMG_1133\" \/><\/a><\/div><div class=\"su-slider-slide\"><a><img decoding=\"async\" src=\"https:\/\/etab.ac-reunion.fr\/clg-tamarins\/wp-content\/uploads\/sites\/56\/2017\/06\/IMG_1119.jpg\" alt=\"IMG_1119\" \/><\/a><\/div><div class=\"su-slider-slide\"><a><img decoding=\"async\" src=\"https:\/\/etab.ac-reunion.fr\/clg-tamarins\/wp-content\/uploads\/sites\/56\/2017\/06\/IMG_1115.jpg\" alt=\"IMG_1115\" \/><\/a><\/div><div class=\"su-slider-slide\"><a><img decoding=\"async\" src=\"https:\/\/etab.ac-reunion.fr\/clg-tamarins\/wp-content\/uploads\/sites\/56\/2017\/06\/IMG_1114.jpg\" alt=\"IMG_1114\" \/><\/a><\/div><div class=\"su-slider-slide\"><a><img decoding=\"async\" src=\"https:\/\/etab.ac-reunion.fr\/clg-tamarins\/wp-content\/uploads\/sites\/56\/2017\/06\/IMG_1095.jpg\" alt=\"IMG_1095\" \/><\/a><\/div><div class=\"su-slider-slide\"><a><img decoding=\"async\" src=\"https:\/\/etab.ac-reunion.fr\/clg-tamarins\/wp-content\/uploads\/sites\/56\/2017\/06\/IMG_1102-1.jpg\" alt=\"IMG_1102\" \/><\/a><\/div><div class=\"su-slider-slide\"><a><img decoding=\"async\" src=\"https:\/\/etab.ac-reunion.fr\/clg-tamarins\/wp-content\/uploads\/sites\/56\/2017\/06\/IMG_1089.jpg\" alt=\"IMG_1089\" \/><\/a><\/div><\/div><div class=\"su-slider-nav\"><div class=\"su-slider-direction\"><span class=\"su-slider-prev\"><\/span><span class=\"su-slider-next\"><\/span><\/div><div class=\"su-slider-pagination\"><\/div><\/div><\/div>\n<p>&nbsp;<\/p>\n<p>&nbsp;<\/p>\n<p>&nbsp;<\/p>\n","protected":false},"excerpt":{"rendered":"<p>La r\u00e9alisation de jardini\u00e8res carr\u00e9es par les \u00e9l\u00e8ves d&rsquo;ULIS et de la 6\u00e8me CANNELLE, supervis\u00e9e par Mme FONTAINE (intervenante du conservatoire des Mascarins) puis la plantation d&rsquo;ar\u00f4mates et tubercules \u00ab\u00a0lontans\u00a0\u00bb. Les \u00e9l\u00e8ves, accompagn\u00e9s des professeurs, Mmes EL KHALDOUNI, DAMI et de QUENTIN, sont all\u00e9s\u200b\u00a0\u200b \u00e0 Saint Leu au jardin botanique\u2026<\/p>\n<p class=\"continue-reading-button\"> <a class=\"continue-reading-link\" href=\"https:\/\/etab.ac-reunion.fr\/clg-tamarins\/projet-jardin-lontan\/\">Continuer \u00e0 lire<i class=\"crycon-right-dir\"><\/i><\/a><\/p>\n","protected":false},"author":13730,"featured_media":5889,"comment_status":"closed","ping_status":"closed","sticky":false,"template":"","format":"standard","meta":{"footnotes":""},"categories":[1,44],"tags":[],"class_list":["post-5882","post","type-post","status-publish","format-standard","has-post-thumbnail","hentry","category-non-classe","category-projets-activites"],"_links":{"self":[{"href":"https:\/\/etab.ac-reunion.fr\/clg-tamarins\/wp-json\/wp\/v2\/posts\/5882","targetHints":{"allow":["GET"]}}],"collection":[{"href":"https:\/\/etab.ac-reunion.fr\/clg-tamarins\/wp-json\/wp\/v2\/posts"}],"about":[{"href":"https:\/\/etab.ac-reunion.fr\/clg-tamarins\/wp-json\/wp\/v2\/types\/post"}],"author":[{"embeddable":true,"href":"https:\/\/etab.ac-reunion.fr\/clg-tamarins\/wp-json\/wp\/v2\/users\/13730"}],"replies":[{"embeddable":true,"href":"https:\/\/etab.ac-reunion.fr\/clg-tamarins\/wp-json\/wp\/v2\/comments?post=5882"}],"version-history":[{"count":2,"href":"https:\/\/etab.ac-reunion.fr\/clg-tamarins\/wp-json\/wp\/v2\/posts\/5882\/revisions"}],"predecessor-version":[{"id":5897,"href":"https:\/\/etab.ac-reunion.fr\/clg-tamarins\/wp-json\/wp\/v2\/posts\/5882\/revisions\/5897"}],"wp:featuredmedia":[{"embeddable":true,"href":"https:\/\/etab.ac-reunion.fr\/clg-tamarins\/wp-json\/wp\/v2\/media\/5889"}],"wp:attachment":[{"href":"https:\/\/etab.ac-reunion.fr\/clg-tamarins\/wp-json\/wp\/v2\/media?parent=5882"}],"wp:term":[{"taxonomy":"category","embeddable":true,"href":"https:\/\/etab.ac-reunion.fr\/clg-tamarins\/wp-json\/wp\/v2\/categories?post=5882"},{"taxonomy":"post_tag","embeddable":true,"href":"https:\/\/etab.ac-reunion.fr\/clg-tamarins\/wp-json\/wp\/v2\/tags?post=5882"}],"curies":[{"name":"wp","href":"https:\/\/api.w.org\/{rel}","templated":true}]}}