{"id":5921,"date":"2017-06-12T16:00:12","date_gmt":"2017-06-12T12:00:12","guid":{"rendered":"http:\/\/college-les-tamarins.ac-reunion.fr\/?p=5921"},"modified":"2017-06-12T16:01:30","modified_gmt":"2017-06-12T12:01:30","slug":"exposition-exposition-sur-limpressionnisme","status":"publish","type":"post","link":"https:\/\/etab.ac-reunion.fr\/clg-tamarins\/exposition-exposition-sur-limpressionnisme\/","title":{"rendered":"EXPOSITION : Exposition sur l&rsquo;impressionnisme"},"content":{"rendered":"<p>Dans le cadre de notre parcours culturel et pour illustrer nos cours d\u2019histoire nous avons \u00e9t\u00e9 convi\u00e9s le 10 F\u00e9vrier \u00e0 une exposition sur l\u2019impressionnisme\u00a0 \u00ab\u00a0de Manet \u00e0 Picasso\u00a0\u00bb qui se d\u00e9roulait au Mus\u00e9e L\u00e9on Dierx \u00e0 St Denis.<\/p>\n<p>Avant d\u2019y arriver, le chantier pharaonique de la nouvelle route du Littoral a attir\u00e9 notre attention (grues gigantesques, t\u00e9trapodes en grand nombre et la \u00ab\u00a0Zourite\u00a0\u00bb (m\u00e9ga-barge).<\/p>\n<p>Une fois au mus\u00e9e un questionnaire ludique et instructif nous a \u00e9t\u00e9 remis&#8230;Par groupe, nous voil\u00e0 \u00e0 la recherche d\u2019indices pour finaliser notre travail (professeurs et accompagnateurs nous ont bien aid\u00e9s).<\/p>\n<p>La pause d\u00e9jeuner (sur l\u2019herbe\u2026.comme Monet) dans l\u2019ancien jardin du Roi (le jardin de l\u2019\u00c9tat) termin\u00e9e&#8230;nous voil\u00e0 repartis, et m\u00eame pas peur\u00a0: requins et animaux exotiques nous ont \u00e9t\u00e9 pr\u00e9sent\u00e9s au Mus\u00e9e d\u2019Histoire Naturelle.<\/p>\n<p>Une journ\u00e9e bien remplie, dans la \u00ab\u00a0capitale\u00a0\u00bb et nos t\u00eates pleines de d\u00e9couvertes.<\/p>\n<p style=\"text-align: right\">Olivier (4\u00b0Hortensia) Romain (4\u00b0 hibiscus) et Mme ETHEVE<\/p>\n<p style=\"text-align: left\"><div id=\"su_slider_69f1d5f1e4390\" class=\"su-slider su-slider-centered su-slider-pages-no su-slider-responsive-yes\" style=\"width:100%\" data-autoplay=\"2500\" data-speed=\"1300\" data-mousewheel=\"false\"><div class=\"su-slider-slides\"><div class=\"su-slider-slide\"><a><img decoding=\"async\" src=\"https:\/\/etab.ac-reunion.fr\/clg-tamarins\/wp-content\/uploads\/sites\/56\/2017\/06\/voussoir-pile-et-m\u00e9ga-barge-zourite.jpg\" alt=\"voussoir pile et m\u00e9ga barge zourite\" \/><\/a><\/div><div class=\"su-slider-slide\"><a><img decoding=\"async\" src=\"https:\/\/etab.ac-reunion.fr\/clg-tamarins\/wp-content\/uploads\/sites\/56\/2017\/06\/vollard...tu-connais.jpg\" alt=\"vollard&#8230;tu connais\" \/><\/a><\/div><div class=\"su-slider-slide\"><a><img decoding=\"async\" src=\"https:\/\/etab.ac-reunion.fr\/clg-tamarins\/wp-content\/uploads\/sites\/56\/2017\/06\/pause-d\u00e9jeuner-\u00e0-la-fa\u00e7on-Monet.jpg\" alt=\"pause d\u00e9jeuner \u00e0 la fa\u00e7on Monet\" \/><\/a><\/div><div class=\"su-slider-slide\"><a><img decoding=\"async\" src=\"https:\/\/etab.ac-reunion.fr\/clg-tamarins\/wp-content\/uploads\/sites\/56\/2017\/06\/m\u00eame-pas-peur.jpg\" alt=\"m\u00eame pas peur\" \/><\/a><\/div><div class=\"su-slider-slide\"><a><img decoding=\"async\" src=\"https:\/\/etab.ac-reunion.fr\/clg-tamarins\/wp-content\/uploads\/sites\/56\/2017\/06\/Imran-et-la-grosse-b\u00eate.jpg\" alt=\"Imran et la grosse b\u00eate\" \/><\/a><\/div><div class=\"su-slider-slide\"><a><img decoding=\"async\" src=\"https:\/\/etab.ac-reunion.fr\/clg-tamarins\/wp-content\/uploads\/sites\/56\/2017\/06\/du-Renoir....jpg\" alt=\"du Renoir&#8230;\" \/><\/a><\/div><div class=\"su-slider-slide\"><a><img decoding=\"async\" src=\"https:\/\/etab.ac-reunion.fr\/clg-tamarins\/wp-content\/uploads\/sites\/56\/2017\/06\/des-engins-et-des-t\u00e9trpodes.jpg\" alt=\"des engins et des t\u00e9trpodes\" \/><\/a><\/div><\/div><div class=\"su-slider-nav\"><div class=\"su-slider-direction\"><span class=\"su-slider-prev\"><\/span><span class=\"su-slider-next\"><\/span><\/div><div class=\"su-slider-pagination\"><\/div><\/div><\/div>\n","protected":false},"excerpt":{"rendered":"<p>Dans le cadre de notre parcours culturel et pour illustrer nos cours d\u2019histoire nous avons \u00e9t\u00e9 convi\u00e9s le 10 F\u00e9vrier \u00e0 une exposition sur l\u2019impressionnisme\u00a0 \u00ab\u00a0de Manet \u00e0 Picasso\u00a0\u00bb qui se d\u00e9roulait au Mus\u00e9e L\u00e9on Dierx \u00e0 St Denis. Avant d\u2019y arriver, le chantier pharaonique de la nouvelle route du\u2026<\/p>\n<p class=\"continue-reading-button\"> <a class=\"continue-reading-link\" href=\"https:\/\/etab.ac-reunion.fr\/clg-tamarins\/exposition-exposition-sur-limpressionnisme\/\">Continuer \u00e0 lire<i class=\"crycon-right-dir\"><\/i><\/a><\/p>\n","protected":false},"author":13730,"featured_media":5926,"comment_status":"closed","ping_status":"closed","sticky":false,"template":"","format":"standard","meta":{"footnotes":""},"categories":[1],"tags":[],"class_list":["post-5921","post","type-post","status-publish","format-standard","has-post-thumbnail","hentry","category-non-classe"],"_links":{"self":[{"href":"https:\/\/etab.ac-reunion.fr\/clg-tamarins\/wp-json\/wp\/v2\/posts\/5921","targetHints":{"allow":["GET"]}}],"collection":[{"href":"https:\/\/etab.ac-reunion.fr\/clg-tamarins\/wp-json\/wp\/v2\/posts"}],"about":[{"href":"https:\/\/etab.ac-reunion.fr\/clg-tamarins\/wp-json\/wp\/v2\/types\/post"}],"author":[{"embeddable":true,"href":"https:\/\/etab.ac-reunion.fr\/clg-tamarins\/wp-json\/wp\/v2\/users\/13730"}],"replies":[{"embeddable":true,"href":"https:\/\/etab.ac-reunion.fr\/clg-tamarins\/wp-json\/wp\/v2\/comments?post=5921"}],"version-history":[{"count":2,"href":"https:\/\/etab.ac-reunion.fr\/clg-tamarins\/wp-json\/wp\/v2\/posts\/5921\/revisions"}],"predecessor-version":[{"id":5930,"href":"https:\/\/etab.ac-reunion.fr\/clg-tamarins\/wp-json\/wp\/v2\/posts\/5921\/revisions\/5930"}],"wp:featuredmedia":[{"embeddable":true,"href":"https:\/\/etab.ac-reunion.fr\/clg-tamarins\/wp-json\/wp\/v2\/media\/5926"}],"wp:attachment":[{"href":"https:\/\/etab.ac-reunion.fr\/clg-tamarins\/wp-json\/wp\/v2\/media?parent=5921"}],"wp:term":[{"taxonomy":"category","embeddable":true,"href":"https:\/\/etab.ac-reunion.fr\/clg-tamarins\/wp-json\/wp\/v2\/categories?post=5921"},{"taxonomy":"post_tag","embeddable":true,"href":"https:\/\/etab.ac-reunion.fr\/clg-tamarins\/wp-json\/wp\/v2\/tags?post=5921"}],"curies":[{"name":"wp","href":"https:\/\/api.w.org\/{rel}","templated":true}]}}